{"id":434130,"date":"2025-10-02T16:57:12","date_gmt":"2025-10-02T16:57:12","guid":{"rendered":"https:\/\/www.europesays.com\/fr\/434130\/"},"modified":"2025-10-02T16:57:12","modified_gmt":"2025-10-02T16:57:12","slug":"ce-magasin-bio-historique-de-rouen-fait-entrer-ses-clients-au-capital-pour-eviter-la-faillite","status":"publish","type":"post","link":"https:\/\/www.europesays.com\/fr\/434130\/","title":{"rendered":"Ce magasin bio historique de Rouen fait entrer ses clients au capital pour \u00e9viter la faillite"},"content":{"rendered":"<p>Biomonde Rouen Bio, la plus ancienne enseigne bio ind\u00e9pendante de la m\u00e9tropole \u00e0 Grand-Quevilly, a lanc\u00e9 une campagne d&rsquo;adh\u00e9sion pour se constituer en soci\u00e9t\u00e9 coop\u00e9rative. D\u00e9j\u00e0 50.000 euros ont \u00e9t\u00e9 investis, il en manque 18.000, avant un rendez-vous au tribunal de commerce ce mardi 7 octobre. <\/p>\n<p>\u00ab\u00a0C&rsquo;est l&rsquo;entreprise de demain\u00a0\u00bb, s&rsquo;enthousiasme Luis Costea, l&rsquo;actuel g\u00e9rant de Biomonde Rouen Bio. Ce magasin fond\u00e9 il y a pr\u00e8s de 30 ans \u00e0 Grand-Quevilly et qu&rsquo;il a rachet\u00e9 en avril 2022 est redressement judiciaire. Pour sauver l&rsquo;enseigne, il a d\u00e9cid\u00e9 de la transformer en Soci\u00e9t\u00e9 coop\u00e9rative d&rsquo;int\u00e9r\u00eats collectifs (Scic), appelant clients et fournisseurs \u00e0 prendre des parts du capital. D\u00e9j\u00e0 80 acqu\u00e9reurs ont r\u00e9pondu pr\u00e9sents, il en recherche encore une dizaine pour solidifier le projet.<\/p>\n<p>Les magasins bio n&rsquo;\u00e9chappent pas aux difficult\u00e9s du commerce et de la baisse g\u00e9n\u00e9rale du pouvoir d&rsquo;achat des Fran\u00e7ais. \u00ab\u00a0Depuis 2022, un magasin bio sur cinq a ferm\u00e9, rappelle Luis Costea. C&rsquo;est plus de 800 partout en France\u00a0\u00bb. Quand il a rachet\u00e9 le magasin au printemps 2022 avec sa compagne, il pensait \u00ab\u00a0qu&rsquo;une institution comme celle-ci survivrait\u00a0\u00bb, mais <strong>la tr\u00e9sorerie a continu\u00e9 de fondre comme neige au soleil.<\/strong><\/p>\n<p>Redonner un souffle au magasin<\/p>\n<p>En octobre 2024, il se rend au tribunal de commerce de Rouen pour demander un placement en redressement judiciaire. Depuis, Luis Costea pense avoir trouv\u00e9 la solution\u00a0: transformer l&rsquo;entreprise en Soci\u00e9t\u00e9 coop\u00e9rative d&rsquo;int\u00e9r\u00eats collectifs (Scic) ;\u00a0 une soci\u00e9t\u00e9 ayant pour objet la production ou la fourniture de biens et de services d\u2019int\u00e9r\u00eat collectif, qui pr\u00e9sente un caract\u00e8re d\u2019utilit\u00e9 sociale, contrairement \u00e0 d&rsquo;autres types de coop\u00e9ratives, <strong>elle pourra accueillir des clients ext\u00e9rieurs.<\/strong><\/p>\n<p>\u00ab\u00a0C&rsquo;est la meilleure solution selon nous, explique Luis Costea. Elle permet aux clients, mais aussi aux fournisseurs et m\u00eame aux collectivit\u00e9s locales de prendre des parts au capital. Tous les soci\u00e9taires ont une voix \u00e9gale dans les d\u00e9cisions, ce sont eux qui \u00e9lisent le g\u00e9rant, et fixent m\u00eame son salaire\u00a0\u00bb.<\/p>\n<p>Boucler le financement<\/p>\n<p>Les parts de Biomonde Rouen Bio sont fix\u00e9es \u00e0 50 euros, pour devenir soci\u00e9taire, chaque personne ou entit\u00e9 doit au moins en prendre 10. <strong>D\u00e9j\u00e0 plus de 80 particuliers ou entreprises se sont engag\u00e9s,<\/strong> il en faudrait une dizaine de plus pour boucler le budget. Le magasin esp\u00e8re y parvenir avant mardi 7 octobre, jour du dernier rendez-vous au tribunal de commerce de Rouen, dans le cadre de la proc\u00e9dure de redressement judiciaire.<\/p>\n<p>\u00c0 \u00e9couter aussi  <\/p>\n<p class=\"IciLink ici-link disabled title no-color g-ici-title-5 svelte-lu7k6w\">Rouen biomonde devient une coop<\/p>\n<p>   <img decoding=\"async\" src=\"https:\/\/www.europesays.com\/fr\/wp-content\/uploads\/2025\/10\/1759424232_430_560x315\" alt=\"L'air du temps normand - ici Normandie\" style=\"--_image-preview:url('data:image\/jpeg;base64,\/9j\/2wBDACgcHiMeGSgjISMtKygwPGRBPDc3PHtYXUlkkYCZlo+AjIqgtObDoKrarYqMyP\/L2u71\/\/\/\/m8H\/\/\/\/6\/+b9\/\/j\/2wBDASstLTw1PHZBQXb4pYyl+Pj4+Pj4+Pj4+Pj4+Pj4+Pj4+Pj4+Pj4+Pj4+Pj4+Pj4+Pj4+Pj4+Pj4+Pj4+Pj4+Pj\/wAARCAAXACoDASIAAhEBAxEB\/8QAFwABAQEBAAAAAAAAAAAAAAAAAAIBA\/\/EABYQAQEBAAAAAAAAAAAAAAAAAAABEf\/EABYBAQEBAAAAAAAAAAAAAAAAAAMBBP\/EABYRAQEBAAAAAAAAAAAAAAAAAAABAv\/aAAwDAQACEQMRAD8A2psUxIRFiLHWpsLmpY54YrDDSirtUgyQrACZSsMAsDX\/2Q==');\" loading=\"lazy\" fetchpriority=\"low\" aria-hidden=\"true\" class=\"svelte-1pnmlwx rounded\" onload=\"this.__e=event\" onerror=\"this.__e=event\"\/><\/p>\n","protected":false},"excerpt":{"rendered":"Biomonde Rouen Bio, la plus ancienne enseigne bio ind\u00e9pendante de la m\u00e9tropole \u00e0 Grand-Quevilly, a lanc\u00e9 une campagne&hellip;\n","protected":false},"author":2,"featured_media":434131,"comment_status":"","ping_status":"","sticky":false,"template":"","format":"standard","meta":{"footnotes":""},"categories":[9587],"tags":[1111,11,1777,674,1011,27,12,5161,25,9590],"class_list":{"0":"post-434130","1":"post","2":"type-post","3":"status-publish","4":"format-standard","5":"has-post-thumbnail","7":"category-rouen","8":"tag-actu","9":"tag-actualites","10":"tag-eu","11":"tag-europe","12":"tag-fr","13":"tag-france","14":"tag-news","15":"tag-normandie","16":"tag-republique-francaise","17":"tag-rouen"},"share_on_mastodon":{"url":"https:\/\/pubeurope.com\/@fr\/115305634435928649","error":""},"_links":{"self":[{"href":"https:\/\/www.europesays.com\/fr\/wp-json\/wp\/v2\/posts\/434130","targetHints":{"allow":["GET"]}}],"collection":[{"href":"https:\/\/www.europesays.com\/fr\/wp-json\/wp\/v2\/posts"}],"about":[{"href":"https:\/\/www.europesays.com\/fr\/wp-json\/wp\/v2\/types\/post"}],"author":[{"embeddable":true,"href":"https:\/\/www.europesays.com\/fr\/wp-json\/wp\/v2\/users\/2"}],"replies":[{"embeddable":true,"href":"https:\/\/www.europesays.com\/fr\/wp-json\/wp\/v2\/comments?post=434130"}],"version-history":[{"count":0,"href":"https:\/\/www.europesays.com\/fr\/wp-json\/wp\/v2\/posts\/434130\/revisions"}],"wp:featuredmedia":[{"embeddable":true,"href":"https:\/\/www.europesays.com\/fr\/wp-json\/wp\/v2\/media\/434131"}],"wp:attachment":[{"href":"https:\/\/www.europesays.com\/fr\/wp-json\/wp\/v2\/media?parent=434130"}],"wp:term":[{"taxonomy":"category","embeddable":true,"href":"https:\/\/www.europesays.com\/fr\/wp-json\/wp\/v2\/categories?post=434130"},{"taxonomy":"post_tag","embeddable":true,"href":"https:\/\/www.europesays.com\/fr\/wp-json\/wp\/v2\/tags?post=434130"}],"curies":[{"name":"wp","href":"https:\/\/api.w.org\/{rel}","templated":true}]}}