{"id":434137,"date":"2025-10-02T17:01:20","date_gmt":"2025-10-02T17:01:20","guid":{"rendered":"https:\/\/www.europesays.com\/fr\/434137\/"},"modified":"2025-10-02T17:01:20","modified_gmt":"2025-10-02T17:01:20","slug":"greve-du-2-octobre-a-rennes-les-etudiants-tentent-laborieusement-delargir-le-cortege","status":"publish","type":"post","link":"https:\/\/www.europesays.com\/fr\/434137\/","title":{"rendered":"Gr\u00e8ve du 2 octobre : \u00c0 Rennes, les \u00e9tudiants tentent laborieusement d\u2019\u00e9largir le cort\u00e8ge"},"content":{"rendered":"<p>Devant la fac de Rennes-II, dont le blocage vient tout juste d\u2019\u00eatre d\u00e9cid\u00e9 apr\u00e8s une tentative rat\u00e9e en d\u00e9but de journ\u00e9e, une foule se pr\u00e9pare \u00e0 rejoindre le rassemblement dans le centre de la capitale bretonne. Un cort\u00e8ge rassemblant \u00e9tudiants, travailleurs de la sant\u00e9, de l\u2019enseignement et agriculteurs. Cette fois-ci, l\u2019intersyndicale a d\u00e9cid\u00e9 d\u2019un d\u00e9part dans trois endroits de la ville, rassemblant chacun plusieurs secteurs professionnels, avec au total pr\u00e8s de 10\u00a0000 manifestants dans l\u2019apr\u00e8s-midi&#8230;.<\/p>\n","protected":false},"excerpt":{"rendered":"Devant la fac de Rennes-II, dont le blocage vient tout juste d\u2019\u00eatre d\u00e9cid\u00e9 apr\u00e8s une tentative rat\u00e9e en&hellip;\n","protected":false},"author":2,"featured_media":434138,"comment_status":"","ping_status":"","sticky":false,"template":"","format":"standard","meta":{"footnotes":""},"categories":[2821],"tags":[1111,11,829,1777,674,1011,27,12,584,25,10333,14713],"class_list":{"0":"post-434137","1":"post","2":"type-post","3":"status-publish","4":"format-standard","5":"has-post-thumbnail","7":"category-rennes","8":"tag-actu","9":"tag-actualites","10":"tag-bretagne","11":"tag-eu","12":"tag-europe","13":"tag-fr","14":"tag-france","15":"tag-news","16":"tag-rennes","17":"tag-republique-francaise","18":"tag-u00e9tudiants","19":"tag-universitu00e9"},"share_on_mastodon":{"url":"https:\/\/pubeurope.com\/@fr\/115305649604656874","error":""},"_links":{"self":[{"href":"https:\/\/www.europesays.com\/fr\/wp-json\/wp\/v2\/posts\/434137","targetHints":{"allow":["GET"]}}],"collection":[{"href":"https:\/\/www.europesays.com\/fr\/wp-json\/wp\/v2\/posts"}],"about":[{"href":"https:\/\/www.europesays.com\/fr\/wp-json\/wp\/v2\/types\/post"}],"author":[{"embeddable":true,"href":"https:\/\/www.europesays.com\/fr\/wp-json\/wp\/v2\/users\/2"}],"replies":[{"embeddable":true,"href":"https:\/\/www.europesays.com\/fr\/wp-json\/wp\/v2\/comments?post=434137"}],"version-history":[{"count":0,"href":"https:\/\/www.europesays.com\/fr\/wp-json\/wp\/v2\/posts\/434137\/revisions"}],"wp:featuredmedia":[{"embeddable":true,"href":"https:\/\/www.europesays.com\/fr\/wp-json\/wp\/v2\/media\/434138"}],"wp:attachment":[{"href":"https:\/\/www.europesays.com\/fr\/wp-json\/wp\/v2\/media?parent=434137"}],"wp:term":[{"taxonomy":"category","embeddable":true,"href":"https:\/\/www.europesays.com\/fr\/wp-json\/wp\/v2\/categories?post=434137"},{"taxonomy":"post_tag","embeddable":true,"href":"https:\/\/www.europesays.com\/fr\/wp-json\/wp\/v2\/tags?post=434137"}],"curies":[{"name":"wp","href":"https:\/\/api.w.org\/{rel}","templated":true}]}}