{"id":434139,"date":"2025-10-02T17:02:13","date_gmt":"2025-10-02T17:02:13","guid":{"rendered":"https:\/\/www.europesays.com\/fr\/434139\/"},"modified":"2025-10-02T17:02:13","modified_gmt":"2025-10-02T17:02:13","slug":"apres-la-mort-de-rayane-des-habitants-denoncent-toujours-des-rodeos","status":"publish","type":"post","link":"https:\/\/www.europesays.com\/fr\/434139\/","title":{"rendered":"apr\u00e8s la mort de Rayane, des habitants d\u00e9noncent toujours des rod\u00e9os"},"content":{"rendered":"<p>La rue de la Lauch, \u00ab\u00a0c\u2019est une longue ligne droite\u00a0\u00bb qui traverse <a href=\"https:\/\/www.dna.fr\/politique\/2025\/04\/23\/cite-de-l-ill-le-ras-le-bol-des-habitants-face-aux-nuisances\" target=\"_blank\" rel=\"noopener\">la Cit\u00e9 de l\u2019Ill \u00e0 Strasbourg<\/a> et \u00ab\u00a0laisse la possibilit\u00e9 aux voitures d\u2019acc\u00e9l\u00e9rer\u00a0\u00bb, expose M\u00e9lanie qui y vit depuis une d\u00e9cennie. Les fen\u00eatres de son appartement donnent sur cet axe qui structure l\u2019ouest du quartier.<\/p>\n<p>En bas, sur un muret blanc, des mamans ont pris l\u2019habitude de s\u2019asseoir pour surveiller les enfants qui jouent au pied des barres d\u2019immeubles. \u00ab\u00a0Il y a des voitures qui passent \u00e0 fond, \u00e0 fond, \u00e0 fond\u00a0! t\u00e9moigne Sarah (*). On leur fait signe de ralentir mais ils se moquent de nous.\u00a0\u00bb Conducteur et passagers \u00ab\u00a0repassent en imitant nos gestes et en faisant des grimaces\u00a0\u00bb.<\/p>\n<p>\u00ab\u00a0On a peur qu\u2019il y ait un nouveau drame\u00a0\u00bb<\/p>\n<p>\u00ab\u00a0Ces derniers temps, c\u2019est de pire en pire. Il y a des courses\u00a0\u00bb, reprend M\u00e9lanie. Le week-end, elle observe impuissante les \u00ab\u00a0grosses cylindr\u00e9es\u00a0\u00bb, dont certaines \u00ab\u00a0immatricul\u00e9es en&#8230;<\/p>\n","protected":false},"excerpt":{"rendered":"La rue de la Lauch, \u00ab\u00a0c\u2019est une longue ligne droite\u00a0\u00bb qui traverse la Cit\u00e9 de l\u2019Ill \u00e0 Strasbourg&hellip;\n","protected":false},"author":2,"featured_media":434140,"comment_status":"","ping_status":"","sticky":false,"template":"","format":"standard","meta":{"footnotes":""},"categories":[2820],"tags":[1111,11,6084,2880,1777,674,274,107,1011,27,775,12,25,104,640,2879],"class_list":{"0":"post-434139","1":"post","2":"type-post","3":"status-publish","4":"format-standard","5":"has-post-thumbnail","7":"category-strasbourg","8":"tag-actu","9":"tag-actualites","10":"tag-droit","11":"tag-edition-strasbourg","12":"tag-eu","13":"tag-europe","14":"tag-faits-divers-justice","15":"tag-fil-info","16":"tag-fr","17":"tag-france","18":"tag-grand-est","19":"tag-news","20":"tag-republique-francaise","21":"tag-societe","22":"tag-strasbourg","23":"tag-strasbourg-ville"},"share_on_mastodon":{"url":"https:\/\/pubeurope.com\/@fr\/115305653703487860","error":""},"_links":{"self":[{"href":"https:\/\/www.europesays.com\/fr\/wp-json\/wp\/v2\/posts\/434139","targetHints":{"allow":["GET"]}}],"collection":[{"href":"https:\/\/www.europesays.com\/fr\/wp-json\/wp\/v2\/posts"}],"about":[{"href":"https:\/\/www.europesays.com\/fr\/wp-json\/wp\/v2\/types\/post"}],"author":[{"embeddable":true,"href":"https:\/\/www.europesays.com\/fr\/wp-json\/wp\/v2\/users\/2"}],"replies":[{"embeddable":true,"href":"https:\/\/www.europesays.com\/fr\/wp-json\/wp\/v2\/comments?post=434139"}],"version-history":[{"count":0,"href":"https:\/\/www.europesays.com\/fr\/wp-json\/wp\/v2\/posts\/434139\/revisions"}],"wp:featuredmedia":[{"embeddable":true,"href":"https:\/\/www.europesays.com\/fr\/wp-json\/wp\/v2\/media\/434140"}],"wp:attachment":[{"href":"https:\/\/www.europesays.com\/fr\/wp-json\/wp\/v2\/media?parent=434139"}],"wp:term":[{"taxonomy":"category","embeddable":true,"href":"https:\/\/www.europesays.com\/fr\/wp-json\/wp\/v2\/categories?post=434139"},{"taxonomy":"post_tag","embeddable":true,"href":"https:\/\/www.europesays.com\/fr\/wp-json\/wp\/v2\/tags?post=434139"}],"curies":[{"name":"wp","href":"https:\/\/api.w.org\/{rel}","templated":true}]}}