{"id":43414,"date":"2025-04-22T07:41:07","date_gmt":"2025-04-22T07:41:07","guid":{"rendered":"https:\/\/www.europesays.com\/fr\/43414\/"},"modified":"2025-04-22T07:41:07","modified_gmt":"2025-04-22T07:41:07","slug":"qui-est-adrien-bernaert-alias-beber-en-galere-le-phenomene-de-koh-lanta-la-revanche-des-4-terres","status":"publish","type":"post","link":"https:\/\/www.europesays.com\/fr\/43414\/","title":{"rendered":"Qui est Adrien Bernaert, alias \u00abBeber en gal\u00e8re\u00bb, le ph\u00e9nom\u00e8ne de \u00abKoh-Lanta, la revanche des 4 terres\u00bb"},"content":{"rendered":"<p><strong>PORTRAIT &#8211;<\/strong> Ing\u00e9nieur dipl\u00f4m\u00e9 des Arts et M\u00e9tiers, le baroudeur de 24 ans install\u00e9 \u00e0 Aix-en-Provence est incontournable dans le jeu d\u2019aventures tourn\u00e9 l\u2019automne dernier aux Philippines.<\/p>\n<p class=\"fig-paragraph\">En 2009 \u00e0 Palau, un jeune ing\u00e9nieur en informatique de 23 ans s\u2019\u00e9tait illustr\u00e9 tant par son efficacit\u00e9 dans le jeu que par son arrogance. Trop s\u00fbr de lui et de ses capacit\u00e9s, il avait \u00e9t\u00e9 \u00e9limin\u00e9 apr\u00e8s 21 jours d\u2019aventures. Devenu un candidat embl\u00e9matique de \u00ab Koh-Lanta\u00a0\u00bb,\u00a0<a href=\"https:\/\/tvmag.lefigaro.fr\/programme-tv\/freddy-boucher-koh-lanta-j-etais-partant-pour-la-nouvelle-saison_c38ccf60-3ced-11ea-81a1-30c9bbb28c82\" target=\"_blank\" data-fig-type=\"Article\" rel=\"noopener\" data-gtm-custom-categorie=\"navigation\" data-gtm-custom-action=\"crossclick\" data-gtm-custom-label=\"Contextuel\" data-gtm-event=\"customEventSPE\" data-fig-domain=\"TVMAG\">Freddy Boucher avait \u00e9t\u00e9 rappel\u00e9 \u00e0 quatre reprises<\/a>\u00a0par la production pour prendre part \u00e0 des \u00e9ditions all stars. Plus sage et r\u00e9fl\u00e9chi au fil des ann\u00e9es, de plus en plus appr\u00e9ci\u00e9 du public, chaque retour \u00e9tait l\u2019occasion d\u2019une remise en question.<\/p>\n<p class=\"fig-paragraph\">Dans\u00a0<a href=\"https:\/\/tvmag.lefigaro.fr\/programme-tv\/programme\/koh-lanta-f1514795926\" target=\"_blank\" rel=\"noopener\" data-gtm-custom-categorie=\"navigation\" data-gtm-custom-action=\"crossclick\" data-gtm-custom-label=\"Contextuel\" data-gtm-event=\"customEventSPE\"><strong>\u00ab Koh-Lanta, la revanche des 4 terres\u00a0\u00bb<\/strong><\/a>, <strong>Adrien Bernaert<\/strong> pr\u00e9sente de nombreuses similitudes avec Freddy. Dipl\u00f4m\u00e9 de l\u2019\u00c9cole Nationale Sup\u00e9rieure des Arts et M\u00e9tiers de Lille, le natif de Suresnes expatri\u00e9 \u00e0 l\u2019\u00eele Maurice jusqu\u2019\u00e0 l\u2019\u00e2ge de 8 ans est une v\u00e9ritable boule d\u2019\u00e9nergie positive. D\u00e9sormais install\u00e9 \u00e0 Aix-en-Provence,\u00a0<a href=\"http:\/\/tvmag.lefigaro.fr\/programme-tv\/tele-realite\/ages-de-20-a-63-ans-decouvrez-les-24-candidats-de-koh-lanta-la-revanche-des-4-terres-20250204\" target=\"_blank\" data-fig-type=\"Article\" rel=\"noopener\" data-gtm-custom-categorie=\"navigation\" data-gtm-custom-action=\"crossclick\" data-gtm-custom-label=\"Contextuel\" data-gtm-event=\"customEventSPE\" data-fig-domain=\"TVMAG\">il a int\u00e9gr\u00e9 l\u2019\u00e9quipe du Sud au d\u00e9but de l\u2019aventure<\/a>. Ing\u00e9nieur mais pas toujours ing\u00e9nieux, Adrien s\u2019est rapidement r\u00e9v\u00e9l\u00e9 fougueux et d\u00e9sordonn\u00e9, au grand dam de ses partenaires.<\/p>\n<p class=\"fig-body-link\">\n            \u00c0 lire aussi<br \/>\n        <a class=\"fig-body-link__link\" href=\"http:\/\/tvmag.lefigaro.fr\/programme-tv\/tele-realite\/abandon-d-allan-dans-koh-lanta-ces-20-anciens-candidats-qui-meriteraient-une-seconde-chance-20250311\" target=\"_blank\" data-fig-type=\"Article\" rel=\"noopener\" data-gtm-custom-categorie=\"navigation\" data-gtm-custom-action=\"crossclick\" data-gtm-custom-label=\"Contextuel\" data-gtm-event=\"customEventSPE\" data-fig-domain=\"TVMAG\">Abandon d\u2019Allan dans \u00abKoh-Lanta\u00bb\u00a0: ces 20 anciens candidats qui m\u00e9riteraient une seconde chance<br \/>\n    <\/a>\n<\/p>\n<p>Adrien, un hyperactif attachant dans \u00ab Koh-Lanta\u00a0\u00bb<\/p>\n<p class=\"fig-paragraph\">Dans sa vie comme dans l\u2019aventure, cet hyperactif qui r\u00eave de devenir com\u00e9dien vit les choses pleinement. Comme un semi-remorque lanc\u00e9 \u00e0 200 kilom\u00e8tres \u00e0 l\u2019heure sur une route de campagne, il avance vite au risque de finir sa course dans le foss\u00e9. Donnez-lui trois allumettes et il voudra voir le feu monter jusqu\u2019au ciel dans la minute\u2026\u00a0<a href=\"http:\/\/tvmag.lefigaro.fr\/programme-tv\/tele-realite\/certains-ont-commence-a-jouer-les-viperes-ce-qu-il-faut-retenir-de-l-episode-1-de-koh-lanta-la-revanche-des-4-terres-20250226\" target=\"_blank\" data-fig-type=\"Article\" rel=\"noopener\" data-gtm-custom-categorie=\"navigation\" data-gtm-custom-action=\"crossclick\" data-gtm-custom-label=\"Contextuel\" data-gtm-event=\"customEventSPE\" data-fig-domain=\"TVMAG\">Mais finira par oublier la bo\u00eete dans les braises<\/a>. Demandez-lui de construire un radeau de course avec des bambous et de la ficelle, il pensera pouss\u00e9e d\u2019Archim\u00e8de et flottabilit\u00e9 mais oubliera la vitesse.<\/p>\n<p class=\"fig-paragraph\">Lors d\u2019une \u00e9preuve aquatique o\u00f9 les candidats devaient ramener le plus vite possible des objets accroch\u00e9s en profondeur le long d\u2019une corde, il n\u2019avait \u00e9cout\u00e9 que la moiti\u00e9 des consignes de Denis Brogniart et avait fait perdre du temps \u00e0 son \u00e9quipe. D\u00e9bordant de bonnes intentions et omnipr\u00e9sent au quotidien,\u00a0<a href=\"http:\/\/tvmag.lefigaro.fr\/programme-tv\/tele-realite\/j-etais-comme-une-cocotte-minute-sur-le-point-d-exploser-nais-raconte-son-exasperation-dans-koh-lanta-20250311\" target=\"_blank\" data-fig-type=\"Article\" rel=\"noopener\" data-gtm-custom-categorie=\"navigation\" data-gtm-custom-action=\"crossclick\" data-gtm-custom-label=\"Contextuel\" data-gtm-event=\"customEventSPE\" data-fig-domain=\"TVMAG\">Adrien a pu agacer certains de ses partenaires d\u2019aventure comme Na\u00efs et J\u00e9r\u00f4me<\/a>. Mais tous reconnaissent son investissement inconditionnel dans la vie du camp comme dans les \u00e9preuves. L\u2019Aixois d\u2019adoption ne fuit jamais ses responsabilit\u00e9s et accepte toujours le dialogue.<\/p>\n<p class=\"fig-body-link\">\n            \u00c0 lire aussi<br \/>\n        <a class=\"fig-body-link__link\" href=\"http:\/\/tvmag.lefigaro.fr\/programme-tv\/tele-realite\/origines-secrets-de-fabrication-collection-de-denis-brogniart-la-belle-histoire-du-totem-de-koh-lanta-20250304\" target=\"_blank\" data-fig-type=\"Article\" rel=\"noopener\" data-gtm-custom-categorie=\"navigation\" data-gtm-custom-action=\"crossclick\" data-gtm-custom-label=\"Contextuel\" data-gtm-event=\"customEventSPE\" data-fig-domain=\"TVMAG\">Origines, secrets de fabrication, collection de Denis Brogniart&#8230; La belle histoire du totem de \u00abKoh-Lanta\u00bb<br \/>\n    <\/a>\n<\/p>\n<p>2500 kilom\u00e8tres en v\u00e9lo seul en Australie pour la bonne cause<\/p>\n<p class=\"fig-paragraph\">Avec lui, l\u2019\u00e9quipe du Sud n\u2019a pas \u00e9t\u00e9 une seule fois au conseil. Avec les Rouges, apr\u00e8s le remaniement des \u00e9quipes, il a encha\u00een\u00e9 cinq victoires collectives cons\u00e9cutives dont celle du flambeau o\u00f9 il a franchi les obstacles un \u00e0 un pour d\u00e9crocher le gain des courriers des proches. \u00ab \u201cKoh-Lanta\u201d, c\u2019est le mental, l\u2019\u00e9tat d\u2019esprit, le courage et croire en soi\u00a0\u00bb, affirme-t-il dans son portrait. Adrien est surtout un homme de valeurs qui refuse de trahir pour avancer. Lors du 14e jour de l\u2019aventure et\u00a0<a href=\"http:\/\/tvmag.lefigaro.fr\/programme-tv\/tele-realite\/j-ai-pris-une-grande-claque-les-regrets-de-mohamed-elimine-de-koh-lanta-20250325\" target=\"_blank\" data-fig-type=\"Article\" rel=\"noopener\" data-gtm-custom-categorie=\"navigation\" data-gtm-custom-action=\"crossclick\" data-gtm-custom-label=\"Contextuel\" data-gtm-event=\"customEventSPE\" data-fig-domain=\"TVMAG\">du seul conseil auquel il a particip\u00e9 avant la r\u00e9unification<\/a>, il a soutenu Na\u00efs en ne votant pas contre elle et ce, malgr\u00e9 leurs diff\u00e9rends.<\/p>\n<p class=\"fig-paragraph\">\u00ab L\u2019envie du d\u00e9passement de soi, physique et moral, d\u2019aller vers l\u2019inconnu, d\u2019\u00e9couter, d\u2019apprendre, de d\u00e9couvrir, \u00e0 la rencontre de l\u2019autre et d\u2019aider\u00a0! Des valeurs que mes quinze ann\u00e9es de scoutisme m\u2019ont transmises et qui me tiennent \u00e0 c\u0153ur\u00a0\u00bb, dit-il \u00e0 son sujet sur son compte Instagram. Durant l\u2019\u00e9t\u00e9 2023, Adrien d\u00e9cide sur un coup de t\u00eate de parcourir seul 2500 kilom\u00e8tres \u00e0 v\u00e9lo le long de la c\u00f4te ouest australienne et parvient \u00e0 r\u00e9colter 10.000 euros \u00ab pour donner acc\u00e8s \u00e0 un an d\u2019eau potable \u00e0 5000 enfants au Cambodge\u00a0\u00bb via l\u2019ONG\u00a0<a href=\"https:\/\/www.1001fontaines.com\/\" target=\"_blank\" rel=\"nofollow noopener\" data-gtm-custom-categorie=\"navigation\" data-gtm-custom-action=\"crossclick\" data-gtm-custom-label=\"Contextuel\" data-gtm-event=\"customEventSPE\">1001 Fontaines<\/a>. Pendant son p\u00e9riple, celui que tout le monde appelle Beber et dont le mantra est \u00ab Let\u2019s go\u00a0!\u00a0\u00bb re\u00e7oit les soutiens d\u2019<a href=\"http:\/\/tvmag.lefigaro.fr\/programme-tv\/actu-tele\/pamela-anderson-m-en-parlait-tout-le-temps-comment-l-ex-compagne-d-adil-rami-l-a-convaincu-de-participer-a-danse-avec-les-stars-20250214\" target=\"_blank\" data-fig-type=\"Article\" rel=\"noopener\" data-gtm-custom-categorie=\"navigation\" data-gtm-custom-action=\"crossclick\" data-gtm-custom-label=\"Contextuel\" data-gtm-event=\"customEventSPE\" data-fig-domain=\"TVMAG\">Adil Rami<\/a>, de Patrick Mouratoglou et de Bob Sinclar.<\/p>\n<blockquote class=\"fig-quote&#10;    \">\n<p class=\"fig-quote__text\">\u00ab L\u2019\u00e9chec\u00a0? C\u2019est normal, c\u2019est ce qui te renforce, ce qui te remettra en question et te m\u00e8nera \u00e0 la r\u00e9ussite\u00a0\u00bb<\/p>\n<p>            Adrien Bernaert\n    <\/p><\/blockquote>\n<p class=\"fig-paragraph\">Apr\u00e8s l\u2019obtention de son dipl\u00f4me d\u2019ing\u00e9nieur, Adrien encha\u00eene les cours de th\u00e9\u00e2tre et de com\u00e9die avec la volont\u00e9 de \u00ab transmettre et aider\u00a0\u00bb par le divertissement. Le 20 juin 2024, il se lance dans un tour de France de l\u2019ap\u00e9ro avec son v\u00e9lo, son ukul\u00e9l\u00e9 et les trois membres de son \u00e9quipe de tournage pour partager son aventure sur ses r\u00e9seaux sociaux avec l\u2019objectif de r\u00e9colter 5000 euros pour venir en aide \u00e0 des \u00e9coles de Madagascar. Avant son arriv\u00e9e le 13 d\u00e9cembre \u00e0 Paris, il fait une pause le temps du tournage de\u00a0<a href=\"http:\/\/tvmag.lefigaro.fr\/programme-tv\/tele-realite\/koh-lanta-des-candidats-ont-ils-deja-reussi-a-arreter-de-fumer-grace-a-l-emission-20250325\" target=\"_blank\" data-fig-type=\"Article\" rel=\"noopener\" data-gtm-custom-categorie=\"navigation\" data-gtm-custom-action=\"crossclick\" data-gtm-custom-label=\"Contextuel\" data-gtm-event=\"customEventSPE\" data-fig-domain=\"TVMAG\">\u00ab Koh-Lanta, la revanche des 4 terres\u00a0\u00bb<\/a>\u00a0aux Philippines.<\/p>\n<p class=\"fig-paragraph\">Son compte Instagram immortalise ses multiples voyages, ses exploits sportifs, ses moments de partage avec ses amis et sa famille. Ils \u00e9taient 20.000 \u00e0 le suivre en juillet dernier, ils sont plus de 108.000 aujourd\u2019hui. \u00ab Le bonheur, c\u2019est \u00eatre et oser d\u2019\u00eatre. Le pire regret dans la vie, c\u2019est de ne pas avoir tent\u00e9, \u00e9crit-il. L\u2019\u00e9chec\u00a0? C\u2019est normal, c\u2019est ce qui te renforce, ce qui te remettra en question et te m\u00e8nera \u00e0 la r\u00e9ussite, il ne faut pas en avoir peur et s\u2019autoriser \u00e0 r\u00eaver\u00a0!\u00a0\u00bb\u00a0<\/p>\n<p class=\"fig-paragraph\">Ses vid\u00e9os d\u00e9lirantes et hilarantes ont \u00e9t\u00e9 visionn\u00e9es des centaines de milliers de fois. Durant son tour de France, il se r\u00e9jouit d\u2019avoir fait une multitude de belles rencontres. Dont celle qu\u2019il qualifie aujourd\u2019hui de femme de sa vie. Let\u2019s go Beber\u00a0!<\/p>\n<p>\u00a0\u00bb<br \/>\n        data-script=\u00a0\u00bbhttps:\/\/static.lefigaro.fr\/widget-video\/short-ttl\/video\/index.js\u00a0\u00bb<br \/>\n    &gt;<\/p>\n","protected":false},"excerpt":{"rendered":"PORTRAIT &#8211; Ing\u00e9nieur dipl\u00f4m\u00e9 des Arts et M\u00e9tiers, le baroudeur de 24 ans install\u00e9 \u00e0 Aix-en-Provence est incontournable&hellip;\n","protected":false},"author":2,"featured_media":43415,"comment_status":"","ping_status":"","sticky":false,"template":"","format":"standard","meta":{"footnotes":""},"categories":[8],"tags":[685,687,689,681,58,683,59,1011,27,680,688,684,686,682,199],"class_list":{"0":"post-43414","1":"post","2":"type-post","3":"status-publish","4":"format-standard","5":"has-post-thumbnail","7":"category-divertissement","8":"tag-actu-tele-realite","9":"tag-actu-telerealite","10":"tag-candidat-tele-realite","11":"tag-denis-brogniart","12":"tag-divertissement","13":"tag-emission-tele-realite","14":"tag-entertainment","15":"tag-fr","16":"tag-france","17":"tag-koh-lanta","18":"tag-news-tele-realite","19":"tag-programme-tele-realite","20":"tag-scoop-telerealite","21":"tag-tele-realite","22":"tag-tf1"},"share_on_mastodon":{"url":"https:\/\/pubeurope.com\/@fr\/114380491102796457","error":""},"_links":{"self":[{"href":"https:\/\/www.europesays.com\/fr\/wp-json\/wp\/v2\/posts\/43414","targetHints":{"allow":["GET"]}}],"collection":[{"href":"https:\/\/www.europesays.com\/fr\/wp-json\/wp\/v2\/posts"}],"about":[{"href":"https:\/\/www.europesays.com\/fr\/wp-json\/wp\/v2\/types\/post"}],"author":[{"embeddable":true,"href":"https:\/\/www.europesays.com\/fr\/wp-json\/wp\/v2\/users\/2"}],"replies":[{"embeddable":true,"href":"https:\/\/www.europesays.com\/fr\/wp-json\/wp\/v2\/comments?post=43414"}],"version-history":[{"count":0,"href":"https:\/\/www.europesays.com\/fr\/wp-json\/wp\/v2\/posts\/43414\/revisions"}],"wp:featuredmedia":[{"embeddable":true,"href":"https:\/\/www.europesays.com\/fr\/wp-json\/wp\/v2\/media\/43415"}],"wp:attachment":[{"href":"https:\/\/www.europesays.com\/fr\/wp-json\/wp\/v2\/media?parent=43414"}],"wp:term":[{"taxonomy":"category","embeddable":true,"href":"https:\/\/www.europesays.com\/fr\/wp-json\/wp\/v2\/categories?post=43414"},{"taxonomy":"post_tag","embeddable":true,"href":"https:\/\/www.europesays.com\/fr\/wp-json\/wp\/v2\/tags?post=43414"}],"curies":[{"name":"wp","href":"https:\/\/api.w.org\/{rel}","templated":true}]}}