{"id":434147,"date":"2025-10-02T17:06:17","date_gmt":"2025-10-02T17:06:17","guid":{"rendered":"https:\/\/www.europesays.com\/fr\/434147\/"},"modified":"2025-10-02T17:06:17","modified_gmt":"2025-10-02T17:06:17","slug":"reseau-echobat-une-vingtaine-dacteurs-de-leco-construction-dans-le-pays-de-saint-brieuc","status":"publish","type":"post","link":"https:\/\/www.europesays.com\/fr\/434147\/","title":{"rendered":"R\u00e9seau \u00c9chobat\u00a0: une vingtaine d\u2019acteurs de l\u2019\u00e9co-construction dans le pays de Saint-Brieuc"},"content":{"rendered":"<p>Le T\u00e9l\u00e9gramme\u00a0: \u00c9chobat compte 18 entreprises dans le pays de Saint-Brieuc, 57 dans les C\u00f4tes-d\u2019Armor. Pouvez-vous pr\u00e9senter ce r\u00e9seau\u00a0?<\/p>\n<p><strong>Sergio Soto Camargo, animateur du r\u00e9seau \u00c9chobat\u00a0:<\/strong> \u00c0 la base, \u00c9chobat s\u2019est cr\u00e9\u00e9 pour structurer une offre autour de l\u2019\u00e9co-construction. C\u2019est-\u00e0-dire construire avec des mat\u00e9riaux nobles, durables et locaux, avec un aspect solidaire. \ufeffSolidaire pour le c\u00f4t\u00e9 collectif\u00a0: les artisans d\u00e9veloppent des habitudes de travail communes. Mais aussi dans la d\u00e9marche\u00a0: on int\u00e8gre des structures d\u2019insertion par l\u2019activit\u00e9 \u00e9conomique dans certains chantiers. En parall\u00e8le, on forme aussi des professionnels \u00e0 des techniques de terre, paille, chanvre, etc.<\/p>\n<p>Comment les professionnels int\u00e8grent ce r\u00e9seau\u00a0?<\/p>\n<p>Par cooptation\u00a0: un professionnel adh\u00e9rent peut proposer des candidatures d\u2019autres professionnels compatibles. Le crit\u00e8re num\u00e9ro un, c\u2019est l\u2019adh\u00e9sion \u00e0 la d\u00e9marche collective. M\u00eame si le professionnel n\u2019est pas exemplaire en mati\u00e8re d\u2019\u00e9co-construction solidaire, l\u2019important, c\u2019est d\u2019avoir envie d\u2019y aller. Dans le pays de Saint-Brieuc, en un an, on a accueilli six nouveaux pros.<\/p>\n<p>En quoi ce r\u00e9seau int\u00e9resse les particuliers\u00a0?<\/p>\n<p>Si la personne a un projet en \u00e9co-construction, alors elle contacte l\u2019animateur du r\u00e9seau qui la mettra en lien avec des professionnels. Sachant qu\u2019on ne fait aucune marge sur les projets, qui ne co\u00fbteront donc pas plus cher si la personne a recours au r\u00e9seau.<\/p>\n<p><img decoding=\"async\" src=\"https:\/\/www.europesays.com\/fr\/wp-content\/uploads\/2025\/10\/68de9c45923cabc9670ad2c4.1.jpeg\" width=\"480\" height=\"300\" class=\"web_golden_m\" loading=\"lazy\" alt=\"Le premier salon de l\u2019\u00e9co-construction et de l\u2019\u00e9co-r\u00e9novation du pays de Saint-Brieuc se d\u00e9roulait ce samedi 20\u00a0septembre \u00e0 Tr\u00e9muson, dans les locaux de l\u2019entreprise Tinatur.\"\/>Le premier salon de l\u2019\u00e9co-construction et de l\u2019\u00e9co-r\u00e9novation du pays de Saint-Brieuc se d\u00e9roulait ce samedi 20\u00a0septembre \u00e0 Tr\u00e9muson, dans les locaux de l\u2019entreprise Tinatur. (Le T\u00e9l\u00e9gramme\/Fanny Ohier)Ces derni\u00e8res ann\u00e9es, y a-t-il davantage de personnes int\u00e9ress\u00e9es par l\u2019\u00e9co-construction\u00a0?<\/p>\n<p>Nous n\u2019avons pas de chiffres mais j\u2019ai l\u2019impression que les entreprises du r\u00e9seau sont un peu moins impact\u00e9es par la baisse de la demande en construction. Les carnets de commandes de certains sont remplis jusqu\u2019\u00e0 la fin de l\u2019ann\u00e9e 2026. En Bretagne et dans les C\u00f4tes-d\u2019Armor, je remarque aussi que la population est plus avis\u00e9e que dans d\u2019autres r\u00e9gions par rapport aux \u00e9co-mat\u00e9riaux.<\/p>\n<p>Quels freins avez-vous identifi\u00e9s au d\u00e9veloppement de l\u2019\u00e9co-construction\u00a0?<\/p>\n<p>L\u2019un des freins, c\u2019est le prix. On est un peu plus chers m\u00eame s\u2019il est important d\u2019\u00e9tudier au cas par cas. Puis, sur le long terme, on est beaucoup moins chers parce que l\u2019\u00e9co-construction permet de consommer moins de chauffage, par exemple. Donc il faut avoir un regard d\u2019ensemble. Et m\u00eame si le budget ne permet pas forc\u00e9ment de r\u00e9aliser tous les travaux en \u00e9co-construction, les artisans peuvent proposer certaines solutions interm\u00e9diaires.<\/p>\n<p>Contact<\/p>\n","protected":false},"excerpt":{"rendered":"Le T\u00e9l\u00e9gramme\u00a0: \u00c9chobat compte 18 entreprises dans le pays de Saint-Brieuc, 57 dans les C\u00f4tes-d\u2019Armor. Pouvez-vous pr\u00e9senter ce&hellip;\n","protected":false},"author":2,"featured_media":434148,"comment_status":"","ping_status":"","sticky":false,"template":"","format":"standard","meta":{"footnotes":""},"categories":[2818],"tags":[1111,11,1477,2171,33,1777,674,1011,27,766,12,2636,25,4937],"class_list":{"0":"post-434147","1":"post","2":"type-post","3":"status-publish","4":"format-standard","5":"has-post-thumbnail","7":"category-nantes","8":"tag-actu","9":"tag-actualites","10":"tag-artisanat","11":"tag-cotes-darmor","12":"tag-economie","13":"tag-eu","14":"tag-europe","15":"tag-fr","16":"tag-france","17":"tag-nantes","18":"tag-news","19":"tag-pays-de-la-loire","20":"tag-republique-francaise","21":"tag-saint-brieuc"},"share_on_mastodon":{"url":"https:\/\/pubeurope.com\/@fr\/115305669749028704","error":""},"_links":{"self":[{"href":"https:\/\/www.europesays.com\/fr\/wp-json\/wp\/v2\/posts\/434147","targetHints":{"allow":["GET"]}}],"collection":[{"href":"https:\/\/www.europesays.com\/fr\/wp-json\/wp\/v2\/posts"}],"about":[{"href":"https:\/\/www.europesays.com\/fr\/wp-json\/wp\/v2\/types\/post"}],"author":[{"embeddable":true,"href":"https:\/\/www.europesays.com\/fr\/wp-json\/wp\/v2\/users\/2"}],"replies":[{"embeddable":true,"href":"https:\/\/www.europesays.com\/fr\/wp-json\/wp\/v2\/comments?post=434147"}],"version-history":[{"count":0,"href":"https:\/\/www.europesays.com\/fr\/wp-json\/wp\/v2\/posts\/434147\/revisions"}],"wp:featuredmedia":[{"embeddable":true,"href":"https:\/\/www.europesays.com\/fr\/wp-json\/wp\/v2\/media\/434148"}],"wp:attachment":[{"href":"https:\/\/www.europesays.com\/fr\/wp-json\/wp\/v2\/media?parent=434147"}],"wp:term":[{"taxonomy":"category","embeddable":true,"href":"https:\/\/www.europesays.com\/fr\/wp-json\/wp\/v2\/categories?post=434147"},{"taxonomy":"post_tag","embeddable":true,"href":"https:\/\/www.europesays.com\/fr\/wp-json\/wp\/v2\/tags?post=434147"}],"curies":[{"name":"wp","href":"https:\/\/api.w.org\/{rel}","templated":true}]}}