{"id":434149,"date":"2025-10-02T17:07:29","date_gmt":"2025-10-02T17:07:29","guid":{"rendered":"https:\/\/www.europesays.com\/fr\/434149\/"},"modified":"2025-10-02T17:07:29","modified_gmt":"2025-10-02T17:07:29","slug":"loire-atlantique-de-nantes-a-rome-ces-pelerins-ont-fait-un-chemin-de-plus-de-2-100-km","status":"publish","type":"post","link":"https:\/\/www.europesays.com\/fr\/434149\/","title":{"rendered":"Loire-Atlantique. De Nantes \u00e0 Rome, ces p\u00e8lerins ont fait un chemin de plus de 2 100 km"},"content":{"rendered":"<p>            Par<br \/>\n        <strong><br \/>\n            <a href=\"https:\/\/actu.fr\/auteur\/herve-pavageau\" title=\"Consulter tous les articles de Herv\u00e9 Pavageau\" target=\"_blank\" rel=\"noopener\">Herv\u00e9 Pavageau<\/a><br \/>\n        <\/strong><\/p>\n<p>        Publi\u00e9 le<\/p>\n<p>            2 oct. 2025 \u00e0 18h16        <\/p>\n<p>Le p\u00e8lerinage a commenc\u00e9 au pied de la cath\u00e9drale de Nantes, le dimanche de la Pentec\u00f4te. Dans le cadre du Jubil\u00e9 2025, 26 p\u00e8lerins des Haltes p\u00e8lerines, <b>association de Loire-Atlantique<\/b> pr\u00e9sid\u00e9e par Anthony Grouard, <a href=\"https:\/\/actu.fr\/pays-de-la-loire\/clisson_44043\/ce-nouveau-chemin-de-pelerinage-va-de-nantes-a-rome_59979471.html\" target=\"_blank\" rel=\"noopener\">ont pris la route pour se rendre \u00e0 Rome<\/a>. Maggy Pasquier, habitante de <a href=\"https:\/\/actu.fr\/pays-de-la-loire\/boussay_44022\" target=\"_blank\" rel=\"noopener\">Boussay <\/a>qui a d\u00e9j\u00e0 r\u00e9alis\u00e9 le p\u00e8lerinage en plusieurs fois, a accompagn\u00e9 le groupe jusqu\u2019\u00e0 Nantes et l\u2019a rejoint en Italie pour faire les derniers 100 kilom\u00e8tres.<\/p>\n<p>\u00c9quipes des quatre coins du d\u00e9partement<\/p>\n<p class=\" wall-content\">Avant le d\u00e9part du 8\u00a0juin, des \u00e9quipes s\u2019\u00e9taient \u00e9lanc\u00e9es de quatre lieux embl\u00e9matiques de Loire-Atlantique pour rejoindre la cath\u00e9drale de Nantes : Clisson au sud, Besl\u00e9-sur-Vilaine, derni\u00e8re commune sur les chemins avant d\u2019entrer en <b>Ille-et-Vilaine<\/b>, Saint-Br\u00e9vin-les-Pins o\u00f9 se trouve la borne la plus \u00e0 l\u2019ouest du chemin d\u2019approche de la Via Ligeria et le calvaire de Pontch\u00e2teau, haut lieu de p\u00e8lerinage en Loire-Atlantique.<\/p>\n<p class=\" wall-content\">Le jour J, place Saint-Pierre, une cinquantaine de personnes ont accompagn\u00e9 les p\u00e8lerins qui s\u2019\u00e9lan\u00e7aient pour marcher sur un chemin long de plus de 2 100\u00a0km : un p\u00e8lerinage de 800\u00a0km sur l<a href=\"https:\/\/actu.fr\/pays-de-la-loire\/boussay_44022\/cette-pelerine-a-parcouru-2-150-km-du-vignoble-nantais-jusqua-rome-cest-mon-plus-beau-chemin_62266014.html\" target=\"_blank\" rel=\"noopener\">a Via Ligeria, voie qui traverse la France, suivi de 1 330\u00a0km sur la Via Francigena<\/a>,<b> jusqu\u2019\u00e0 Rome, pour le Jubil\u00e9.<\/b><\/p>\n<p class=\" wall-content\">Au fil des kilom\u00e8tres et des villes travers\u00e9es, Sainte-Luce, Mauves, Thouar\u00e9\u2026, \u00ab\u00a0certains nous ont quitt\u00e9s. Finalement, nous nous sommes retrouv\u00e9s \u00e0 11 pour marcher ensemble jusqu\u2019\u00e0 Saumur. Neuf d\u2019entre nous ont poursuivi jusqu\u2019\u00e0 Besan\u00e7on. Mais tout au long du chemin, d\u2019autres p\u00e8lerins nous ont rejoints pour une journ\u00e9e ou deux\u00a0\u00bb.<\/p>\n<blockquote class=\"ac-article-quote wall-content\">\n<p>Chaque jour, nous avions des invit\u00e9s : membres d\u2019associations p\u00e8lerines d\u2019Anjou, de Touraine, du Centre-Val de Loire\u2026 M\u00eame des marcheurs de la voie de V\u00e9zelay nous ont accueillis. Nous avons fait de nombreuses rencontres touchantes. Des inconnus nous ont ouvert leurs portes.<\/p>\n<p>Anthony Grouard, pr\u00e9sident de l\u2019association Haltes p\u00e8lerines<\/p><\/blockquote>\n<p>Chemin \u00ab bien balis\u00e9 \u00bb<\/p>\n<p class=\" wall-content\">Pour le pr\u00e9sident de l\u2019association de p\u00e8lerinage qui <a href=\"https:\/\/actu.fr\/pays-de-la-loire\/clisson_44043\/envie-de-prendre-la-route-les-haltes-pelerines-ouvrent-une-permanence-a-clisson_60732215.html\" target=\"_blank\" rel=\"noopener\">tient des permanences une fois par mois \u00e0 Clisson<\/a>, la Via Lig\u00e9ria a \u00ab beaucoup \u00e9volu\u00e9 \u00bb, quatre ans apr\u00e8s sa cr\u00e9ation.<\/p>\n<blockquote class=\"ac-article-quote wall-content\">\n<p>Au fur et \u00e0 mesure des partenariats nou\u00e9s avec les communes travers\u00e9es, de nombreuses bornes ont \u00e9t\u00e9 install\u00e9es, le chemin est d\u00e9sormais bien balis\u00e9.<\/p>\n<p>Anthony Grouard, pr\u00e9sident de l\u2019association Haltes p\u00e8lerines<\/p><\/blockquote>\n<p>Votre r\u00e9gion, votre actu !<\/p>\n<p>Recevez chaque jour les infos qui comptent pour vous.<\/p>\n<p>\t<a href=\"https:\/\/actu.fr\/newsletter\" class=\"ac-btn ac-btn--corner ac-btn--medium ac-btn--blue800\" target=\"_blank\" rel=\"noopener\">S&rsquo;incrire<\/a><\/p>\n<p class=\" wall-content\">\u00c0 ce titre, Clisson est devenue ville partenaire de l\u2019association Haltes P\u00e8lerines et de la Via Ligeria.<\/p>\n<p class=\" wall-content\">En juin dernier, une borne Rome 2 132\u00a0km a \u00e9t\u00e9 pos\u00e9e au niveau de Gervaux.<\/p>\n<p class=\" wall-content\">Cette borne pourra voir le passage des p\u00e8lerins de l\u2019Ouest qui<b> rejoindront Clisson puis Nantes<\/b>, et des p\u00e8lerins qui, partant de Clisson, rejoindront Nantes pour emprunter la Via Lig\u00e9ria.<\/p>\n<p>    <img   decoding=\"async\" loading=\"lazy\" class=\"size-large\" src=\"https:\/\/www.europesays.com\/fr\/wp-content\/uploads\/2025\/10\/423830fc45d86a63830fc45d8da383v-768x640.jpg\" alt=\"Balise Haltes p\u00e8lerines\" width=\"768\" height=\"640\"\/><br \/>\n    Clisson est devenue ville partenaire de l\u2019association Haltes P\u00e8lerines et de la Via Ligeria. Une borne est pos\u00e9e \u00e0 Gervaux. \u00a9HSM<\/p>\n<p class=\" wall-content\">\u00ab Ce chemin redonne vie \u00e0 des villages isol\u00e9s. La presse locale en parle, et les habitants nous disent : oui, on les voit passer, les romieux avec leurs sacs \u00e0 dos. Il y en a beaucoup plus que l\u2019an dernier \u00bb, commente Anthony Grouard.<\/p>\n<p class=\" wall-content\">Trois mois plus tard et apr\u00e8s plus 2 100\u00a0km de marche, les 26 p\u00e8lerins sont entr\u00e9s \u00e0 Rome, dans la Ville \u00e9ternelle le 9\u00a0septembre dernier.<\/p>\n<p class=\" wall-content\">Le lendemain, ils ont <b>assist\u00e9 \u00e0 une audience papale<\/b> pour clore une aventure \u00ab unique en France cette ann\u00e9e \u2013 et peut-\u00eatre m\u00eame en Europe \u00bb, t\u00e9moigne l\u2019association aujourd\u2019hui bien enracin\u00e9e<a href=\"https:\/\/actu.fr\/tag\/vignoble-nantais\" target=\"_blank\" rel=\"noopener\"> dans le Vignoble nantais<\/a>.<\/p>\n<p class=\" wall-content\">Personnalisez votre actualit\u00e9 en ajoutant vos villes et m\u00e9dias en favori avec <a href=\"https:\/\/moncompte.actu.fr\" title=\"D\u00e9couvez Mon Actu\" rel=\"nofollow noopener\" data-trk=\"{&quot;cta&quot;:{&quot;action&quot;:&quot;https:\\\/\\\/moncompte.actu.fr&quot;,&quot;category&quot;:&quot;mon compte&quot;,&quot;from&quot;:&quot;article footer&quot;,&quot;name&quot;:&quot;Mon actu&quot;,&quot;type&quot;:&quot;cta&quot;}}\" target=\"_blank\">Mon Actu<\/a>.<\/p>\n","protected":false},"excerpt":{"rendered":"Par Herv\u00e9 Pavageau Publi\u00e9 le 2 oct. 2025 \u00e0 18h16 Le p\u00e8lerinage a commenc\u00e9 au pied de la&hellip;\n","protected":false},"author":2,"featured_media":434150,"comment_status":"","ping_status":"","sticky":false,"template":"","format":"standard","meta":{"footnotes":""},"categories":[2818],"tags":[1111,11,1777,674,1011,27,766,12,2636,7553,4020,25,104,2900],"class_list":{"0":"post-434149","1":"post","2":"type-post","3":"status-publish","4":"format-standard","5":"has-post-thumbnail","7":"category-nantes","8":"tag-actu","9":"tag-actualites","10":"tag-eu","11":"tag-europe","12":"tag-fr","13":"tag-france","14":"tag-nantes","15":"tag-news","16":"tag-pays-de-la-loire","17":"tag-randonnee","18":"tag-religion","19":"tag-republique-francaise","20":"tag-societe","21":"tag-vignoble-nantais"},"share_on_mastodon":{"url":"https:\/\/pubeurope.com\/@fr\/115305673237784025","error":""},"_links":{"self":[{"href":"https:\/\/www.europesays.com\/fr\/wp-json\/wp\/v2\/posts\/434149","targetHints":{"allow":["GET"]}}],"collection":[{"href":"https:\/\/www.europesays.com\/fr\/wp-json\/wp\/v2\/posts"}],"about":[{"href":"https:\/\/www.europesays.com\/fr\/wp-json\/wp\/v2\/types\/post"}],"author":[{"embeddable":true,"href":"https:\/\/www.europesays.com\/fr\/wp-json\/wp\/v2\/users\/2"}],"replies":[{"embeddable":true,"href":"https:\/\/www.europesays.com\/fr\/wp-json\/wp\/v2\/comments?post=434149"}],"version-history":[{"count":0,"href":"https:\/\/www.europesays.com\/fr\/wp-json\/wp\/v2\/posts\/434149\/revisions"}],"wp:featuredmedia":[{"embeddable":true,"href":"https:\/\/www.europesays.com\/fr\/wp-json\/wp\/v2\/media\/434150"}],"wp:attachment":[{"href":"https:\/\/www.europesays.com\/fr\/wp-json\/wp\/v2\/media?parent=434149"}],"wp:term":[{"taxonomy":"category","embeddable":true,"href":"https:\/\/www.europesays.com\/fr\/wp-json\/wp\/v2\/categories?post=434149"},{"taxonomy":"post_tag","embeddable":true,"href":"https:\/\/www.europesays.com\/fr\/wp-json\/wp\/v2\/tags?post=434149"}],"curies":[{"name":"wp","href":"https:\/\/api.w.org\/{rel}","templated":true}]}}