{"id":434151,"date":"2025-10-02T17:08:10","date_gmt":"2025-10-02T17:08:10","guid":{"rendered":"https:\/\/www.europesays.com\/fr\/434151\/"},"modified":"2025-10-02T17:08:10","modified_gmt":"2025-10-02T17:08:10","slug":"a-bordeaux-la-promenade-sainte-catherine-fete-ses-10-ans","status":"publish","type":"post","link":"https:\/\/www.europesays.com\/fr\/434151\/","title":{"rendered":"\u00e0 Bordeaux, la Promenade Sainte-Catherine f\u00eate ses 10\u00a0ans"},"content":{"rendered":"<p>Ils sont 120\u00a0450 \u00e0 travailler <a href=\"https:\/\/www.promenade-sainte-catherine.com\/\" target=\"_blank\" rel=\"nofollow noopener\">Promenade Sainte-Catherine<\/a>, \u00ab\u00a0la Promenade\u00a0\u00bb pour les intimes, dont environ 120\u00a0000\u00a0abeilles. En 2024, leurs trois ruches ont produit 75\u00a0kg de miel, distribu\u00e9s gratuitement lors d\u2019animations ou aux agents d\u2019entretien. Ces pollinisateurs ont \u00e9lu domicile sur la terrasse v\u00e9g\u00e9talis\u00e9e qui donne sur l\u2019h\u00f4tel de la Tresne, ancien si\u00e8ge du quotidien \u00ab\u00a0Sud Ouest\u00a0\u00bb, dont l\u2019imprimerie et les bureaux ont \u00e9t\u00e9 d\u00e9molis en 2012 pour laisser place \u00e0 cet espace commercial \u00e0 ciel ouvert.<\/p>\n<p>Reli\u00e9s par des escaliers de 30\u00a0marches, des escalators et un ascenseur, les deux niveaux de magasins et restaurants rappellent \u00e0 quel point le d\u00e9nivel\u00e9 est prononc\u00e9 vers le haut de la rue Sainte-Catherine. Ce lieu qui ne manque pas d\u2019originalit\u00e9 abrite \u00e9galement deux potagers solidaires. Depuis leur cr\u00e9ation, 184\u00a0kg de l\u00e9gumes ont \u00e9t\u00e9 offerts \u00e0 la Banque alimentaire de Bordeaux. On peut apercevoir ce bout de nature depuis les verri\u00e8res de Citadium, \u00ab\u00a0magasin streetwear\u00a0\u00bb qui fait d\u00e9sormais partie du paysage. \u00ab\u00a0Nous sommes arriv\u00e9s six mois apr\u00e8s l\u2019ouverture, raconte son store manager, Nicolas Ferkoune. Une coque s\u2019\u00e9tait lib\u00e9r\u00e9e au dernier moment. C\u2019est un emplacement de r\u00eave pour nous. On cherche toujours \u00e0 s\u2019implanter dans le centre de villes plut\u00f4t \u00e9tudiantes, dynamiques, qui correspondent \u00e0 notre cible client\u00e8le, les 15-25\u00a0ans.\u00a0\u00bb<\/p>\n<p>Sept jours sur sept<\/p>\n<p>Chacun des 37\u00a0commerces actuels sait parfaitement \u00e0 quels types de consommateurs il s\u2019adresse. C\u2019est le r\u00f4le des \u00e9tudes marketing. Promenade Sainte-Catherine, dont la gestion est assur\u00e9e par la soci\u00e9t\u00e9 Accessite, a de son c\u00f4t\u00e9 une connaissance tr\u00e8s fine des flux de visiteurs \u00e0 l\u2019int\u00e9rieur de ces 18\u00a0000\u00a0m\u00b2 fonctionnant sept jours sur sept. Des syst\u00e8mes infrarouges comptabilisent les entr\u00e9es et les sorties aux trois acc\u00e8s. \u00ab\u00a0Le nombre d\u2019entr\u00e9es par la rue Sainte-Catherine repr\u00e9sente 55\u00a0% des entr\u00e9es, contre 33\u00a0% qui se font par la rue de la Porte-Dijeaux et 12\u00a0% par la place Jacques-et-Jean-Fran\u00e7ois-Lemoine\u00a0\u00bb, indique la direction.<\/p>\n<blockquote><p>Sur 100\u00a0personnes qui passent rue de la Porte Dijeaux, 36 entrent \u00e0 Promenade Sainte-Catherine<\/p><\/blockquote>\n<p>Ces flux pi\u00e9tons sont \u00e9tudi\u00e9s \u00e0 la loupe. La moiti\u00e9 des visiteurs qui acc\u00e8dent par le bas montent \u00e0 l\u2019\u00e9tage \u00e0 un moment ou \u00e0 un autre. Plus d\u00e9taill\u00e9 encore, \u00ab\u00a0sur 100\u00a0personnes qui passent rue de la Porte-Dijeaux, 36 entrent \u00e0 Promenade Sainte-Catherine\u00a0\u00bb, peut-\u00eatre attir\u00e9es par le plafond de parapluies, dont les couleurs garnissent \u00e0 pr\u00e9sent les dalles, cadeau esth\u00e9tique pour les 10\u00a0ans. \u00ab\u00a0Sur 100\u00a0personnes qui empruntent la rue Sainte-Catherine, 29 entrent par cet acc\u00e8s, contre 22 \u00e0 l\u2019ouverture, ce qui prouve qu\u2019on am\u00e9liore notre attractivit\u00e9.\u00a0\u00bb Ces statistiques sont utiles \u00e0 l\u2019occasion de ce que les centres commerciaux appellent \u00ab\u00a0la recommercialisation\u00a0\u00bb. Ici, pas de \u00ab\u00a0zones froides\u00a0\u00bb, \u00e0 savoir des vitrines devant lesquelles il y aurait moins de passage qu\u2019ailleurs.<\/p>\n<p>\u00ab\u00a0Bulle dans la ville\u00a0\u00bb<\/p>\n<p>Les habitu\u00e9s auront remarqu\u00e9 une nouvelle enseigne pr\u00e8s de l\u2019embl\u00e9matique fa\u00e7ade Lego. Inaugur\u00e9 le 13\u00a0mai, ce Decathlon Running est unique en France. \u00ab\u00a0C\u2019est notre premi\u00e8re boutique sp\u00e9cialis\u00e9e dans un seul sport\u00a0\u00bb, souligne Simon Buchou, responsable marketing pour cette partie du Sud-Ouest. Le choix du lieu ne doit rien au hasard. \u00ab\u00a0Sur l\u2019ensemble de la population sportive de la m\u00e9tropole bordelaise, un habitant sur quatre pratique la course \u00e0 pied, expose cet expert. Param\u00e8tre important, <a href=\"https:\/\/www.sudouest.fr\/tourisme\/nature\/running-les-jeunes-ont-casse-les-codes-l-analyse-du-sociologue-olivier-bessy-24314775.php\" target=\"_blank\" rel=\"follow nofollow noopener\">ce taux a nettement augment\u00e9 entre 2023 et 2024<\/a>. Bordeaux est un laboratoire pour nous, de fa\u00e7on \u00e0 d\u00e9terminer si on est en capacit\u00e9 de dupliquer ce concept dans d\u2019autres grandes villes.\u00a0\u00bb Donn\u00e9e int\u00e9ressante\u00a0: \u00ab\u00a0Depuis l\u2019ouverture, 42\u00a0% de nos clients proviennent de la m\u00e9tropole, ce qui signifie que six sur dix quasiment viennent de plus loin.\u00a0\u00bb Op\u00e9ration bien dans l\u2019esprit de cette \u00ab\u00a0bulle dans la ville\u00a0\u00bb, son expression pour d\u00e9finir la Promenade, un \u00ab\u00a0testing\u00a0\u00bb de chaussures a \u00e9t\u00e9 organis\u00e9 le 27\u00a0septembre dans la cour. Les acheteurs potentiels ont pu les essayer sur \u00ab\u00a07 \u00e0 8\u00a0km\u00a0\u00bb \u00e0 la ronde.<\/p>\n<p>Il y a une autre nouveaut\u00e9 \u00e0 l\u2019\u00e9tage. HBT a ouvert le 15\u00a0septembre. \u00ab\u00a0On est souvent consid\u00e9r\u00e9 comme une marque sport chic, d\u00e9crit Cyrille Giaccotta, l\u2019un des cinq associ\u00e9s \u00e0 la t\u00eate de cette entreprise familiale. Notre ADN, c\u2019est le confort.\u00a0\u00bb Leurs collections de v\u00eatements sont distribu\u00e9es jusqu\u2019au Japon. C\u2019est leur seconde boutique apr\u00e8s Marseille. \u00ab\u00a0J\u2019ai re\u00e7u un accueil incroyable dans les magasins des confr\u00e8res.\u00a0\u00bb La r\u00e9ussite de l\u2019un contribue \u00e0 la r\u00e9ussite de tous.<\/p>\n<p>    Deux jours de f\u00eate<br \/>\nLa Promenade Sainte-Catherine organise <a href=\"https:\/\/www.sudouest.fr\/gironde\/bordeaux\/bordeaux-la-promenade-sainte-catherine-celebrera-ses-10-ans-en-grande-pompe-avec-deux-jours-de-fete-25892775.php\" rel=\"nofollow noopener\" target=\"_blank\">une \u00ab\u00a0soir\u00e9e des 10\u00a0ans\u00a0\u00bb<\/a>, le 3\u00a0octobre de 16\u00a0heures \u00e0 minuit, avec trois DJ, de la danse hip-hop ou encore des <a href=\"https:\/\/www.sudouest.fr\/gironde\/bordeaux\/bordeaux-un-funambule-de-renom-et-de-la-danse-verticale-a-la-promenade-sainte-catherine-14785566.php\" target=\"_blank\" rel=\"follow nofollow noopener\">spectacles de haute voltige<\/a>. Les animations se poursuivront le lendemain, de 10\u00a0heures \u00e0 20\u00a0heures, avec notamment une performance sur tyrolienne traversant la Promenade. \u00ab\u00a0Et de nombreuses surprises \u00e0 gagner.\u00a0\u00bb L\u2019\u00e9v\u00e9nement est gratuit.<\/p>\n","protected":false},"excerpt":{"rendered":"Ils sont 120\u00a0450 \u00e0 travailler Promenade Sainte-Catherine, \u00ab\u00a0la Promenade\u00a0\u00bb pour les intimes, dont environ 120\u00a0000\u00a0abeilles. En 2024, leurs&hellip;\n","protected":false},"author":2,"featured_media":434152,"comment_status":"","ping_status":"","sticky":false,"template":"","format":"standard","meta":{"footnotes":""},"categories":[2817],"tags":[1111,11,1997,1777,674,1011,27,12,2219,25],"class_list":{"0":"post-434151","1":"post","2":"type-post","3":"status-publish","4":"format-standard","5":"has-post-thumbnail","7":"category-bordeaux","8":"tag-actu","9":"tag-actualites","10":"tag-bordeaux","11":"tag-eu","12":"tag-europe","13":"tag-fr","14":"tag-france","15":"tag-news","16":"tag-nouvelle-aquitaine","17":"tag-republique-francaise"},"share_on_mastodon":{"url":"https:\/\/pubeurope.com\/@fr\/115305677151451263","error":""},"_links":{"self":[{"href":"https:\/\/www.europesays.com\/fr\/wp-json\/wp\/v2\/posts\/434151","targetHints":{"allow":["GET"]}}],"collection":[{"href":"https:\/\/www.europesays.com\/fr\/wp-json\/wp\/v2\/posts"}],"about":[{"href":"https:\/\/www.europesays.com\/fr\/wp-json\/wp\/v2\/types\/post"}],"author":[{"embeddable":true,"href":"https:\/\/www.europesays.com\/fr\/wp-json\/wp\/v2\/users\/2"}],"replies":[{"embeddable":true,"href":"https:\/\/www.europesays.com\/fr\/wp-json\/wp\/v2\/comments?post=434151"}],"version-history":[{"count":0,"href":"https:\/\/www.europesays.com\/fr\/wp-json\/wp\/v2\/posts\/434151\/revisions"}],"wp:featuredmedia":[{"embeddable":true,"href":"https:\/\/www.europesays.com\/fr\/wp-json\/wp\/v2\/media\/434152"}],"wp:attachment":[{"href":"https:\/\/www.europesays.com\/fr\/wp-json\/wp\/v2\/media?parent=434151"}],"wp:term":[{"taxonomy":"category","embeddable":true,"href":"https:\/\/www.europesays.com\/fr\/wp-json\/wp\/v2\/categories?post=434151"},{"taxonomy":"post_tag","embeddable":true,"href":"https:\/\/www.europesays.com\/fr\/wp-json\/wp\/v2\/tags?post=434151"}],"curies":[{"name":"wp","href":"https:\/\/api.w.org\/{rel}","templated":true}]}}