{"id":434169,"date":"2025-10-02T17:17:31","date_gmt":"2025-10-02T17:17:31","guid":{"rendered":"https:\/\/www.europesays.com\/fr\/434169\/"},"modified":"2025-10-02T17:17:31","modified_gmt":"2025-10-02T17:17:31","slug":"psychose-a-la-residence-universitaire-du-crous-blandan","status":"publish","type":"post","link":"https:\/\/www.europesays.com\/fr\/434169\/","title":{"rendered":"\u00ab\u00a0Psychose\u00a0\u00bb \u00e0 la r\u00e9sidence universitaire du Crous Blandan"},"content":{"rendered":"<p>L\u2019inqui\u00e9tude demeure dans la r\u00e9sidence universitaire du Crous Blandan. Inaugur\u00e9e en 2018, elle fait face \u00e0 de nombreux probl\u00e8mes. \u00ab\u00a0Tout a d\u00e9marr\u00e9 la semaine de la rentr\u00e9e du 8\u00a0septembre\u00a0\u00bb, alerte Martin*, \u00e9tudiant de la r\u00e9sidence depuis le d\u00e9but de l\u2019ann\u00e9e scolaire.<\/p>\n<p>Les \u00e9tudiants disposent de trois salles pour travailler. \u00ab\u00a0Des gens sont entr\u00e9s, ils se sont appropri\u00e9 les lieux. Ils fumaient du shit. Ils ont confront\u00e9 des r\u00e9sidents. L\u2019altercation \u00e9tait verbale mais c\u2019\u00e9tait mena\u00e7ant. On a appel\u00e9 la police, le temps qu\u2019elle arrive, ils \u00e9taient partis.\u00a0\u00bb Les r\u00e9sidents pensent que le passage de la police a \u00e9t\u00e9 dissuasif, mais les individus reviennent d\u00e8s le lendemain.<\/p>\n<p>\u00ab\u00a0Je ne me sens pas du tout en s\u00e9curit\u00e9\u00a0\u00bb<\/p>\n<p>\u00ab\u00a0Je re\u00e7ois un message indiquant qu\u2019il y a des individus. Je descends pour v\u00e9rifier. J\u2019y vais avec mon ordinateur car je voulais travailler\u00a0\u00bb, pr\u00e9cise l\u2019\u00e9tudiant. Il d\u00e9pose ses&#8230;<\/p>\n","protected":false},"excerpt":{"rendered":"L\u2019inqui\u00e9tude demeure dans la r\u00e9sidence universitaire du Crous Blandan. Inaugur\u00e9e en 2018, elle fait face \u00e0 de nombreux&hellip;\n","protected":false},"author":2,"featured_media":434170,"comment_status":"","ping_status":"","sticky":false,"template":"","format":"standard","meta":{"footnotes":""},"categories":[1889],"tags":[1111,11,2430,2757,1057,4854,1777,674,107,1011,27,1908,2428,5947,5946,12,25,2429,104],"class_list":{"0":"post-434169","1":"post","2":"type-post","3":"status-publish","4":"format-standard","5":"has-post-thumbnail","7":"category-lyon","8":"tag-actu","9":"tag-actualites","10":"tag-auvergne-rhone-alpes","11":"tag-edition-lyon-villeurbanne","12":"tag-education","13":"tag-enseignement-superieur","14":"tag-eu","15":"tag-europe","16":"tag-fil-info","17":"tag-fr","18":"tag-france","19":"tag-logement","20":"tag-lyon","21":"tag-lyon-7e","22":"tag-lyon-7e-arrondissement","23":"tag-news","24":"tag-republique-francaise","25":"tag-rhone","26":"tag-societe"},"share_on_mastodon":{"url":"https:\/\/pubeurope.com\/@fr\/115305712360234403","error":""},"_links":{"self":[{"href":"https:\/\/www.europesays.com\/fr\/wp-json\/wp\/v2\/posts\/434169","targetHints":{"allow":["GET"]}}],"collection":[{"href":"https:\/\/www.europesays.com\/fr\/wp-json\/wp\/v2\/posts"}],"about":[{"href":"https:\/\/www.europesays.com\/fr\/wp-json\/wp\/v2\/types\/post"}],"author":[{"embeddable":true,"href":"https:\/\/www.europesays.com\/fr\/wp-json\/wp\/v2\/users\/2"}],"replies":[{"embeddable":true,"href":"https:\/\/www.europesays.com\/fr\/wp-json\/wp\/v2\/comments?post=434169"}],"version-history":[{"count":0,"href":"https:\/\/www.europesays.com\/fr\/wp-json\/wp\/v2\/posts\/434169\/revisions"}],"wp:featuredmedia":[{"embeddable":true,"href":"https:\/\/www.europesays.com\/fr\/wp-json\/wp\/v2\/media\/434170"}],"wp:attachment":[{"href":"https:\/\/www.europesays.com\/fr\/wp-json\/wp\/v2\/media?parent=434169"}],"wp:term":[{"taxonomy":"category","embeddable":true,"href":"https:\/\/www.europesays.com\/fr\/wp-json\/wp\/v2\/categories?post=434169"},{"taxonomy":"post_tag","embeddable":true,"href":"https:\/\/www.europesays.com\/fr\/wp-json\/wp\/v2\/tags?post=434169"}],"curies":[{"name":"wp","href":"https:\/\/api.w.org\/{rel}","templated":true}]}}