{"id":434173,"date":"2025-10-02T17:20:14","date_gmt":"2025-10-02T17:20:14","guid":{"rendered":"https:\/\/www.europesays.com\/fr\/434173\/"},"modified":"2025-10-02T17:20:14","modified_gmt":"2025-10-02T17:20:14","slug":"en-pleine-polemique-shein-la-ville-de-paris-annonce-enterrer-le-projet-de-naming-bhv-stadium","status":"publish","type":"post","link":"https:\/\/www.europesays.com\/fr\/434173\/","title":{"rendered":"En pleine pol\u00e9mique Shein, la Ville de Paris annonce enterrer le projet de naming \u00ab\u00a0BHV Stadium"},"content":{"rendered":"<p>            Par<br \/>\n        <strong><br \/>\n            <a href=\"https:\/\/actu.fr\/auteur\/glenn-gillet\" title=\"Consulter tous les articles de Glenn Gillet\" target=\"_blank\" rel=\"noopener\">Glenn Gillet<\/a><br \/>\n        <\/strong><\/p>\n<p>        Publi\u00e9 le<\/p>\n<p>            2 oct. 2025 \u00e0 18h31        <\/p>\n<p>Le stade Jean-Bouin ne <a href=\"https:\/\/actu.fr\/ile-de-france\/paris_75056\/a-paris-le-bhv-veut-jouer-dans-la-cour-des-grands-et-s-offrir-un-naming-inattendu_63210948.html\" target=\"_blank\" rel=\"noopener\">portera pas le nom \u00ab\u2009BHV\u2009\u00bb<\/a>, ni aucun autre d\u2019ailleurs. C\u2019\u00e9tait pourtant le projet d\u2019une d\u00e9lib\u00e9ration d\u00e9pos\u00e9e par la Ville de Paris et qui devait faire l\u2019objet d\u2019un vote de quasi-routine au cours du prochain Conseil de Paris\u2009: faire de ce stade le <strong>\u00ab\u2009BHV Stadium \u2013 Jean Bouin\u2009\u00bb<\/strong>, lors des matchs jou\u00e9s sur place par les rugbymen du <a href=\"https:\/\/actu.fr\/tag\/stade-francais\" target=\"_blank\" rel=\"noopener\">Stade Fran\u00e7ais<\/a>, qui partage notamment l\u2019enceinte avec les footballeurs du Paris FC. Mais en pleine pol\u00e9mique sur l\u2019annonce de l\u2019installation d\u2019un magasin de <a href=\"https:\/\/actu.fr\/ile-de-france\/paris_75056\/une-tres-mauvaise-nouvelle-la-mairie-de-paris-inquiete-face-a-l-ouverture-d-un-magasin-shein-au-bhv_63245451.html\" target=\"_blank\" rel=\"noopener\">l\u2019enseigne controvers\u00e9e de \u00ab\u2009fast fashion\u2009\u00bb Shein<\/a> au sein du grand magasin embl\u00e9matique du centre de Paris, la municipalit\u00e9 a fait savoir ce jeudi 2\u00a0octobre 2025 que ce projet de <strong>naming<\/strong> du stade appartenant \u00e0 la Ville \u00e9tait d\u00e9finitivement <strong>enterr\u00e9<\/strong>.<\/p>\n<p>D\u00e9cision d\u2019Anne Hidalgo, probablement \u00ab\u2009pas au courant\u2009\u00bb jusqu\u2019ici<\/p>\n<p class=\" wall-content\">Patrick Bloche, premier adjoint \u00e0 la mairie de Paris, a en effet annonc\u00e9 au cours d\u2019une conf\u00e9rence de presse qu\u2019il n\u2019y a, \u00e0 l\u2019heure actuelle, \u00ab\u2009plus de d\u00e9lib\u00e9ration pour ce naming\u2009\u00bb, sur d\u00e9cision d\u2019<a href=\"https:\/\/actu.fr\/ile-de-france\/paris_75056\/revelation-des-notes-de-frais-d-anne-hidalgo-la-maire-de-paris-annonce-qu-elle-va-porter-plainte_63190920.html\" target=\"_blank\" rel=\"noopener\">Anne Hidalgo<\/a>. \u00ab\u2009La mairie de Paris a souhait\u00e9 qu\u2019il n\u2019y ait plus ce projet pour Jean-Bouin et qu\u2019il devait rester Jean-Bouin [\u2026]. Je pense qu\u2019elle n\u2019\u00e9tait pas au courant du projet\u2009\u00bb, explique-t-il. Une d\u00e9cision prise, il l\u2019assure, <strong>avant l\u2019annonce<\/strong> faite lundi par le BHV de la future implantation d\u2019un magasin Shein.<\/p>\n<p class=\" wall-content\">Nicolas Bonnet-Oulaldj, adjoint en charge du commerce \u00e0 la mairie de Paris, pr\u00e9cise que la d\u00e9cision d\u2019Anne Hidalgo est notamment due notamment l\u2019histoire du fameux Jean Bouin, athl\u00e8te fran\u00e7ais de course \u00e0 pied m\u00e9daill\u00e9 d\u2019argent aux Jeux olympiques de 1912, ancien d\u00e9tenteur de multiples records du monde et tu\u00e9 le 29\u00a0septembre 1914, alors qu\u2019il s\u2019\u00e9tait engag\u00e9 au front lors de la Premi\u00e8re Guerre mondiale. La maire Paris voulait en substance que l\u2019<strong>hommage<\/strong> qui lui avait \u00e9t\u00e9 fait en utilisant son patronyme pour nommer le stade parisien <strong>reste intact<\/strong>.<\/p>\n<p class=\" wall-content\">Dans le projet de d\u00e9lib\u00e9ration d\u00e9pos\u00e9 par la direction des sports de la mairie de Paris, il \u00e9tait pr\u00e9vu que le stade presque centenaire soit renomm\u00e9 uniquement pour les \u00e9v\u00e9nements du Stade Fran\u00e7ais et que \u00ab\u2009les redevances, assises sur le chiffre d\u2019affaires issu du contrat de \u2018naming\u2019et estim\u00e9es \u00e0 <strong>100\u2009000\u20ac<\/strong>, seront constat\u00e9es sur le budget de fonctionnement de la Ville des ann\u00e9es 2026 et suivantes\u2009\u00bb.<\/p>\n<p class=\" wall-content\">Personnalisez votre actualit\u00e9 en ajoutant vos villes et m\u00e9dias en favori avec <a href=\"https:\/\/moncompte.actu.fr\" title=\"D\u00e9couvez Mon Actu\" rel=\"nofollow noopener\" data-trk=\"{&quot;cta&quot;:{&quot;action&quot;:&quot;https:\\\/\\\/moncompte.actu.fr&quot;,&quot;category&quot;:&quot;mon compte&quot;,&quot;from&quot;:&quot;article footer&quot;,&quot;name&quot;:&quot;Mon actu&quot;,&quot;type&quot;:&quot;cta&quot;}}\" target=\"_blank\">Mon Actu<\/a>.<\/p>\n","protected":false},"excerpt":{"rendered":"Par Glenn Gillet Publi\u00e9 le 2 oct. 2025 \u00e0 18h31 Le stade Jean-Bouin ne portera pas le nom&hellip;\n","protected":false},"author":2,"featured_media":434174,"comment_status":"","ping_status":"","sticky":false,"template":"","format":"standard","meta":{"footnotes":""},"categories":[1888],"tags":[1111,1928,11,1927,4753,1777,674,1011,27,12,1926,626,1925,316,25,2558,54637],"class_list":{"0":"post-434173","1":"post","2":"type-post","3":"status-publish","4":"format-standard","5":"has-post-thumbnail","7":"category-paris","8":"tag-actu","9":"tag-actu-paris","10":"tag-actualites","11":"tag-actualites-paris","12":"tag-bhv","13":"tag-eu","14":"tag-europe","15":"tag-fr","16":"tag-france","17":"tag-news","18":"tag-news-paris","19":"tag-paris","20":"tag-paris-news","21":"tag-politique","22":"tag-republique-francaise","23":"tag-stade-francais","24":"tag-stade-jean-bouin"},"share_on_mastodon":{"url":"https:\/\/pubeurope.com\/@fr\/115305724348008852","error":""},"_links":{"self":[{"href":"https:\/\/www.europesays.com\/fr\/wp-json\/wp\/v2\/posts\/434173","targetHints":{"allow":["GET"]}}],"collection":[{"href":"https:\/\/www.europesays.com\/fr\/wp-json\/wp\/v2\/posts"}],"about":[{"href":"https:\/\/www.europesays.com\/fr\/wp-json\/wp\/v2\/types\/post"}],"author":[{"embeddable":true,"href":"https:\/\/www.europesays.com\/fr\/wp-json\/wp\/v2\/users\/2"}],"replies":[{"embeddable":true,"href":"https:\/\/www.europesays.com\/fr\/wp-json\/wp\/v2\/comments?post=434173"}],"version-history":[{"count":0,"href":"https:\/\/www.europesays.com\/fr\/wp-json\/wp\/v2\/posts\/434173\/revisions"}],"wp:featuredmedia":[{"embeddable":true,"href":"https:\/\/www.europesays.com\/fr\/wp-json\/wp\/v2\/media\/434174"}],"wp:attachment":[{"href":"https:\/\/www.europesays.com\/fr\/wp-json\/wp\/v2\/media?parent=434173"}],"wp:term":[{"taxonomy":"category","embeddable":true,"href":"https:\/\/www.europesays.com\/fr\/wp-json\/wp\/v2\/categories?post=434173"},{"taxonomy":"post_tag","embeddable":true,"href":"https:\/\/www.europesays.com\/fr\/wp-json\/wp\/v2\/tags?post=434173"}],"curies":[{"name":"wp","href":"https:\/\/api.w.org\/{rel}","templated":true}]}}