{"id":434175,"date":"2025-10-02T17:21:17","date_gmt":"2025-10-02T17:21:17","guid":{"rendered":"https:\/\/www.europesays.com\/fr\/434175\/"},"modified":"2025-10-02T17:21:17","modified_gmt":"2025-10-02T17:21:17","slug":"quelles-pieces-de-theatre-voir-ce-week-end-du-3-au-5-octobre-2025-2","status":"publish","type":"post","link":"https:\/\/www.europesays.com\/fr\/434175\/","title":{"rendered":"Quelles pi\u00e8ces de th\u00e9\u00e2tre voir ce week-end du 3 au 5 octobre 2025 ?"},"content":{"rendered":"<p class=\"mb-4 text-lg md:leading-8 break-words\"><strong>Id\u00e9es de sorties &#8211; Th\u00e9\u00e2tre, stand-up, danse\u2026 les spectacles parisiens n\u2019attendent que vous\u00a0! Du 3 au 5\u00a0octobre 2025, d\u00e9couvrez six spectacles pour un week-end culturel r\u00e9ussi \u00e0 Paris, \u00e0 prix abordables. Au programme\u00a0: \u00e9motions, rires et d\u00e9couvertes artistiques.<\/strong><\/p>\n<p class=\"mb-4 text-lg md:leading-8 break-words\">Envie de th\u00e9\u00e2tre \u00e0 Paris, de stand-up ou de spectacles de danse\u00a0? Ce week-end, d\u00e9couvrez notre s\u00e9lection des meilleurs spectacles \u00e0 petit prix. Gr\u00e2ce \u00e0 TicketNunc, profitez d\u2019offres de derni\u00e8re minute, valables entre 24 et 72 heures avant la repr\u00e9sentation.<\/p>\n<p class=\"mb-4 text-lg md:leading-8 break-words\">Du th\u00e9\u00e2tre contemporain aux com\u00e9dies qui font rire aux \u00e9clats, en passant par des performances immersives et des shows de danse, il y en a pour tous les go\u00fbts. Ne ratez pas l\u2019occasion de sortir \u00e0 Paris, vivre des \u00e9motions fortes et partager un vrai moment culturel\u00a0!<\/p>\n<p class=\"mb-4 text-lg md:leading-8 break-words\">Voici la s\u00e9lection de six spectacles \u00e0 ne pas manquer ce week-end, du 3 au 5\u00a0octobre 2025\u00a0:<\/p>\n<p>Akim Omiri &#8211; Contexte<img alt=\"[object Object]\" loading=\"lazy\" width=\"500\" height=\"707\" decoding=\"async\" data-nimg=\"1\" class=\"rounded-lg\" style=\"color:transparent\" src=\"https:\/\/www.europesays.com\/fr\/wp-content\/uploads\/2025\/10\/7a21ee7e8651e668b5f81f242e8e4c2e.jpeg\"\/><\/p>\n<p>[object Object]<\/p>\n<p class=\"mb-4 text-lg md:leading-8 break-words\">Avec son humour piquant, Akim s\u2019attaque aux grandes questions de soci\u00e9t\u00e9\u00a0: l\u2019\u00e9cole qui formate, la cancel culture, les th\u00e9ories du complot\u2026 Ici, pas de survol rapide des pol\u00e9miques\u00a0: le com\u00e9dien prend le temps de d\u00e9cortiquer, de rire, mais aussi de r\u00e9fl\u00e9chir. Un stand-up qui fait autant sourire que cogiter.<\/p>\n<ul class=\"mb-4\">\n<li class=\"ml-4 list-disc\">\n<p class=\"mb-4 text-lg md:leading-8 break-words\">Lieu\u00a0: La P\u00e9pini\u00e8re Th\u00e9\u00e2tre, 7 rue Louis le Grand, 75002 PARIS<\/p>\n<\/li>\n<\/ul>\n<p><a href=\"https:\/\/www.ticketnunc.com\/spectacles\/akim-omiri---contexte?utm_source=20_minutes&amp;utm_medium=articles&amp;utm_campaign=article_20_minutes\" rel=\"nofollow noopener\" target=\"_blank\" data-ylk=\"slk:Je prends ma place;elm:context_link;itc:0;sec:content-canvas\" class=\"link \">Je prends ma place<\/a>La f\u00eate du slip<img alt=\"[object Object]\" loading=\"lazy\" width=\"500\" height=\"750\" decoding=\"async\" data-nimg=\"1\" class=\"rounded-lg\" style=\"color:transparent\" src=\"https:\/\/www.europesays.com\/fr\/wp-content\/uploads\/2025\/10\/3a0df9accdaa231b74be6facd7cbf398.jpeg\"\/><\/p>\n<p>[object Object]<\/p>\n<p class=\"mb-4 text-lg md:leading-8 break-words\">Apr\u00e8s avoir questionn\u00e9 la virilit\u00e9 dans Le Premier Sexe ou la grosse arnaque de la virilit\u00e9, Micka\u00ebl D\u00e9lis poursuit sa trilogie sur la masculinit\u00e9. Cette fois, il zoome sur \u00ab\u00a0le contenu du slip\u00a0\u00bb\u00a0: troubles sexuels, angoisses de performance, impuissance\u2026 Autour de ses proches (vrais ou fantasm\u00e9s), il met en sc\u00e8ne ses questionnements avec humour et sinc\u00e9rit\u00e9, pour mieux parler de vuln\u00e9rabilit\u00e9.<\/p>\n<ul class=\"mb-4\">\n<li class=\"ml-4 list-disc\">\n<p class=\"mb-4 text-lg md:leading-8 break-words\">Lieu\u00a0: La Scala, 13 bd de Strasbourg, 75010 Paris<\/p>\n<\/li>\n<\/ul>\n<p><a href=\"https:\/\/www.ticketnunc.com\/spectacles\/la-fete-du-slip?utm_source=20_minutes&amp;utm_medium=articles&amp;utm_campaign=article_20_minuteshttps:\/\/www.ticketnunc.com\/spectacles\/la-fete-du-slip?utm_source=20_minutes&amp;utm_medium=articles&amp;utm_campaign=article_20_minutes\" rel=\"nofollow noopener\" target=\"_blank\" data-ylk=\"slk:Je prends ma place;elm:context_link;itc:0;sec:content-canvas\" class=\"link \">Je prends ma place<\/a><\/p>\n<p class=\"mb-4 text-lg md:leading-8 break-words\">Frangines &#8211; On ne(&#8230;)<\/p>\n<p class=\"mb-4 text-lg md:leading-8 break-words\"><a href=\"https:\/\/www.20minutes.fr\/arts-stars\/loisirs\/4176438-20251002-spectacles-paris-pieces-theatre-voir-week-end-3-5-octobre-2025?at_medium=RSS%20feed&amp;at_campaign=ynews&amp;utm_source=yahoo&amp;utm_medium=rss&amp;utm_campaign=news_feed&amp;utm_content=read_more_link&quot;\" rel=\"nofollow noopener\" target=\"_blank\" data-ylk=\"slk:Lire la suite sur 20minutes;elm:context_link;itc:0;sec:content-canvas\" class=\"link \">Lire la suite sur 20minutes<\/a><\/p>\n<p>\u00c0 lire aussi :<br \/><a href=\"https:\/\/www.20minutes.fr\/tempo\/4176579-20251002-octobre-rose-2025-courses-soirees-actions-solidaires-participer-paris?at_medium=RSS%20feed&amp;at_campaign=ynews&amp;utm_source=yahoo&amp;utm_medium=rss&amp;utm_campaign=news_feed&amp;utm_content=related_content_link\" rel=\"nofollow noopener\" target=\"_blank\" data-ylk=\"slk:Octobre Rose 2025 : Courses, soir\u00e9es et actions solidaires pour y participer \u00e0 Paris;elm:context_link;itc:0;sec:content-canvas\" class=\"link \">Octobre Rose 2025 : Courses, soir\u00e9es et actions solidaires pour y participer \u00e0 Paris<\/a><br \/><a href=\"https:\/\/www.20minutes.fr\/arts-stars\/culture\/musique\/4176471-20251001-nuit-blanche-2026-dj-barbara-butch-directrice-artistique-25e-edition-evenement-culturel?at_medium=RSS%20feed&amp;at_campaign=ynews&amp;utm_source=yahoo&amp;utm_medium=rss&amp;utm_campaign=news_feed&amp;utm_content=related_content_link\" rel=\"nofollow noopener\" target=\"_blank\" data-ylk=\"slk:Nuit Blanche 2026\u00a0: La DJ Barbara Butch sera la directrice artistique de la 25e \u00e9dition de l\u2019\u00e9v\u00e9nement culturel;elm:context_link;itc:0;sec:content-canvas\" class=\"link \">Nuit Blanche 2026\u00a0: La DJ Barbara Butch sera la directrice artistique de la 25e \u00e9dition de l\u2019\u00e9v\u00e9nement culturel<\/a><\/p>\n","protected":false},"excerpt":{"rendered":"Id\u00e9es de sorties &#8211; Th\u00e9\u00e2tre, stand-up, danse\u2026 les spectacles parisiens n\u2019attendent que vous\u00a0! Du 3 au 5\u00a0octobre 2025,&hellip;\n","protected":false},"author":2,"featured_media":434176,"comment_status":"","ping_status":"","sticky":false,"template":"","format":"standard","meta":{"footnotes":""},"categories":[1888],"tags":[1111,1928,11,1927,1777,674,1011,27,26316,12,1926,7518,626,1925,25,41092,56187,56188,56186],"class_list":{"0":"post-434175","1":"post","2":"type-post","3":"status-publish","4":"format-standard","5":"has-post-thumbnail","7":"category-paris","8":"tag-actu","9":"tag-actu-paris","10":"tag-actualites","11":"tag-actualites-paris","12":"tag-eu","13":"tag-europe","14":"tag-fr","15":"tag-france","16":"tag-idees-de-sorties","17":"tag-news","18":"tag-news-paris","19":"tag-octobre","20":"tag-paris","21":"tag-paris-news","22":"tag-republique-francaise","23":"tag-rue-louis-le-grand","24":"tag-spectacles-de-danse","25":"tag-spectacles-parisiens","26":"tag-theatre-contemporain"},"share_on_mastodon":{"url":"https:\/\/pubeurope.com\/@fr\/115305728729885565","error":""},"_links":{"self":[{"href":"https:\/\/www.europesays.com\/fr\/wp-json\/wp\/v2\/posts\/434175","targetHints":{"allow":["GET"]}}],"collection":[{"href":"https:\/\/www.europesays.com\/fr\/wp-json\/wp\/v2\/posts"}],"about":[{"href":"https:\/\/www.europesays.com\/fr\/wp-json\/wp\/v2\/types\/post"}],"author":[{"embeddable":true,"href":"https:\/\/www.europesays.com\/fr\/wp-json\/wp\/v2\/users\/2"}],"replies":[{"embeddable":true,"href":"https:\/\/www.europesays.com\/fr\/wp-json\/wp\/v2\/comments?post=434175"}],"version-history":[{"count":0,"href":"https:\/\/www.europesays.com\/fr\/wp-json\/wp\/v2\/posts\/434175\/revisions"}],"wp:featuredmedia":[{"embeddable":true,"href":"https:\/\/www.europesays.com\/fr\/wp-json\/wp\/v2\/media\/434176"}],"wp:attachment":[{"href":"https:\/\/www.europesays.com\/fr\/wp-json\/wp\/v2\/media?parent=434175"}],"wp:term":[{"taxonomy":"category","embeddable":true,"href":"https:\/\/www.europesays.com\/fr\/wp-json\/wp\/v2\/categories?post=434175"},{"taxonomy":"post_tag","embeddable":true,"href":"https:\/\/www.europesays.com\/fr\/wp-json\/wp\/v2\/tags?post=434175"}],"curies":[{"name":"wp","href":"https:\/\/api.w.org\/{rel}","templated":true}]}}