{"id":434177,"date":"2025-10-02T17:22:08","date_gmt":"2025-10-02T17:22:08","guid":{"rendered":"https:\/\/www.europesays.com\/fr\/434177\/"},"modified":"2025-10-02T17:22:08","modified_gmt":"2025-10-02T17:22:08","slug":"direct-frais-des-elus-disposer-de-11000-euros-annuels-comme-certains-maires-nest-pas-en-phase-avec-la-situation-du-pays","status":"publish","type":"post","link":"https:\/\/www.europesays.com\/fr\/434177\/","title":{"rendered":"DIRECT. Frais des \u00e9lus\u00a0: \u00ab Disposer de 11000 euros annuels, comme certains maires, n&rsquo;est pas en phase avec la situation du pays\u00a0\u00bb"},"content":{"rendered":"<p>Bonjour Quentin D. Eric Lejoindre, maire (PS) du XVIIIe arrondissement, est accus\u00e9 sur les r\u00e9seaux sociaux d&rsquo;avoir achet\u00e9 trois pizzas qui semblent destin\u00e9es \u00e0 des enfants. Des propos qui sont accompagn\u00e9s d&rsquo;une facture que nous avons pu obtenir aussi. Toutefois, il n&rsquo;a pas, lorsque <a href=\"https:\/\/www.leparisien.fr\/paris-75\/je-nai-rien-a-cacher-a-paris-le-maire-du-xviiie-eric-lejoindre-defend-ses-depenses-de-mandat-01-10-2025-AA6USEZF4BCBHJ2C6LOUPNTAAE.php\" target=\"_blank\" rel=\"noopener\">nous l&rsquo;avons interrog\u00e9<\/a> \u00e0 ce sujet, voulu dire pour qui \u00e9taient ces trois pizzas.<br \/>S&rsquo;il peut para\u00eetre compr\u00e9hensible que cette d\u00e9pense interpelle, elle aurait bien \u00e9t\u00e9 valid\u00e9e par le service de la Ville de Paris qui re\u00e7oit les justificatifs des d\u00e9penses des maires. En l&rsquo;\u00e9tat de la l\u00e9gislation en vigueur, tant que ces d\u00e9penses ne d\u00e9passent pas le plafond, il n&rsquo;encourt pas r\u00e9ellement de mises en cause sur le plan judiciaire. Enfin, il n&rsquo;est pas \u00e0 exclure que des associations demandent \u00e0 la justice de trancher de la l\u00e9galit\u00e9 de certaines d\u00e9penses de leurs \u00e9lus.<\/p>\n","protected":false},"excerpt":{"rendered":"Bonjour Quentin D. Eric Lejoindre, maire (PS) du XVIIIe arrondissement, est accus\u00e9 sur les r\u00e9seaux sociaux d&rsquo;avoir achet\u00e9&hellip;\n","protected":false},"author":2,"featured_media":434178,"comment_status":"","ping_status":"","sticky":false,"template":"","format":"standard","meta":{"footnotes":""},"categories":[1888],"tags":[11,1777,674,1011,27,820,12,53411,626,25],"class_list":{"0":"post-434177","1":"post","2":"type-post","3":"status-publish","4":"format-standard","5":"has-post-thumbnail","7":"category-paris","8":"tag-actualites","9":"tag-eu","10":"tag-europe","11":"tag-fr","12":"tag-france","13":"tag-live","14":"tag-news","15":"tag-notes-de-frais","16":"tag-paris","17":"tag-republique-francaise"},"share_on_mastodon":{"url":"https:\/\/pubeurope.com\/@fr\/115305732233304678","error":""},"_links":{"self":[{"href":"https:\/\/www.europesays.com\/fr\/wp-json\/wp\/v2\/posts\/434177","targetHints":{"allow":["GET"]}}],"collection":[{"href":"https:\/\/www.europesays.com\/fr\/wp-json\/wp\/v2\/posts"}],"about":[{"href":"https:\/\/www.europesays.com\/fr\/wp-json\/wp\/v2\/types\/post"}],"author":[{"embeddable":true,"href":"https:\/\/www.europesays.com\/fr\/wp-json\/wp\/v2\/users\/2"}],"replies":[{"embeddable":true,"href":"https:\/\/www.europesays.com\/fr\/wp-json\/wp\/v2\/comments?post=434177"}],"version-history":[{"count":0,"href":"https:\/\/www.europesays.com\/fr\/wp-json\/wp\/v2\/posts\/434177\/revisions"}],"wp:featuredmedia":[{"embeddable":true,"href":"https:\/\/www.europesays.com\/fr\/wp-json\/wp\/v2\/media\/434178"}],"wp:attachment":[{"href":"https:\/\/www.europesays.com\/fr\/wp-json\/wp\/v2\/media?parent=434177"}],"wp:term":[{"taxonomy":"category","embeddable":true,"href":"https:\/\/www.europesays.com\/fr\/wp-json\/wp\/v2\/categories?post=434177"},{"taxonomy":"post_tag","embeddable":true,"href":"https:\/\/www.europesays.com\/fr\/wp-json\/wp\/v2\/tags?post=434177"}],"curies":[{"name":"wp","href":"https:\/\/api.w.org\/{rel}","templated":true}]}}