{"id":434183,"date":"2025-10-02T17:25:21","date_gmt":"2025-10-02T17:25:21","guid":{"rendered":"https:\/\/www.europesays.com\/fr\/434183\/"},"modified":"2025-10-02T17:25:21","modified_gmt":"2025-10-02T17:25:21","slug":"transfert-des-avoirs-russes-a-lukraine-et-menace-de-represailles-pourquoi-la-belgique-hesite-a-laisser-lue-manger-la-poule-aux-oeufs-dor-02-10-2025-a-1349","status":"publish","type":"post","link":"https:\/\/www.europesays.com\/fr\/434183\/","title":{"rendered":"Transfert des avoirs russes \u00e0 l&rsquo;Ukraine et menace de repr\u00e9sailles : pourquoi la Belgique h\u00e9site \u00e0 laisser l&rsquo;UE \u00ab\u00a0manger la poule aux oeufs d&rsquo;or\u00a0\u00bb &#8211; 02\/10\/2025 \u00e0 13:49"},"content":{"rendered":"<p> La Commission europ\u00e9enne a propos\u00e9 un plan visant \u00e0 pr\u00eater \u00e0 Kiev les milliards d&rsquo;avoirs gel\u00e9s russes stock\u00e9s sur la plateforme Euroclear, bas\u00e9e \u00e0 Bruxelles. Cette solution pr\u00e9occupe le pouvoir belge, qui pointe les zones d&rsquo;ombre et cons\u00e9quences potentielles d&rsquo;une telle d\u00e9cision.<\/p>\n<p>        <img fetchpriority=\"high\" decoding=\"async\" src=\"https:\/\/www.europesays.com\/fr\/wp-content\/uploads\/2025\/10\/7ae634eecfe5c1ed887fcd2ddcabfc41-760x516.jpg\" alt=\"Le Premier ministre belge Bart de Wever, \u00e0 Berlin, le 26 ao\u00fbt 2025 ( AFP \/ TOBIAS SCHWARZ )\" loading=\"eager\" width=\"760\" height=\"516\" style=\"max-width: 100%!important; height: auto;\"\/><\/p>\n<p class=\"c-image-news__legend\">Le Premier ministre belge Bart de Wever, \u00e0 Berlin, le 26 ao\u00fbt 2025 ( AFP \/ TOBIAS SCHWARZ )<\/p>\n<p>\n La Belgique, o\u00f9 se trouve une grande partie des avoirs gel\u00e9s russes en Europe, a pos\u00e9 jeudi 2 octobre ses conditions avant qu&rsquo;ils ne soient utilis\u00e9s en faveur de l&rsquo;Ukraine comme la Commission europ\u00e9enne l&rsquo;a propos\u00e9. Quelque 210 milliards d&rsquo;euros d&rsquo;avoirs de la banque centrale russe, d\u00e9tenus par la firme financi\u00e8re Euroclear, qui a son si\u00e8ge \u00e0 Bruxelles, sont immobilis\u00e9s \u00e0 la suite de sanctions prises apr\u00e8s l&rsquo;invasion de l&rsquo;Ukraine en f\u00e9vrier 2022.\n<\/p>\n<p>\n \u00ab\u00a0C&rsquo;est un peu comme une poule aux oeufs d&rsquo;or\u00a0\u00bb, a expliqu\u00e9 devant la presse le Premier ministre belge Bart de Wever au b\u00e9n\u00e9fice de l&rsquo;Ukraine. Et,<br \/>\n <strong><br \/>\n  \u00ab\u00a0la question est de savoir si on peut maintenant manger la poule\u00a0\u00bb,<br \/>\n <\/strong><br \/>\n s&rsquo;est-il interrog\u00e9 en marge d&rsquo;un sommet rassemblant des dizaines de dirigeants europ\u00e9ens \u00e0 Copenhague.\n<\/p>\n<p> Quid de l&rsquo;avenir actifs occidentaux en Russie?<\/p>\n<p>\n Pour assurer son soutien dans la dur\u00e9e, l&rsquo;Union europ\u00e9enne envisage d&rsquo;utiliser ces avoirs gel\u00e9s<br \/>\n <a href=\"https:\/\/www.boursorama.com\/actualite-economique\/actualites\/pret-de-reparation-pour-l-ukraine-l-ue-va-utiliser-de-nouveau-les-avoirs-russes-geles-sans-toucher-au-capital-8399691bfa16b143be77ab7adcbc7ab1\" title=\" Pr\u00eat de r\u00e9paration  pour l Ukraine : l UE va utiliser de nouveau les avoirs russes gel\u00e9s... sans toucher au capital\" rel=\"nofollow noopener\" target=\"_blank\"><br \/>\n  pour financer un pr\u00eat<br \/>\n <\/a><br \/>\n de quelque 140 milliards d&rsquo;euros \u00e0 l&rsquo;Ukraine. La Commission europ\u00e9enne assure qu&rsquo;il ne s&rsquo;agit pas d&rsquo;une \u00ab\u00a0confiscation\u00a0\u00bb. La Belgique reste toutefois tr\u00e8s r\u00e9ticente, redoutant d&rsquo;\u00e9ventuelles cons\u00e9quences ou repr\u00e9sailles russes.<br \/>\n <strong><br \/>\n  M. De Wever a d&rsquo;ailleurs pr\u00e9cis\u00e9 que le dirigeant d&rsquo;Euroclear vivait d\u00e9sormais sous \u00ab\u00a0protection rapproch\u00e9e\u00a0\u00bb. Et il a cit\u00e9 les menaces qu&rsquo;il dit avoir re\u00e7ues de la Russie: \u00ab\u00a0Si vous touchez \u00e0 mon argent, vous en ressentirez les cons\u00e9quences jusqu&rsquo;\u00e0 l&rsquo;\u00e9ternit\u00e9\u00a0\u00bb,<br \/>\n <\/strong><br \/>\n a-t-il d\u00e9clar\u00e9.\n<\/p>\n<p>\n \u00ab\u00a0Nous savons qu&rsquo;il existe de l&rsquo;argent occidental gel\u00e9 et immobilis\u00e9 en Russie\u00a0\u00bb, ainsi que des \u00ab\u00a0usines\u00a0\u00bb qui pourraient \u00eatre confisqu\u00e9es, a-t-il averti.<br \/>\n <strong><br \/>\n  \u00ab\u00a0Je comprends l&rsquo;envie de manger la poule maintenant, mais si vous regardez le dossier de plus pr\u00e8s, je pense qu&rsquo;avant de vouloir la manger, il y a quelques questions qui doivent \u00eatre r\u00e9solues\u00a0\u00bb,<br \/>\n <\/strong><br \/>\n a soulign\u00e9 M. De Wever.\n<\/p>\n<p>\n Selon une information de l&rsquo;agence Bloomberg relay\u00e9e mercredi 1er octobre, un d\u00e9cret sign\u00e9 par Vladimir Poutine permet d\u00e9sormais \u00e0 Moscou d&rsquo;acc\u00e9l\u00e9rer la vente des entreprises nationales et \u00e9trang\u00e8res, en r\u00e9duisant \u00e0 10 jours les d\u00e9lais d\u2019\u00e9valuation pr\u00e9alable \u00e0 la vente et en acc\u00e9l\u00e9rant les proc\u00e9dures d\u2019enregistrement.\n<\/p>\n<p> \u00ab\u00a0Mangeons toutes les poules !\u00a0\u00bb<\/p>\n<p>\n La Belgique n&rsquo;entend pas \u00eatre seule \u00e0 payer les pots cass\u00e9s et r\u00e9clame une solidarit\u00e9 totale de la part des autres pays europ\u00e9ens. \u00ab\u00a0J&rsquo;ai expliqu\u00e9 \u00e0 mes coll\u00e8gues hier (mercredi) que je veux leur signature\u00a0\u00bb, a-t-il ajout\u00e9. Les 27 de l&rsquo;UE \u00e9taient rassembl\u00e9s mercredi \u00e0 Copenhague \u00e0 l&rsquo;occasion d&rsquo;un sommet informel.\n<\/p>\n<p>\n D&rsquo;autres pays dans le monde ont aussi des avoirs en Europe et pourraient \u00eatre tent\u00e9 de les placer ailleurs, si les Europ\u00e9ens devaient utiliser ceux de la Russie, a encore expliqu\u00e9 M. De Wever, prenant l&rsquo;exemple de la Chine, alli\u00e9e de la Russie. Toutes ces questions doivent recevoir une r\u00e9ponse, et si ce n&rsquo;est pas le cas, \u00ab\u00a0il faudra trouver d&rsquo;autres moyens de financer l&rsquo;Ukraine\u00a0\u00bb, a poursuivi M. De Wever.\n<\/p>\n<p>\n <strong><br \/>\n  Quelque 162 milliards d&rsquo;avoir russes se trouvent en dehors de la Belgique. \u00ab\u00a0Personne n&rsquo;en parle\u00a0\u00bb,<br \/>\n <\/strong><br \/>\n a-t-il soulign\u00e9, appelant les pays o\u00f9 ils se trouvent \u00e0 jouer aussi leur r\u00f4le. \u00ab\u00a0Mangeons toutes les poules\u00a0\u00bb, pas seulement celle se trouvant en Belgique, a-t-il lanc\u00e9.<\/p>\n","protected":false},"excerpt":{"rendered":"La Commission europ\u00e9enne a propos\u00e9 un plan visant \u00e0 pr\u00eater \u00e0 Kiev les milliards d&rsquo;avoirs gel\u00e9s russes stock\u00e9s&hellip;\n","protected":false},"author":2,"featured_media":434184,"comment_status":"","ping_status":"","sticky":false,"template":"","format":"standard","meta":{"footnotes":""},"categories":[1590],"tags":[400,11,398,408,405,1777,674,403,402,399,404,12,401,406,220,407],"class_list":{"0":"post-434183","1":"post","2":"type-post","3":"status-publish","4":"format-standard","5":"has-post-thumbnail","7":"category-ukraine","8":"tag-action-cac-40","9":"tag-actualites","10":"tag-bourse-de-paris","11":"tag-boursorama","12":"tag-cotations","13":"tag-eu","14":"tag-europe","15":"tag-indices-devises","16":"tag-investir","17":"tag-investissement","18":"tag-marche-boursier","19":"tag-news","20":"tag-sicav","21":"tag-trackers","22":"tag-ukraine","23":"tag-warrants"},"share_on_mastodon":{"url":"https:\/\/pubeurope.com\/@fr\/115305744288957159","error":""},"_links":{"self":[{"href":"https:\/\/www.europesays.com\/fr\/wp-json\/wp\/v2\/posts\/434183","targetHints":{"allow":["GET"]}}],"collection":[{"href":"https:\/\/www.europesays.com\/fr\/wp-json\/wp\/v2\/posts"}],"about":[{"href":"https:\/\/www.europesays.com\/fr\/wp-json\/wp\/v2\/types\/post"}],"author":[{"embeddable":true,"href":"https:\/\/www.europesays.com\/fr\/wp-json\/wp\/v2\/users\/2"}],"replies":[{"embeddable":true,"href":"https:\/\/www.europesays.com\/fr\/wp-json\/wp\/v2\/comments?post=434183"}],"version-history":[{"count":0,"href":"https:\/\/www.europesays.com\/fr\/wp-json\/wp\/v2\/posts\/434183\/revisions"}],"wp:featuredmedia":[{"embeddable":true,"href":"https:\/\/www.europesays.com\/fr\/wp-json\/wp\/v2\/media\/434184"}],"wp:attachment":[{"href":"https:\/\/www.europesays.com\/fr\/wp-json\/wp\/v2\/media?parent=434183"}],"wp:term":[{"taxonomy":"category","embeddable":true,"href":"https:\/\/www.europesays.com\/fr\/wp-json\/wp\/v2\/categories?post=434183"},{"taxonomy":"post_tag","embeddable":true,"href":"https:\/\/www.europesays.com\/fr\/wp-json\/wp\/v2\/tags?post=434183"}],"curies":[{"name":"wp","href":"https:\/\/api.w.org\/{rel}","templated":true}]}}