{"id":434185,"date":"2025-10-02T17:26:11","date_gmt":"2025-10-02T17:26:11","guid":{"rendered":"https:\/\/www.europesays.com\/fr\/434185\/"},"modified":"2025-10-02T17:26:11","modified_gmt":"2025-10-02T17:26:11","slug":"taux-seance-sans-relief-faute-de-stats-us-1er-effet-shutdown-02-10-2025-a-1838","status":"publish","type":"post","link":"https:\/\/www.europesays.com\/fr\/434185\/","title":{"rendered":"Taux : s\u00e9ance sans relief, faute de &lsquo;stats&rsquo; US (1er effet &lsquo;shutdown&rsquo;) &#8211; 02\/10\/2025 \u00e0 18:38"},"content":{"rendered":"<p>                                                                Les taux US se sont l\u00e9g\u00e8rement d\u00e9tendus mercredi apr\u00e8s-midi (-1,5Pt, rien de spectaculaire) lorsque ADP a fait part de 32 000 destructions d&#8217;emploi dans le secteur priv\u00e9 aux Etats-Unis en septembre&#8230; mais en ce jeudi, plus rien ne bouge, tout est fig\u00e9, avec un &rsquo;10 ans&rsquo; \u00e0 4,10% (contre 4,11%), un &rsquo;30 ans&rsquo; \u00e0 4,70% (-1,5Pt), mais un &lsquo;2 ans&rsquo; qui se tend de +1Pt \u00e0 3,555%&#8230; donc match nul.<\/p>\n<p>De plus, ADP a r\u00e9vis\u00e9 le solde du mois pr\u00e9c\u00e9dent \u00e0 -3 000, au lieu de +54 000 en premi\u00e8re lecture, soit un diff\u00e9rentiel de plus 120.000 jobs manquants sur 2 mois par rapport aux pr\u00e9visions du march\u00e9.<br \/>\n<br \/>Et le shutdown a par exemple emp\u00each\u00e9 la publication des inscriptions hebdomadaires au ch\u00f4mage et des commandes \u00e0 l&rsquo;industrie am\u00e9ricaine cet apr\u00e8s-midi, il risque d&rsquo;en \u00eatre de meme pour le &lsquo;NFP&rsquo; demain&#8230; donc la semaine pourrait s&rsquo;achever en roue libre sur les T-Bonds.\n<\/p>\n<p>Cela semble d\u00e9j\u00e0 \u00eatre le cas sur les \u00e9missions en Euro avec des OAT compl\u00e8tement \u00e0 l&rsquo;arr\u00eat vers 3,5200%, des Bunds qui effacent 0,5Pt \u00e0 2,693%.\n<\/p>\n<p>Meilleure performance du jour pour les &lsquo;Gilts&rsquo; britanniques qui effacent -2Pts vers 2,695%&#8230; alors que l&rsquo;activit\u00e9 \u00e9conomique a continu\u00e9 de d\u00e9cliner cet \u00e9t\u00e9, partant d&rsquo;un taux de +0,3% au 2\u00e8me trimestre apr\u00e8s +0,7% au 1er.\n<\/p>\n<p>En Europe, les chiffres du ch\u00f4mage dans la zone euro ont \u00e9t\u00e9 publi\u00e9s ce matin.\n<\/p>\n<p>En ao\u00fbt 2025, le taux de ch\u00f4mage corrig\u00e9 des variations saisonni\u00e8res de la zone euro s&rsquo;est \u00e9tabli \u00e0 6,3%, contre 6,2% en juillet, tandis que celui de l&rsquo;UE est rest\u00e9 stable \u00e0 5,9%, selon les chiffres publi\u00e9s par Eurostat.\n<\/p>\n<p>L&rsquo;or recule de -0,4% ce jeudi, le p\u00e9trole ne refait pas surface et le baril de Brent chute de -1,5% pour un nouveau plancher de 64,5$, le WTI replonge sous les 61$ (-1,4% vers 60,9$ sur le NYMEX, au plus bas depuis le 1er juin).<\/p>\n","protected":false},"excerpt":{"rendered":"Les taux US se sont l\u00e9g\u00e8rement d\u00e9tendus mercredi apr\u00e8s-midi (-1,5Pt, rien de spectaculaire) lorsque ADP a fait part&hellip;\n","protected":false},"author":2,"featured_media":15273,"comment_status":"","ping_status":"","sticky":false,"template":"","format":"standard","meta":{"footnotes":""},"categories":[1589],"tags":[400,11,398,408,405,73,1866,403,402,399,404,12,401,406,1864,1865,1863,308,407],"class_list":{"0":"post-434185","1":"post","2":"type-post","3":"status-publish","4":"format-standard","5":"has-post-thumbnail","7":"category-etats-unis","8":"tag-action-cac-40","9":"tag-actualites","10":"tag-bourse-de-paris","11":"tag-boursorama","12":"tag-cotations","13":"tag-etats-unis","14":"tag-etats-unis-damerique","15":"tag-indices-devises","16":"tag-investir","17":"tag-investissement","18":"tag-marche-boursier","19":"tag-news","20":"tag-sicav","21":"tag-trackers","22":"tag-united-states","23":"tag-united-states-of-america","24":"tag-us","25":"tag-usa","26":"tag-warrants"},"share_on_mastodon":{"url":"https:\/\/pubeurope.com\/@fr\/115305747825539297","error":""},"_links":{"self":[{"href":"https:\/\/www.europesays.com\/fr\/wp-json\/wp\/v2\/posts\/434185","targetHints":{"allow":["GET"]}}],"collection":[{"href":"https:\/\/www.europesays.com\/fr\/wp-json\/wp\/v2\/posts"}],"about":[{"href":"https:\/\/www.europesays.com\/fr\/wp-json\/wp\/v2\/types\/post"}],"author":[{"embeddable":true,"href":"https:\/\/www.europesays.com\/fr\/wp-json\/wp\/v2\/users\/2"}],"replies":[{"embeddable":true,"href":"https:\/\/www.europesays.com\/fr\/wp-json\/wp\/v2\/comments?post=434185"}],"version-history":[{"count":0,"href":"https:\/\/www.europesays.com\/fr\/wp-json\/wp\/v2\/posts\/434185\/revisions"}],"wp:featuredmedia":[{"embeddable":true,"href":"https:\/\/www.europesays.com\/fr\/wp-json\/wp\/v2\/media\/15273"}],"wp:attachment":[{"href":"https:\/\/www.europesays.com\/fr\/wp-json\/wp\/v2\/media?parent=434185"}],"wp:term":[{"taxonomy":"category","embeddable":true,"href":"https:\/\/www.europesays.com\/fr\/wp-json\/wp\/v2\/categories?post=434185"},{"taxonomy":"post_tag","embeddable":true,"href":"https:\/\/www.europesays.com\/fr\/wp-json\/wp\/v2\/tags?post=434185"}],"curies":[{"name":"wp","href":"https:\/\/api.w.org\/{rel}","templated":true}]}}