{"id":434186,"date":"2025-10-02T17:27:10","date_gmt":"2025-10-02T17:27:10","guid":{"rendered":"https:\/\/www.europesays.com\/fr\/434186\/"},"modified":"2025-10-02T17:27:10","modified_gmt":"2025-10-02T17:27:10","slug":"au-royaume-uni-une-attaque-contre-une-synagogue-ravive-les-tensions-religieuses","status":"publish","type":"post","link":"https:\/\/www.europesays.com\/fr\/434186\/","title":{"rendered":"Au Royaume-Uni, une attaque contre une synagogue ravive les tensions religieuses"},"content":{"rendered":"<p>La synagogue de Heaton Park, \u00e0 Crumpsall, une banlieue ouvri\u00e8re au nord de Manchester, \u00e9tait pleine \u00e0 craquer ce jeudi matin pour les pri\u00e8res associ\u00e9es \u00e0 Yom Kippour, le jour le plus sacr\u00e9 du calendrier juif. Juste apr\u00e8s 9h30, une voiture est venue s\u2019encastrer dans la barri\u00e8re entourant le lieu de culte. Le grand bonhomme chauve et barbu qui en est sorti s\u2019est imm\u00e9diatement mis \u00e0 poignarder les personnes \u00e0 proximit\u00e9, selon les t\u00e9moignages de r\u00e9sidents locaux.<\/p>\n<p>Il a tu\u00e9 deux personnes, dont un garde de s\u00e9curit\u00e9, a indiqu\u00e9 la police. Quatre autres personnes sont gri\u00e8vement bless\u00e9es. Les membres de la congr\u00e9gation sont parvenus \u00e0 se barricader \u00e0 l\u2019int\u00e9rieur de la synagogue. Les forces de l\u2019ordre sont intervenues peu apr\u00e8s et ont abattu l\u2019homme. Elles ont d\u00e9ploy\u00e9 un robot pour examiner trois bo\u00eetiers qu\u2019il avait accroch\u00e9s \u00e0 sa taille, pour v\u00e9rifier s\u2019il s\u2019agissait d\u2019une bombe. En d\u00e9but d\u2019apr\u00e8s-midi, elles ont arr\u00eat\u00e9 deux autres suspects dans une rue adjacente.<\/p>\n","protected":false},"excerpt":{"rendered":"La synagogue de Heaton Park, \u00e0 Crumpsall, une banlieue ouvri\u00e8re au nord de Manchester, \u00e9tait pleine \u00e0 craquer&hellip;\n","protected":false},"author":2,"featured_media":434187,"comment_status":"","ping_status":"","sticky":false,"template":"","format":"standard","meta":{"footnotes":""},"categories":[1588],"tags":[11,1777,674,25501,12,301,473,1853,1254,1851,1850,1852],"class_list":{"0":"post-434186","1":"post","2":"type-post","3":"status-publish","4":"format-standard","5":"has-post-thumbnail","7":"category-royaume-uni","8":"tag-actualites","9":"tag-eu","10":"tag-europe","11":"tag-le-conflit-israelo-palestinien","12":"tag-news","13":"tag-premium","14":"tag-royaume-uni","15":"tag-royaume-uni-de-grande-bretagne-et-dirlande-du-nord","16":"tag-terrorisme","17":"tag-uk","18":"tag-united-kingdom","19":"tag-united-kingdom-of-great-britain-and-northern-ireland"},"share_on_mastodon":{"url":"https:\/\/pubeurope.com\/@fr\/115305751874524486","error":""},"_links":{"self":[{"href":"https:\/\/www.europesays.com\/fr\/wp-json\/wp\/v2\/posts\/434186","targetHints":{"allow":["GET"]}}],"collection":[{"href":"https:\/\/www.europesays.com\/fr\/wp-json\/wp\/v2\/posts"}],"about":[{"href":"https:\/\/www.europesays.com\/fr\/wp-json\/wp\/v2\/types\/post"}],"author":[{"embeddable":true,"href":"https:\/\/www.europesays.com\/fr\/wp-json\/wp\/v2\/users\/2"}],"replies":[{"embeddable":true,"href":"https:\/\/www.europesays.com\/fr\/wp-json\/wp\/v2\/comments?post=434186"}],"version-history":[{"count":0,"href":"https:\/\/www.europesays.com\/fr\/wp-json\/wp\/v2\/posts\/434186\/revisions"}],"wp:featuredmedia":[{"embeddable":true,"href":"https:\/\/www.europesays.com\/fr\/wp-json\/wp\/v2\/media\/434187"}],"wp:attachment":[{"href":"https:\/\/www.europesays.com\/fr\/wp-json\/wp\/v2\/media?parent=434186"}],"wp:term":[{"taxonomy":"category","embeddable":true,"href":"https:\/\/www.europesays.com\/fr\/wp-json\/wp\/v2\/categories?post=434186"},{"taxonomy":"post_tag","embeddable":true,"href":"https:\/\/www.europesays.com\/fr\/wp-json\/wp\/v2\/tags?post=434186"}],"curies":[{"name":"wp","href":"https:\/\/api.w.org\/{rel}","templated":true}]}}