{"id":434195,"date":"2025-10-02T17:32:14","date_gmt":"2025-10-02T17:32:14","guid":{"rendered":"https:\/\/www.europesays.com\/fr\/434195\/"},"modified":"2025-10-02T17:32:14","modified_gmt":"2025-10-02T17:32:14","slug":"les-indiscretions-du-figaro-magazine","status":"publish","type":"post","link":"https:\/\/www.europesays.com\/fr\/434195\/","title":{"rendered":"les indiscr\u00e9tions du Figaro Magazine"},"content":{"rendered":"<p><strong>CHRONIQUE &#8211;<\/strong> Petites phrases et coulisses de la semaine politique.<\/p>\n<p class=\"fig-paragraph\">Plus les jours passent, plus les principaux responsables politiques sentent qu\u2019une nouvelle dissolution est in\u00e9luctable.\u00a0<a href=\"http:\/\/www.lefigaro.fr\/politique\/emmanuel-macron-peut-il-maintenir-un-gouvernement-demissionnaire-jusqu-a-la-fin-de-son-mandat-20250929\" target=\"_blank\" data-fig-type=\"Article\" rel=\"noopener\" data-gtm-custom-categorie=\"navigation\" data-gtm-custom-action=\"crossclick\" data-gtm-custom-label=\"Contextuel\" data-gtm-event=\"customEventSPE\" data-fig-domain=\"LEFIGARO\">Emmanuel Macron<\/a>\u00a0a beau vouloir gagner du temps, personne n\u2019imagine que le pr\u00e9sident de la R\u00e9publique pourra \u00e9viter de recourir une seconde fois \u00e0 cette arme que lui conf\u00e8re la Constitution. M\u00eame si, parmi les dirigeants du socle commun, beaucoup s\u2019accordent \u00e0 dire que le r\u00e9sultat sera\u00a0<a href=\"http:\/\/www.lefigaro.fr\/politique\/frederic-micheau-le-front-republicain-pourrait-sans-doute-connaitre-un-petit-affaiblissement-en-cas-de-dissolution-20250928\" target=\"_blank\" data-fig-type=\"Article\" rel=\"noopener\" data-gtm-custom-categorie=\"navigation\" data-gtm-custom-action=\"crossclick\" data-gtm-custom-label=\"Contextuel\" data-gtm-event=\"customEventSPE\" data-fig-domain=\"LEFIGARO\">une nouvelle d\u00e9faite pour le camp pr\u00e9sidentiel<\/a>.<\/p>\n<p class=\"fig-paragraph\">\u00ab S\u2019il y a une dissolution, ce sera une boucherie \u00e9lectorale\u00a0\u00bb, pr\u00e9dit un proche d\u2019\u00c9douard Philippe. Il s\u2019appuie sur la strat\u00e9gie adopt\u00e9e en juillet 2024 et sur la rentr\u00e9e 2025 pour \u00e9tayer son propos. Pour cet \u00e9lu, les Fran\u00e7ais en voudront aux responsables du socle commun de leur avoir demand\u00e9 de mettre un mouchoir sur leurs convictions pour cr\u00e9er un front r\u00e9publicain\u00a0<a href=\"http:\/\/www.lefigaro.fr\/politique\/le-rassemblement-national-a-finalise-son-plan-matignon-ii-et-son-programme-presidentiel-20250928\" target=\"_blank\" data-fig-type=\"Article\" rel=\"noopener\" data-gtm-custom-categorie=\"navigation\" data-gtm-custom-action=\"crossclick\" data-gtm-custom-label=\"Contextuel\" data-gtm-event=\"customEventSPE\" data-fig-domain=\"LEFIGARO\">contre le Rassemblement national<\/a>\u00a0alors qu\u2019ils se sont av\u00e9r\u00e9s incapables de faire ce front r\u00e9publicain sur le budget\u00a0! Mais le pire sera sans doute que le bloc central\u2026<\/p>\n<p class=\"fig-premium-paywall__infos\">\n        Cet article est r\u00e9serv\u00e9 aux abonn\u00e9s.        Il vous reste 72% \u00e0 d\u00e9couvrir.\n    <\/p>\n<p>                <img  data- alt=\"Le Figaro\" class=\"fig-img--complete fig-img\"\/><\/p>\n<p class=\"fig-premium-paywall__title\">Vous avez envie de lire la suite ?<\/p>\n<p class=\"fig-premium-paywall__subtitle\">D\u00e9bloquez tous les articles imm\u00e9diatement.<\/p>\n<p class=\"fig-premium-paywall__connect\">\n                D\u00e9j\u00e0 abonn\u00e9\u00a0?                <a class=\"fig-premium-paywall__connect-link\" href=\"https:\/\/connect.lefigaro.fr\/login?client=horizon_web&amp;type=main&amp;redirect_uri=https%3A%2F%2Fwww.lefigaro.fr%2Fpolitique%2Fs-il-y-a-une-dissolution-ce-sera-une-boucherie-les-indiscretions-du-figaro-magazine-20251002\" data-js-gtm=\"{&quot;customCategorie&quot;: &quot;conversion&quot;, &quot;customAction&quot;: &quot;before_Landing_Connexion_paywall_auto&quot;, &quot;customLabel&quot;: &quot;bGVmaWdhcm8uZnJfXzFmMDllYjJhLTMwNGQtNjZhMi1hZmU3LTBkMmUxMjA0MGE5ZV9fQXJ0aWNsZQ==_\u00abS\u2019il y a une dissolution, ce sera une boucherie\u00bb\u00a0: les indiscr\u00e9tions du &lt;i&gt;Figaro Magazine&lt;\/i&gt;_546&quot;, &quot;customIDSPE&quot;: &quot;bGVmaWdhcm8uZnJfXzFmMDllYjJhLTMwNGQtNjZhMi1hZmU3LTBkMmUxMjA0MGE5ZV9fQXJ0aWNsZQ==&quot;, &quot;event&quot;: &quot;customEventSPE&quot;}\" target=\"_blank\" rel=\"noopener\"><br \/>\n                    Connectez-vous<br \/>\n                <\/a>\n            <\/p>\n","protected":false},"excerpt":{"rendered":"CHRONIQUE &#8211; Petites phrases et coulisses de la semaine politique. Plus les jours passent, plus les principaux responsables&hellip;\n","protected":false},"author":2,"featured_media":434196,"comment_status":"","ping_status":"","sticky":false,"template":"","format":"standard","meta":{"footnotes":""},"categories":[2],"tags":[11,13281,1011,27,6319,12,25,11067],"class_list":{"0":"post-434195","1":"post","2":"type-post","3":"status-publish","4":"format-standard","5":"has-post-thumbnail","7":"category-actualites","8":"tag-actualites","9":"tag-dissolution-de-lassemblee-nationale","10":"tag-fr","11":"tag-france","12":"tag-les-republicains","13":"tag-news","14":"tag-republique-francaise","15":"tag-sebastien-lecornu"},"share_on_mastodon":{"url":"https:\/\/pubeurope.com\/@fr\/115305771415916926","error":""},"_links":{"self":[{"href":"https:\/\/www.europesays.com\/fr\/wp-json\/wp\/v2\/posts\/434195","targetHints":{"allow":["GET"]}}],"collection":[{"href":"https:\/\/www.europesays.com\/fr\/wp-json\/wp\/v2\/posts"}],"about":[{"href":"https:\/\/www.europesays.com\/fr\/wp-json\/wp\/v2\/types\/post"}],"author":[{"embeddable":true,"href":"https:\/\/www.europesays.com\/fr\/wp-json\/wp\/v2\/users\/2"}],"replies":[{"embeddable":true,"href":"https:\/\/www.europesays.com\/fr\/wp-json\/wp\/v2\/comments?post=434195"}],"version-history":[{"count":0,"href":"https:\/\/www.europesays.com\/fr\/wp-json\/wp\/v2\/posts\/434195\/revisions"}],"wp:featuredmedia":[{"embeddable":true,"href":"https:\/\/www.europesays.com\/fr\/wp-json\/wp\/v2\/media\/434196"}],"wp:attachment":[{"href":"https:\/\/www.europesays.com\/fr\/wp-json\/wp\/v2\/media?parent=434195"}],"wp:term":[{"taxonomy":"category","embeddable":true,"href":"https:\/\/www.europesays.com\/fr\/wp-json\/wp\/v2\/categories?post=434195"},{"taxonomy":"post_tag","embeddable":true,"href":"https:\/\/www.europesays.com\/fr\/wp-json\/wp\/v2\/tags?post=434195"}],"curies":[{"name":"wp","href":"https:\/\/api.w.org\/{rel}","templated":true}]}}