{"id":434197,"date":"2025-10-02T17:33:20","date_gmt":"2025-10-02T17:33:20","guid":{"rendered":"https:\/\/www.europesays.com\/fr\/434197\/"},"modified":"2025-10-02T17:33:20","modified_gmt":"2025-10-02T17:33:20","slug":"vous-avez-la-parole-la-france-dans-limpasse-suivez-notre-soiree-speciale-sur-lci","status":"publish","type":"post","link":"https:\/\/www.europesays.com\/fr\/434197\/","title":{"rendered":"\u00ab\u00a0Vous avez la parole : la France dans l&rsquo;impasse ?\u00a0\u00bb : suivez notre soir\u00e9e sp\u00e9ciale sur LCI"},"content":{"rendered":"<ul class=\"jsx-862013697 ArticleChapo__List\">\n<li class=\"jsx-862013697 ArticleChapo__List_Item flex\">Ce jeudi 2 octobre \u00e0 21h, LCI propose une \u00e9mission sp\u00e9ciale intitul\u00e9e \u00ab\u00a0Vous avez la parole : la France dans l&rsquo;impasse\u202f?\u00a0\u00bb<\/li>\n<li class=\"jsx-862013697 ArticleChapo__List_Item flex\">Apr\u00e8s une journ\u00e9e de mobilisation en demi-teinte, des Fran\u00e7ais sont invit\u00e9s par Darius Rochebin \u00e0 partager leurs inqui\u00e9tudes et leurs pr\u00e9occupations.<\/li>\n<li class=\"jsx-862013697 ArticleChapo__List_Item flex\">Une \u00e9mission \u00e0 suivre en direct sur LCI (canal 15).<\/li>\n<\/ul>\n<p><a href=\"https:\/\/www.tf1info.fr\/emissions\/lci\/vous-avez-la-parole-14344\/\" rel=\"noopener\" class=\"jsx-484472199 Link jsx-1428418400 jsx-640816507\" target=\"_blank\"><\/p>\n<p style=\"font-weight:400\" class=\"jsx-1837267516\">Suivez la couverture compl\u00e8te<\/p>\n<p style=\"font-weight:800\" class=\"jsx-1837267516\">Vous avez la parole<\/p>\n<p><\/a><\/p>\n<p data-module=\"article-paragraph\" class=\"jsx-3046738180 Paragraph\">Ce jeudi 2 octobre, \u00e0 l&rsquo;issue d&rsquo;une nouvelle journ\u00e9e de mobilisation sociale, en net repli par rapport \u00e0 celle du 18 septembre dernier, LCI vous donne rendez-vous \u00e0 partir de 21 heures pour une \u00e9mission sp\u00e9ciale consacr\u00e9e \u00e0 la situation du pays.<\/p>\n<p data-module=\"article-paragraph\" class=\"jsx-3046738180 Paragraph\">Sur le plateau de LCI, pendant plus de deux heures, un panel de Fran\u00e7ais issus d&rsquo;horizons et de secteurs d&rsquo;activit\u00e9 diff\u00e9rents partageront leurs pr\u00e9occupations et interrogeront directement les invit\u00e9s sur le plateau.\u00a0<\/p>\n<p data-module=\"article-paragraph\" class=\"jsx-3046738180 Paragraph Paragraph__End\">Pour leur r\u00e9pondre, des repr\u00e9sentants syndicaux, des \u00e9lus ou encore des patrons interviennent en plateau pour \u00e9changer et d\u00e9battre avec eux, au cours de cette soir\u00e9e anim\u00e9e par Darius Rochebin.\u00a0Les personnalit\u00e9s invit\u00e9es : Fr\u00e9d\u00e9ric Souillot, secr\u00e9taire g\u00e9n\u00e9ral de Force ouvri\u00e8re, Geoffroy Roux de B\u00e9zieux, entrepreneur et ancien pr\u00e9sident du Medef, la d\u00e9put\u00e9e LFI Dani\u00e8le Obono et le d\u00e9put\u00e9 RN Laurent Jacobelli.\u00a0<\/p>\n<p data-module=\"article-paragraph\" class=\"jsx-3046738180 Paragraph Paragraph__End\"><strong>Un rendez-vous \u00e0 suivre \u00e0 partir de 21h sur le canal 15.<\/strong><\/p>\n<p>La r\u00e9daction de TF1info<\/p>\n","protected":false},"excerpt":{"rendered":"Ce jeudi 2 octobre \u00e0 21h, LCI propose une \u00e9mission sp\u00e9ciale intitul\u00e9e \u00ab\u00a0Vous avez la parole : la&hellip;\n","protected":false},"author":2,"featured_media":434198,"comment_status":"","ping_status":"","sticky":false,"template":"","format":"standard","meta":{"footnotes":""},"categories":[4],"tags":[1111,11,1921,56190,1011,27,56191,1922,2338,4803,12,1078,25,133,4530,14843,56189],"class_list":{"0":"post-434197","1":"post","2":"type-post","3":"status-publish","4":"format-standard","5":"has-post-thumbnail","7":"category-france","8":"tag-actu","9":"tag-actualites","10":"tag-article-video","11":"tag-force-ouvriere","12":"tag-fr","13":"tag-france","14":"tag-geoffroy-roux-de-bezieux","15":"tag-info","16":"tag-la-france-insoumise","17":"tag-medef","18":"tag-news","19":"tag-rassemblement-national","20":"tag-republique-francaise","21":"tag-video","22":"tag-video-politique","23":"tag-vie-politique-francaise","24":"tag-vous-avez-la-parole"},"share_on_mastodon":{"url":"https:\/\/pubeurope.com\/@fr\/115305775287484610","error":""},"_links":{"self":[{"href":"https:\/\/www.europesays.com\/fr\/wp-json\/wp\/v2\/posts\/434197","targetHints":{"allow":["GET"]}}],"collection":[{"href":"https:\/\/www.europesays.com\/fr\/wp-json\/wp\/v2\/posts"}],"about":[{"href":"https:\/\/www.europesays.com\/fr\/wp-json\/wp\/v2\/types\/post"}],"author":[{"embeddable":true,"href":"https:\/\/www.europesays.com\/fr\/wp-json\/wp\/v2\/users\/2"}],"replies":[{"embeddable":true,"href":"https:\/\/www.europesays.com\/fr\/wp-json\/wp\/v2\/comments?post=434197"}],"version-history":[{"count":0,"href":"https:\/\/www.europesays.com\/fr\/wp-json\/wp\/v2\/posts\/434197\/revisions"}],"wp:featuredmedia":[{"embeddable":true,"href":"https:\/\/www.europesays.com\/fr\/wp-json\/wp\/v2\/media\/434198"}],"wp:attachment":[{"href":"https:\/\/www.europesays.com\/fr\/wp-json\/wp\/v2\/media?parent=434197"}],"wp:term":[{"taxonomy":"category","embeddable":true,"href":"https:\/\/www.europesays.com\/fr\/wp-json\/wp\/v2\/categories?post=434197"},{"taxonomy":"post_tag","embeddable":true,"href":"https:\/\/www.europesays.com\/fr\/wp-json\/wp\/v2\/tags?post=434197"}],"curies":[{"name":"wp","href":"https:\/\/api.w.org\/{rel}","templated":true}]}}