{"id":434202,"date":"2025-10-02T17:40:16","date_gmt":"2025-10-02T17:40:16","guid":{"rendered":"https:\/\/www.europesays.com\/fr\/434202\/"},"modified":"2025-10-02T17:40:16","modified_gmt":"2025-10-02T17:40:16","slug":"une-figure-majeure-du-paddock-assure-devoir-des-excuses-a-bagnaia-apres-ses-critiques","status":"publish","type":"post","link":"https:\/\/www.europesays.com\/fr\/434202\/","title":{"rendered":"une figure majeure du paddock assure devoir des excuses \u00e0 Bagnaia apr\u00e8s ses critiques"},"content":{"rendered":"<p>L&rsquo;heure des excuses. Carlo Pernat, figure majeure du paddock de MotoGP et manager historique, a d\u00e9cid\u00e9 de pr\u00e9senter des excuses \u00e0 Francesco Bagnaia. Pernat avait publiquement d\u00e9clar\u00e9, il y a quelques temps, que le probl\u00e8me du double champion du monde MotoGP \u00e9tait avant tout mental. Il avait expliqu\u00e9 que l&rsquo;Italien avait du mal \u00e0 faire face \u00e0 la concurrence de Marc M\u00e1rquez, son co\u00e9quipier chez Ducati. Sauf que le superbe week-end de Bagnaia lors du Grand Prix du Japon remet en cause cette d\u00e9claration de Pernat, qui a tenu \u00e0 s&rsquo;excuser.<\/p>\n<p>Pernat s&rsquo;excuse aupr\u00e8s de Bagnaia<\/p>\n<p>\u00ab\u00a0Un grand bravo \u00e0 Pecco, je lui dois bien des excuses. J\u2019\u00e9tais convaincu que ce n\u2019\u00e9tait qu\u2019un probl\u00e8me psychologique. C\u2019est en partie vrai : avoir Marc Marquez comme co\u00e9quipier, quelqu\u2019un qui les a tous \u00e9cras\u00e9, rendait la r\u00e9sistance presque impossible. Mais il y avait aussi des raisons techniques. Au Japon, on lui a pratiquement donn\u00e9 la moto 2024. Ce n\u2019\u00e9tait pas grand-chose, mais c\u2019est ce qu\u2019il recherchait et qu\u2019il n\u2019arrivait pas \u00e0 d\u00e9velopper\u00a0\u00bb, a d\u00e9clar\u00e9 Carlo Pernat aupr\u00e8s de GPOne, pour qui il s&rsquo;est longuement confi\u00e9. L&rsquo;ancien manager a aussi assur\u00e9 qu&rsquo;il pense que ce succ\u00e8s au Japon peut tout changer pour l&rsquo;Italien.<\/p>\n<p>\u00ab\u00a0Je pense que Bagnaia a travers\u00e9 le pire moment de sa carri\u00e8re et de sa vie. Il l\u2019a surmont\u00e9, et maintenant, j\u2019aimerais que les cinq derniers Grands Prix soient comme un nouveau mini-championnat, avec un Bagnaia capable de rivaliser avec Marc Marquez, et un Bezzecchi moins malchanceux\u00a0\u00bb, a confi\u00e9 Pernat, qui veut donc revoir le Francesco Bagnaia des derni\u00e8res saisons. Il n&rsquo;est pas le seul&#8230;<\/p>\n<p>    Partagez cette info avec vos amis et vos proches en cliquant ici  <\/p>\n<p> Podcasts \u00e0 la une MEN LIFE <\/p>\n<p>    Pour r\u00e9sumer<\/p>\n<p>L&rsquo;heure des excuses. Carlo Pernat, figure majeure du paddock de MotoGP et manager historique, a d\u00e9cid\u00e9 de pr\u00e9senter des excuses \u00e0 Francesco Bagnaia. Pernat avait publiquement d\u00e9clar\u00e9, il y a quelques temps, que le probl\u00e8me du double champion du monde MotoGP \u00e9tait avant tout mental.<\/p>\n<p>R\u00e9dacteur<\/p>\n<p><img decoding=\"async\" width=\"76\" height=\"76\" loading=\"lazy\" src=\"https:\/\/www.europesays.com\/fr\/wp-content\/uploads\/2025\/04\/logo-victor-willems.jpg\" alt=\"Victor Willems\"\/><\/p>\n","protected":false},"excerpt":{"rendered":"L&rsquo;heure des excuses. Carlo Pernat, figure majeure du paddock de MotoGP et manager historique, a d\u00e9cid\u00e9 de pr\u00e9senter&hellip;\n","protected":false},"author":2,"featured_media":434203,"comment_status":"","ping_status":"","sticky":false,"template":"","format":"standard","meta":{"footnotes":""},"categories":[1413],"tags":[1011,27,1457,1456,60],"class_list":{"0":"post-434202","1":"post","2":"type-post","3":"status-publish","4":"format-standard","5":"has-post-thumbnail","7":"category-moto","8":"tag-fr","9":"tag-france","10":"tag-moto","11":"tag-motocycle","12":"tag-sports"},"share_on_mastodon":{"url":"https:\/\/pubeurope.com\/@fr\/115305803398001575","error":""},"_links":{"self":[{"href":"https:\/\/www.europesays.com\/fr\/wp-json\/wp\/v2\/posts\/434202","targetHints":{"allow":["GET"]}}],"collection":[{"href":"https:\/\/www.europesays.com\/fr\/wp-json\/wp\/v2\/posts"}],"about":[{"href":"https:\/\/www.europesays.com\/fr\/wp-json\/wp\/v2\/types\/post"}],"author":[{"embeddable":true,"href":"https:\/\/www.europesays.com\/fr\/wp-json\/wp\/v2\/users\/2"}],"replies":[{"embeddable":true,"href":"https:\/\/www.europesays.com\/fr\/wp-json\/wp\/v2\/comments?post=434202"}],"version-history":[{"count":0,"href":"https:\/\/www.europesays.com\/fr\/wp-json\/wp\/v2\/posts\/434202\/revisions"}],"wp:featuredmedia":[{"embeddable":true,"href":"https:\/\/www.europesays.com\/fr\/wp-json\/wp\/v2\/media\/434203"}],"wp:attachment":[{"href":"https:\/\/www.europesays.com\/fr\/wp-json\/wp\/v2\/media?parent=434202"}],"wp:term":[{"taxonomy":"category","embeddable":true,"href":"https:\/\/www.europesays.com\/fr\/wp-json\/wp\/v2\/categories?post=434202"},{"taxonomy":"post_tag","embeddable":true,"href":"https:\/\/www.europesays.com\/fr\/wp-json\/wp\/v2\/tags?post=434202"}],"curies":[{"name":"wp","href":"https:\/\/api.w.org\/{rel}","templated":true}]}}