{"id":434210,"date":"2025-10-02T17:44:13","date_gmt":"2025-10-02T17:44:13","guid":{"rendered":"https:\/\/www.europesays.com\/fr\/434210\/"},"modified":"2025-10-02T17:44:13","modified_gmt":"2025-10-02T17:44:13","slug":"le-lokal-emission-dans-laquelle-est-mort-jean-pormanove-est-de-retour-en-live-sur-twitch","status":"publish","type":"post","link":"https:\/\/www.europesays.com\/fr\/434210\/","title":{"rendered":"Le \u00ab\u00a0Lokal\u00a0\u00bb, \u00e9mission dans laquelle est mort Jean Pormanove, est de retour en live sur Twitch"},"content":{"rendered":"<p>Moins de deux mois apr\u00e8s la <a href=\"https:\/\/www.20minutes.fr\/arts-stars\/jean-pormanove\/\" class=\"c-link c-link--is-underlined\" rel=\"nofollow noopener\" target=\"_blank\">mort de Jean Pormanove<\/a> lors d\u2019un stream sur la <a href=\"https:\/\/www.20minutes.fr\/dossier\/streaming\" class=\"c-link c-link--is-underlined\" rel=\"nofollow noopener\" target=\"_blank\">plateforme Kick<\/a>, l\u2019\u00e9mission qui a donn\u00e9 \u00e0 voir ce terrible spectacle est de retour selon <a href=\"https:\/\/www.lefigaro.fr\/secteur\/high-tech\/les-premiers-jours-etaient-compliques-apres-ca-allait-mieux-deux-mois-apres-la-mort-en-direct-de-jean-pormanove-le-discret-retour-de-l-emission-le-lokal-20250930\" rel=\"nofollow noopener\" target=\"_blank\" class=\"c-link c-link--is-underlined\">Le Figaro<\/a>. Un retour en live qui suscite de vives critiques d\u2019un c\u00f4t\u00e9, certes, mais aussi un certain engouement.<\/p>\n<p>Les cam\u00e9ras du \u00ab\u00a0Lokal\u00a0\u00bb sont de nouveau op\u00e9rationnelles. L\u2019\u00e9mission, bannie de Kick, a trouv\u00e9 refuge sur une autre plateforme de streaming, <a href=\"https:\/\/www.20minutes.fr\/high-tech\/twitch\/\" class=\"c-link c-link--is-underlined\" rel=\"nofollow noopener\" target=\"_blank\">Twitch<\/a>. Outre le canal de diffusion, il y a aussi du changement dans le casting, les streamers Narutovie et Safine, qui avaient martyris\u00e9 Jean Pormanove pendant douze jours de live avant qu\u2019il ne soit retrouv\u00e9 mort, ne sont plus l\u00e0. A leur place, c\u2019est Gwen Cenazandotti, le fr\u00e8re de Narutovie, qui est pass\u00e9 devant la cam\u00e9ra.<\/p>\n<\/p>\n<p>\u00ab\u00a0Vous me d\u00e9go\u00fbtez\u00a0\u00bb<\/p>\n<p>Selon <a href=\"https:\/\/www.leparisien.fr\/high-tech\/mort-de-jean-pormanove-deux-mois-apres-le-deces-du-streamer-lemission-lokal-relancee-sur-twitch-suscite-lindignation-02-10-2025-MEEOKEQW2ZBL7GWWDUSA23EJ5Y.php\" rel=\"nofollow noopener\" target=\"_blank\" class=\"c-link c-link--is-underlined\">Le Parisien<\/a>, c\u2019est lors d\u2019un live que ce dernier a annonc\u00e9 le retour du \u00ab\u00a0Lokal\u00a0\u00bb, expliquant avoir sign\u00e9 un nouveau \u00ab\u00a0bail de trois ans\u00a0\u00bb afin de garder et d\u2019exploiter l\u2019appartement o\u00f9 a eu lieu le drame. Une initiative qui ne colle pas avec les d\u00e9clarations de son propre fr\u00e8re, qui avait annonc\u00e9, au lendemain de l\u2019enterrement de Jean Pormanove, \u00ab\u00a0la fin de l\u2019aventure\u00a0\u00bb selon Le Figaro.<\/p>\n<p>Mais, ce que certains internautes qualifient \u00ab\u00a0d\u2019ind\u00e9cence\u00a0\u00bb ne s\u2019arr\u00eate pas l\u00e0. En effet, Gwen Cenazandotti a lanc\u00e9 une cagnotte pour l\u2019aider \u00e0 payer les charges inh\u00e9rentes \u00e0 la location du \u00ab\u00a0Lokal\u00a0\u00bb. Les \u00ab\u00a0kassos qui continuent de traire leur vache \u00e0 lait\u00a0\u00bb comment un internaute sur X. \u00ab\u00a0Vous me d\u00e9go\u00fbtez\u00a0\u00bb, l\u00e2che un autre. Sauf que, l\u2019indignation n\u2019est pas g\u00e9n\u00e9rale, loin de l\u00e0. Lors du live de mercredi, l\u2019objectif de la cagnotte, fix\u00e9 \u00e0 2.500 euros, a \u00e9t\u00e9 largement d\u00e9pass\u00e9, atteignant le soir m\u00eame plus de 3.500 euros.<\/p>\n","protected":false},"excerpt":{"rendered":"Moins de deux mois apr\u00e8s la mort de Jean Pormanove lors d\u2019un stream sur la plateforme Kick, l\u2019\u00e9mission&hellip;\n","protected":false},"author":2,"featured_media":434211,"comment_status":"","ping_status":"","sticky":false,"template":"","format":"standard","meta":{"footnotes":""},"categories":[1359],"tags":[47,7904,814,58,59,1011,27,47018,47019,973,1062,104,128,1749],"class_list":{"0":"post-434210","1":"post","2":"type-post","3":"status-publish","4":"format-standard","5":"has-post-thumbnail","7":"category-people","8":"tag-actualite","9":"tag-by-the-web","10":"tag-direct","11":"tag-divertissement","12":"tag-entertainment","13":"tag-fr","14":"tag-france","15":"tag-jean-pormanove","16":"tag-kick","17":"tag-people","18":"tag-polemique","19":"tag-societe","20":"tag-streaming","21":"tag-twitch"},"share_on_mastodon":{"url":"https:\/\/pubeurope.com\/@fr\/115305818601656470","error":""},"_links":{"self":[{"href":"https:\/\/www.europesays.com\/fr\/wp-json\/wp\/v2\/posts\/434210","targetHints":{"allow":["GET"]}}],"collection":[{"href":"https:\/\/www.europesays.com\/fr\/wp-json\/wp\/v2\/posts"}],"about":[{"href":"https:\/\/www.europesays.com\/fr\/wp-json\/wp\/v2\/types\/post"}],"author":[{"embeddable":true,"href":"https:\/\/www.europesays.com\/fr\/wp-json\/wp\/v2\/users\/2"}],"replies":[{"embeddable":true,"href":"https:\/\/www.europesays.com\/fr\/wp-json\/wp\/v2\/comments?post=434210"}],"version-history":[{"count":0,"href":"https:\/\/www.europesays.com\/fr\/wp-json\/wp\/v2\/posts\/434210\/revisions"}],"wp:featuredmedia":[{"embeddable":true,"href":"https:\/\/www.europesays.com\/fr\/wp-json\/wp\/v2\/media\/434211"}],"wp:attachment":[{"href":"https:\/\/www.europesays.com\/fr\/wp-json\/wp\/v2\/media?parent=434210"}],"wp:term":[{"taxonomy":"category","embeddable":true,"href":"https:\/\/www.europesays.com\/fr\/wp-json\/wp\/v2\/categories?post=434210"},{"taxonomy":"post_tag","embeddable":true,"href":"https:\/\/www.europesays.com\/fr\/wp-json\/wp\/v2\/tags?post=434210"}],"curies":[{"name":"wp","href":"https:\/\/api.w.org\/{rel}","templated":true}]}}