{"id":434212,"date":"2025-10-02T17:45:14","date_gmt":"2025-10-02T17:45:14","guid":{"rendered":"https:\/\/www.europesays.com\/fr\/434212\/"},"modified":"2025-10-02T17:45:14","modified_gmt":"2025-10-02T17:45:14","slug":"riad-sattouf-illustre-saint-exupery-un-reve-dadolescent-actualites","status":"publish","type":"post","link":"https:\/\/www.europesays.com\/fr\/434212\/","title":{"rendered":"Riad Sattouf illustre Saint-Exup\u00e9ry, \u00ab\u00a0un r\u00eave d&rsquo;adolescent\u00a0\u00bb : Actualit\u00e9s"},"content":{"rendered":"<p class=\"lead \">Le dessinateur Riad Sattouf r\u00e9alise \u00ab\u00a0un r\u00eave d&rsquo;adolescent\u00a0\u00bb en illustrant \u00ab\u00a0Terre des hommes\u00a0\u00bb, le livre d&rsquo;Antoine de Saint-Exup\u00e9ry, un \u00e9crivain qu&rsquo;il veut faire d\u00e9couvrir aux jeunes lecteurs parce qu&rsquo;il \u00ab\u00a0donne confiance en soi\u00a0\u00bb.<\/p>\n<p class=\"lead \">L&rsquo;auteur franco-syrien, qui a connu un grand succ\u00e8s avec les s\u00e9ries BD \u00ab\u00a0L&rsquo;Arabe du futur\u00a0\u00bb et \u00ab\u00a0Les cahiers d&rsquo;Esther\u00a0\u00bb, a dessin\u00e9 une centaine d&rsquo;illustrations en couleur pour la nouvelle version de \u00ab\u00a0Terre des hommes\u00a0\u00bb, publi\u00e9e dans la collection NRF de Gallimard.<\/p>\n<p class=\"lead \">\u00ab\u00a0La lecture, adolescent, de +Terre des hommes+ a \u00e9t\u00e9 pour moi un v\u00e9ritable choc. Je le relis souvent. C&rsquo;est un livre tr\u00e8s visuel, avec de l&rsquo;action et des situations humaines tr\u00e8s fortes\u00a0\u00bb, raconte \u00e0 l&rsquo;AFP Riad Sattouf.<\/p>\n<p class=\"lead \">Publi\u00e9 en 1939, \u00ab\u00a0Terre des hommes\u00a0\u00bb est un recueil de r\u00e9cits et de m\u00e9ditations \u00e9crit par Antoine de Saint-Exup\u00e9ry (1900-1944), en particulier lors de ses nombreux voyages en avion, dont ceux avec ses amis Jean Mermoz et Henri Guillaumet.<\/p>\n<p class=\"lead \">\u00ab\u00a0Illustrer les r\u00e9cits d&rsquo;aviation de Saint-Exup\u00e9ry est un r\u00eave d&rsquo;adolescent\u00a0\u00bb, souligne Riad Sattouf, qui a pris l&rsquo;initiative de le proposer \u00e0 Gallimard et aux h\u00e9ritiers de l&rsquo;\u00e9crivain, \u00ab\u00a0qui ont accept\u00e9\u00a0\u00bb et lui \u00ab\u00a0ont laiss\u00e9 une grande libert\u00e9\u00a0\u00bb.<\/p>\n<p class=\"lead \">Il \u00ab\u00a0adorerait\u00a0\u00bb d\u00e9sormais illustrer \u00ab\u00a0Vol de nuit\u00a0\u00bb, l&rsquo;une des autres \u0153uvres majeures de l&rsquo;auteur du \u00ab\u00a0Petit Prince\u00a0\u00bb.<\/p>\n<p class=\"lead \">\u00ab\u00a0Comme j&rsquo;ai un public compos\u00e9 de beaucoup de jeunes, qui lisent des BD et des mangas, j&rsquo;aimerais en amener une partie \u00e0 s&rsquo;int\u00e9resser \u00e0 +Terre des hommes+ parce que c&rsquo;est un livre qui \u00e9l\u00e8ve, qui peut d\u00e9bloquer des choses et qui donne confiance en soi\u00a0\u00bb, explique-t-il.<\/p>\n<p class=\"lead \">Le livre est co\u00e9dit\u00e9 par Gallimard et Les livres du futur, la maison d&rsquo;\u00e9dition que Riad Sattouf a cr\u00e9\u00e9e en 2021 et qui publie \u00ab\u00a0Moi, Fadi, le fr\u00e8re vol\u00e9\u00a0\u00bb, la s\u00e9rie qui fait suite \u00e0 \u00ab\u00a0L&rsquo;Arabe du futur\u00a0\u00bb. L&rsquo;\u00e9diteur sortira en novembre son premier album d&rsquo;un autre auteur: \u00ab\u00a0Le petit gendarme\u00a0\u00bb de Th\u00e9o Grosjean.<\/p>\n<p class=\"small font-weight-bold text-gray3 \"> publi\u00e9 le 2 octobre \u00e0 09h36, AFP<\/p>\n<p>                             Partager<\/p>\n","protected":false},"excerpt":{"rendered":"Le dessinateur Riad Sattouf r\u00e9alise \u00ab\u00a0un r\u00eave d&rsquo;adolescent\u00a0\u00bb en illustrant \u00ab\u00a0Terre des hommes\u00a0\u00bb, le livre d&rsquo;Antoine de Saint-Exup\u00e9ry,&hellip;\n","protected":false},"author":2,"featured_media":434213,"comment_status":"","ping_status":"","sticky":false,"template":"","format":"standard","meta":{"footnotes":""},"categories":[1358],"tags":[6818,1348,1384,1385,9993,1386,58,59,1011,27,11864],"class_list":{"0":"post-434212","1":"post","2":"type-post","3":"status-publish","4":"format-standard","5":"has-post-thumbnail","7":"category-arts-et-design","8":"tag-dition","9":"tag-arts","10":"tag-arts-and-design","11":"tag-arts-et-design","12":"tag-bd","13":"tag-design","14":"tag-divertissement","15":"tag-entertainment","16":"tag-fr","17":"tag-france","18":"tag-littrature"},"share_on_mastodon":{"url":"https:\/\/pubeurope.com\/@fr\/115305822512695049","error":""},"_links":{"self":[{"href":"https:\/\/www.europesays.com\/fr\/wp-json\/wp\/v2\/posts\/434212","targetHints":{"allow":["GET"]}}],"collection":[{"href":"https:\/\/www.europesays.com\/fr\/wp-json\/wp\/v2\/posts"}],"about":[{"href":"https:\/\/www.europesays.com\/fr\/wp-json\/wp\/v2\/types\/post"}],"author":[{"embeddable":true,"href":"https:\/\/www.europesays.com\/fr\/wp-json\/wp\/v2\/users\/2"}],"replies":[{"embeddable":true,"href":"https:\/\/www.europesays.com\/fr\/wp-json\/wp\/v2\/comments?post=434212"}],"version-history":[{"count":0,"href":"https:\/\/www.europesays.com\/fr\/wp-json\/wp\/v2\/posts\/434212\/revisions"}],"wp:featuredmedia":[{"embeddable":true,"href":"https:\/\/www.europesays.com\/fr\/wp-json\/wp\/v2\/media\/434213"}],"wp:attachment":[{"href":"https:\/\/www.europesays.com\/fr\/wp-json\/wp\/v2\/media?parent=434212"}],"wp:term":[{"taxonomy":"category","embeddable":true,"href":"https:\/\/www.europesays.com\/fr\/wp-json\/wp\/v2\/categories?post=434212"},{"taxonomy":"post_tag","embeddable":true,"href":"https:\/\/www.europesays.com\/fr\/wp-json\/wp\/v2\/tags?post=434212"}],"curies":[{"name":"wp","href":"https:\/\/api.w.org\/{rel}","templated":true}]}}