{"id":434216,"date":"2025-10-02T17:47:12","date_gmt":"2025-10-02T17:47:12","guid":{"rendered":"https:\/\/www.europesays.com\/fr\/434216\/"},"modified":"2025-10-02T17:47:12","modified_gmt":"2025-10-02T17:47:12","slug":"pourquoi-la-presentatrice-maya-lauque-sest-retrouvee-seule-sur-le-plateau-de-telematin-ce-jeudi","status":"publish","type":"post","link":"https:\/\/www.europesays.com\/fr\/434216\/","title":{"rendered":"Pourquoi la pr\u00e9sentatrice Maya Lauqu\u00e9 s\u2019est retrouv\u00e9e seule sur le plateau de T\u00e9l\u00e9matin ce jeudi\u00a0?"},"content":{"rendered":"<p>\n                                                                L\u2019\u00e9mission T\u00e9l\u00e9matin a \u00e9t\u00e9 partiellement chamboul\u00e9e ce jeudi 2\u00a0octobre sur France 2, en raison d\u2019un mouvement de gr\u00e8ve touchant une partie du personnel de France T\u00e9l\u00e9visions. Seule \u00e0 l\u2019antenne en d\u00e9but de programme, la co-pr\u00e9sentatrice Maya Lauqu\u00e9 a \u00e9voqu\u00e9 des conditions de r\u00e9alisation particuli\u00e8res, conduisant \u00e0 une modification du plateau.\n                            <\/p>\n<p>Les fid\u00e8les ont d\u00fb remarquer quelque chose d\u2019inhabituel. Ce jeudi matin, <a href=\"https:\/\/www.france.tv\/france-2\/telematin\/7529384-emission-du-jeudi-2-octobre-2025.html\" target=\"_blank\" rel=\"nofollow noopener\">T\u00e9l\u00e9matin <\/a>a connu un petit chamboulement.\u00a0<a href=\"https:\/\/www.midilibre.fr\/2025\/08\/04\/cette-semaine-telematin-diffuse-trois-reportages-tournes-a-agde-12859459.php\" target=\"_blank\" rel=\"nofollow noopener\">\u00ab\u00a0Bonjour \u00e0 toutes et \u00e0 tous et bon r\u00e9veil\u00a0! Nous sommes<\/a> le jeudi 2\u00a0octobre. Ravie de vous retrouver pour ce\u00a0T\u00e9l\u00e9matin\u00a0un peu particulier\u00a0\u00bb, a d\u00e9clar\u00e9 d\u00e8s la prise antenne Maya Lauqu\u00e9, la co-pr\u00e9sentatrice de la matinale de France 2.<\/p>\n<p>Habituellement aux c\u00f4t\u00e9s de Damien Th\u00e9venot, la pr\u00e9sentatrice \u00e9tait seule sur le plateau en raison\u00a0\u00ab\u00a0d\u2019un mouvement de gr\u00e8ve d\u2019une partie du personnel de France T\u00e9l\u00e9visions\u00a0\u00bb, a-t-elle confi\u00e9, comme le relaie <a href=\"https:\/\/www.programme-tv.net\/news\/tv\/388787-telematin-perturbe-maya-lauque-explique-pourquoi-elle-a-du-lancer-l-emission-seule-en-plateau-sans-damien-thevenot\/\" target=\"_blank\" rel=\"nofollow noopener\">T\u00e9l\u00e9-Loisirs.<\/a>\u00a0Alors, le plateau a \u00e9t\u00e9 modifi\u00e9 avec un d\u00e9cor plus petit que celui habituel.<\/p>\n<p>Une situation qui se r\u00e9p\u00e8te<\/p>\n<p>Au moment de clore le sommaire de l\u2019\u00e9mission, elle pr\u00e9cise qui prendra ensuite sa place\u00a0: \u00ab\u00a0Et puis \u00e0 partir de 8\u00a0h\u00a020, Damien Th\u00e9venot prendra la suite de ce\u00a0T\u00e9l\u00e9matin\u00a0et recevra\u00a0St\u00e9phane Bern.\u00a0\u00bb Ce n\u2019est pas la premi\u00e8re fois qu\u2019une telle situation se produit.<\/p>\n<p><a href=\"https:\/\/www.midilibre.fr\/2025\/02\/13\/lequipe-de-telematin-dans-la-commune-12509226.php\" target=\"_blank\" rel=\"nofollow noopener\">Le 18\u00a0septembre dernier lors de la journ\u00e9e de mobilisation de l\u2019intersyndicale<\/a>, Maya Lauqu\u00e9 avait expliqu\u00e9 pourquoi les deux pr\u00e9sentateurs ne pouvaient \u00eatre pr\u00e9sents ensemble pour le programme. \u00ab\u00a0En raison des conditions particuli\u00e8res, aujourd\u2019hui, de r\u00e9alisation de cette \u00e9mission, je laisse ma place \u00e0 mon \u00e9poux car nous ne tenons pas \u00e0 deux ici\u00a0\u00bb. Aussi simple que cela.<\/p>\n","protected":false},"excerpt":{"rendered":"L\u2019\u00e9mission T\u00e9l\u00e9matin a \u00e9t\u00e9 partiellement chamboul\u00e9e ce jeudi 2\u00a0octobre sur France 2, en raison d\u2019un mouvement de gr\u00e8ve&hellip;\n","protected":false},"author":2,"featured_media":434217,"comment_status":"","ping_status":"","sticky":false,"template":"","format":"standard","meta":{"footnotes":""},"categories":[1356],"tags":[58,59,1011,27,252,1364],"class_list":{"0":"post-434216","1":"post","2":"type-post","3":"status-publish","4":"format-standard","5":"has-post-thumbnail","7":"category-television","8":"tag-divertissement","9":"tag-entertainment","10":"tag-fr","11":"tag-france","12":"tag-television","13":"tag-tv"},"share_on_mastodon":{"url":"https:\/\/pubeurope.com\/@fr\/115305830646047782","error":""},"_links":{"self":[{"href":"https:\/\/www.europesays.com\/fr\/wp-json\/wp\/v2\/posts\/434216","targetHints":{"allow":["GET"]}}],"collection":[{"href":"https:\/\/www.europesays.com\/fr\/wp-json\/wp\/v2\/posts"}],"about":[{"href":"https:\/\/www.europesays.com\/fr\/wp-json\/wp\/v2\/types\/post"}],"author":[{"embeddable":true,"href":"https:\/\/www.europesays.com\/fr\/wp-json\/wp\/v2\/users\/2"}],"replies":[{"embeddable":true,"href":"https:\/\/www.europesays.com\/fr\/wp-json\/wp\/v2\/comments?post=434216"}],"version-history":[{"count":0,"href":"https:\/\/www.europesays.com\/fr\/wp-json\/wp\/v2\/posts\/434216\/revisions"}],"wp:featuredmedia":[{"embeddable":true,"href":"https:\/\/www.europesays.com\/fr\/wp-json\/wp\/v2\/media\/434217"}],"wp:attachment":[{"href":"https:\/\/www.europesays.com\/fr\/wp-json\/wp\/v2\/media?parent=434216"}],"wp:term":[{"taxonomy":"category","embeddable":true,"href":"https:\/\/www.europesays.com\/fr\/wp-json\/wp\/v2\/categories?post=434216"},{"taxonomy":"post_tag","embeddable":true,"href":"https:\/\/www.europesays.com\/fr\/wp-json\/wp\/v2\/tags?post=434216"}],"curies":[{"name":"wp","href":"https:\/\/api.w.org\/{rel}","templated":true}]}}