{"id":434218,"date":"2025-10-02T17:48:18","date_gmt":"2025-10-02T17:48:18","guid":{"rendered":"https:\/\/www.europesays.com\/fr\/434218\/"},"modified":"2025-10-02T17:48:18","modified_gmt":"2025-10-02T17:48:18","slug":"mika-cree-la-surprise-dans-un-village-de-la-sarthe-sa-presence-au-mariage-de-sa-soeur-a-fait-sensation","status":"publish","type":"post","link":"https:\/\/www.europesays.com\/fr\/434218\/","title":{"rendered":"Mika cr\u00e9e la surprise dans un village de la Sarthe\u00a0: sa pr\u00e9sence au mariage de sa s\u0153ur a fait sensation"},"content":{"rendered":"<p>      R\u00e9sum\u00e9<\/p>\n<p>Le 30 ao\u00fbt dernier, Mika a \u00e9t\u00e9 vu place de l\u2019\u00c9glise dans le village du Luart dans la Sarthe. Ce dernier est venu assister au mariage de sa plus jeune s\u0153ur.<\/p>\n<p>        Sommaire<\/p>\n<p>L&rsquo;ann\u00e9e 2026 s&rsquo;annonce charg\u00e9e pour Mika. En effet, <a href=\"https:\/\/www.public.fr\/telethon-apres-vianney-et-mika-voici-la-future-marraine-de-ledition-2025\" target=\"_blank\" rel=\"noopener\">le chanteur de 42 ans<\/a> l&rsquo;a annonc\u00e9 en personne sur Instagram. \u00ab\u00a0<strong>Pr\u00e9parez-vous\u00a0!! Je lance ma plus grande tourn\u00e9e \u00e0 travers l&rsquo;Europe en 2026 pour soutenir mon nouvel album<\/strong>\u00ab\u00a0, a-t-il \u00e9crit. Une tourn\u00e9e baptis\u00e9e <strong>Spinning Tour<\/strong> qui le fera passer par la Grande-Bretagne, la Belgique, le Luxembourg, la Suisse, l&rsquo;Italie et bien s\u00fbr, la France. Il sera d&rsquo;ailleurs <strong>sur la sc\u00e8ne de l&rsquo;Accor Arena \u00e0 Paris le 16\u00a0f\u00e9vrier <\/strong>prochain pour un show qui s&rsquo;annonce d&rsquo;ores et d\u00e9j\u00e0 exceptionnel.<\/p>\n<p>D&rsquo;ici l\u00e0, <a href=\"https:\/\/www.public.fr\/96-millions-joli-pactole-pour-mika-le-chanteur-sextasie-sur-instagram\" target=\"_blank\" rel=\"noopener\">l&rsquo;artiste libanais<\/a> est devenu <strong><a href=\"https:\/\/www.public.fr\/mika-apres-avoir-annonce-arreter-les-emissions-il-revient-dans-the-voice\" target=\"_blank\" rel=\"noopener\">coach de \u00ab\u00a0The Voice\u00a0\u00bb en\u2026 Espagne<\/a><\/strong>. \u00c9mission qui, du coup, s&rsquo;intitule <strong>La Voz<\/strong> et dans laquelle il impressionne ses confr\u00e8res de jour en jour. <strong>Son accent est impeccable<\/strong> comme le prouve cette vid\u00e9o d\u00e9voil\u00e9e sur TikTok par la cha\u00eene Antena 3.<\/p>\n<p>Mika, pour le moment, qui <strong>ne souhaite plus faire de t\u00e9l\u00e9vision en France<\/strong>. \u00ab\u00a0<a href=\"https:\/\/www.public.fr\/france-fini-arrete-mika-surprend-nagui-sujet-the-voice\" target=\"_blank\" rel=\"noopener\">C&rsquo;est fini.<\/a> <strong>J&rsquo;arr\u00eate toutes mes \u00e9missions de t\u00e9l\u00e9 en France.<\/strong>\u00a0\u00bb avait-il lanc\u00e9 lors de la derni\u00e8re \u00e9dition du T\u00e9l\u00e9thon suscitant la d\u00e9ception de ses fans. Toutefois, n&rsquo;allez pas croire que <a href=\"https:\/\/www.public.fr\/je-lance-un-appel-durgence-mika-terriblement-affecte-par-la-situation-sur-ses-terres\" target=\"_blank\" rel=\"noopener\">l&rsquo;interpr\u00e8te de Relax<\/a> boude notre beau pays. Absolument pas\u00a0!<\/p>\n<p>Au contraire m\u00eame car, le <strong>30\u00a0ao\u00fbt dernier<\/strong>, ce n&rsquo;est pas \u00e0 Paris, ni \u00e0 Bordeaux, ni \u00e0 Marseille ou \u00e0 Lyon que Mika a fait sensation mais\u2026 <strong>au Luart dans le d\u00e9partement de la Sarthe<\/strong>. Un village de 1500 \u00e2mes. Mais alors <strong>pourquoi s&rsquo;est-il rendu l\u00e0-bas<\/strong>\u00a0? Ce jour-l\u00e0, <strong>ce n&rsquo;\u00e9tait pas lui <a href=\"https:\/\/www.public.fr\/je-tarrete-tout-de-suite-tu-cherches-a-tout-controler-mika-sans-menagement-avec-son-sosie-dans-the-voice\" target=\"_blank\" rel=\"noopener\">la star<\/a> mais sa s\u0153ur<\/strong> <strong>Zuleika <\/strong>qui s&rsquo;est mari\u00e9e dans cette petite commune. En revanche, nul n&rsquo;a ignor\u00e9 sa pr\u00e9sence.<\/p>\n<p>Mika\u00a0: un artiste de la Sarthe-System<\/p>\n<p>L&rsquo;information a \u00e9t\u00e9 relay\u00e9e par les m\u00e9dias locaux et nombre de convives ce jour-l\u00e0 ont \u00e9t\u00e9 <strong>surpris d&rsquo;apercevoir <a href=\"https:\/\/www.google.com\/url?sa=t&amp;source=web&amp;rct=j&amp;opi=89978449&amp;url=https:\/\/vsd.fr\/52683-mika-malgre-une-enfance-difficile-il-ne-cesse-de-deployer-ses-ailes\/&amp;ved=2ahUKEwicht24wIWQAxWsRKQEHfIIGHYQFnoECBYQAQ&amp;usg=AOvVaw2UC7CHzykOUB_FGwVbZ-8M\" target=\"_blank\" rel=\"noopener\">la star internationale<\/a><\/strong>. Du coup, ce dernier s&rsquo;est gentiment pr\u00eat\u00e9 au jeu des selfies. Apr\u00e8s avoir pris la pose avec lui, le maire du village a d\u00e9voil\u00e9 la raison de sa venue \u00e0 nos confr\u00e8res de L\u2019Action l\u2019\u00c9cho. \u00ab\u00a0<strong>Il \u00e9tait au mariage de sa petite s\u0153ur<\/strong>\u00ab\u00a0, a confi\u00e9 Alain Cruchet. Cette derni\u00e8re <strong>s\u2019est mari\u00e9e avec un des fils du Marquis Roland du Luart.<\/strong><\/p>\n<p>Quant \u00e0 <a href=\"https:\/\/www.google.com\/url?sa=t&amp;source=web&amp;rct=j&amp;opi=89978449&amp;url=https:\/\/vsd.fr\/58581-mika-the-voice-gabriel-ce-talent-qui-cherche-a-tout-prix-a-le-seduire-et-a-lui-ressembler-physiquement\/&amp;ved=2ahUKEwicht24wIWQAxWsRKQEHfIIGHYQFnoECEQQAQ&amp;usg=AOvVaw0ZC89ZMEspiEwAuXFJi-lM\" target=\"_blank\" rel=\"noopener\">son fr\u00e8re<\/a>, il a fait le show sans le vouloir et les convives semblent avoir \u00e9t\u00e9 ravis de le rencontrer. \u00ab\u00a0<strong>C&rsquo;est vraiment quelqu&rsquo;un de tr\u00e8s sympathique, abordable et d&rsquo;une grande courtoisie<\/strong>\u00a0\u00bb a assur\u00e9 l&rsquo;\u00e9dile. Arriv\u00e9 dans une voiture anglaise, l&rsquo;adjoint au maire a par ailleurs assur\u00e9 que <strong>tout le monde \u00ab\u00a0\u00e9tait euphorique\u00a0\u00bb<\/strong>. Si Mika n&rsquo;a pas eu le temps de faire le tour du village, il a en revanche assur\u00e9 qu&rsquo;il reviendrait.<\/p>\n<p>      Mentionn\u00e9s dans cet article<\/p>\n<p>      Sur le m\u00eame sujet<\/p>\n","protected":false},"excerpt":{"rendered":"R\u00e9sum\u00e9 Le 30 ao\u00fbt dernier, Mika a \u00e9t\u00e9 vu place de l\u2019\u00c9glise dans le village du Luart dans&hellip;\n","protected":false},"author":2,"featured_media":434219,"comment_status":"","ping_status":"","sticky":false,"template":"","format":"standard","meta":{"footnotes":""},"categories":[1355],"tags":[1696,1193,58,59,1011,27,1930,45959,1361,873],"class_list":{"0":"post-434218","1":"post","2":"type-post","3":"status-publish","4":"format-standard","5":"has-post-thumbnail","7":"category-musique","8":"tag-chanteur","9":"tag-couple","10":"tag-divertissement","11":"tag-entertainment","12":"tag-fr","13":"tag-france","14":"tag-mariage","15":"tag-mika","16":"tag-music","17":"tag-musique"},"share_on_mastodon":{"url":"https:\/\/pubeurope.com\/@fr\/115305834412174556","error":""},"_links":{"self":[{"href":"https:\/\/www.europesays.com\/fr\/wp-json\/wp\/v2\/posts\/434218","targetHints":{"allow":["GET"]}}],"collection":[{"href":"https:\/\/www.europesays.com\/fr\/wp-json\/wp\/v2\/posts"}],"about":[{"href":"https:\/\/www.europesays.com\/fr\/wp-json\/wp\/v2\/types\/post"}],"author":[{"embeddable":true,"href":"https:\/\/www.europesays.com\/fr\/wp-json\/wp\/v2\/users\/2"}],"replies":[{"embeddable":true,"href":"https:\/\/www.europesays.com\/fr\/wp-json\/wp\/v2\/comments?post=434218"}],"version-history":[{"count":0,"href":"https:\/\/www.europesays.com\/fr\/wp-json\/wp\/v2\/posts\/434218\/revisions"}],"wp:featuredmedia":[{"embeddable":true,"href":"https:\/\/www.europesays.com\/fr\/wp-json\/wp\/v2\/media\/434219"}],"wp:attachment":[{"href":"https:\/\/www.europesays.com\/fr\/wp-json\/wp\/v2\/media?parent=434218"}],"wp:term":[{"taxonomy":"category","embeddable":true,"href":"https:\/\/www.europesays.com\/fr\/wp-json\/wp\/v2\/categories?post=434218"},{"taxonomy":"post_tag","embeddable":true,"href":"https:\/\/www.europesays.com\/fr\/wp-json\/wp\/v2\/tags?post=434218"}],"curies":[{"name":"wp","href":"https:\/\/api.w.org\/{rel}","templated":true}]}}