{"id":434230,"date":"2025-10-02T17:54:13","date_gmt":"2025-10-02T17:54:13","guid":{"rendered":"https:\/\/www.europesays.com\/fr\/434230\/"},"modified":"2025-10-02T17:54:13","modified_gmt":"2025-10-02T17:54:13","slug":"ma-prime-renov-reouverture-du-site-et-panne-generale-supprimer-lanah-devient-urgent","status":"publish","type":"post","link":"https:\/\/www.europesays.com\/fr\/434230\/","title":{"rendered":"Ma Prime r\u00e9nov, r\u00e9ouverture du site et&#8230; panne g\u00e9n\u00e9rale. Supprimer l&rsquo;ANAH devient urgent !"},"content":{"rendered":"<p>La plateforme MaPrimeR\u00e9nov\u2019 a \u00e9t\u00e9 rouverte le mardi 30 septembre apr\u00e8s 3 mois d\u2019arr\u00eat mais s\u2019est tr\u00e8s vite retrouv\u00e9e satur\u00e9e par l\u2019afflux de connexions pour d\u00e9poser un dossier de subside !<\/p>\n<p>Cette agence ce sont des milliards de d\u00e9penses pour un r\u00e9sultat plus qu\u2019incertain, car m\u00eame s\u2019il n\u2019est pas d\u2019usage de dire la v\u00e9rit\u00e9, les r\u00e9novations sont g\u00e9n\u00e9ralement faites n\u2019importe comment ! Je vous donne juste un exemple qui vous semblera \u00e9vident une fois que vous y penserez sous l\u2019angle que je vais vous pr\u00e9senter.<\/p>\n<p>On vous fait changer de vieilles fen\u00eatres en bois souvent en excellent \u00e9tat par des fen\u00eatres neuves en PVC\u2026 le probl\u00e8me ? Dans vos anciennes fen\u00eatres il n\u2019y a pas de grille de ventilation ces derni\u00e8res n\u2019\u00e9tant pas aussi \u00e9tanches que les nouvelles en PVC. Dans les nouvelles en PVC on va vous faire des trous dedans pour laisser passer l\u2019\u00e9quivalent de 150m3 d\u2019air froid ou chaud (en fonction de la saison) par heure ! Ces trous sont appel\u00e9s grilles de ventilation\u2026 mais ce sont des trous dans des fen\u00eatres neuves qui co\u00fbtent une fortune, dont personne n\u2019a besoin et dont l\u2019effet sur le logement est proche de 0. Pire\u2026 comme cela laisse passer l\u2019air froid les locataires dans 95 % des cas vont mettre des tissus dedans pour les boucher supprimant la ventilation naturelle du logement et cr\u00e9ant les conditions des moisissures dans toutes les pi\u00e8ces humides.<\/p>\n<p>Vous pouvez multiplier mes exemples \u00e0 l\u2019infini, comme par exemple les pompes \u00e0 chaleur air\/eau dites basse temp\u00e9rature, install\u00e9es sur des syst\u00e8mes de radiateurs haute temp\u00e9rature. Je vous explique. Vous aviez une installation de radiateurs li\u00e9e \u00e0 votre chaudi\u00e8re au fioul qui vous fait de l\u2019eau chaude \u00e0 70\u00b0 envoy\u00e9e dans vos radiateurs qui \u00ab\u00a0chauffent\u00a0\u00bb la maison parce que l\u2019eau est \u00e0 70\u00b0. Mais quand votre nouvelle pompe \u00e0 chaleur qui remplace aux frais de l\u2019Anah et donc du contribuable votre vieille chaudi\u00e8re au fioul, elle va envoyer de l\u2019eau \u00e0 52\u00b0 dans vos radiateurs et vous allez vous cailler pendant tout l\u2019hiver, poussant votre PAC \u00e0 son maximum et augmentant la consommation, ou en \u00e9tant tout simplement mal dans votre logement.<\/p>\n<p>Vous avez aussi les vieux b\u00e2timents qu\u2019il faut isoler\u2026 alors on y met de la laine de verre et du placo (BA13). Probl\u00e8me, la laine de verre n\u2019est pas respirante et dans un maison ayant des murs o\u00f9 il y a du bois, vous allez cr\u00e9er des pathologies du b\u00e2timent\u2026 avec l\u2019argent du contribuable !<\/p>\n<p>Quand c\u2019est pay\u00e9 par l\u2019Anah il faut que l\u2019artisan soit RGE, c\u2019est tellement compliqu\u00e9 et co\u00fbteux que c\u2019est beaucoup plus cher qu\u2019un artisan non RGE\u2026 Vous pouvez multiplier les exemples \u00e0 l\u2019infini ou presque.<\/p>\n<p>Bref, tout ceci ne marche tout simplement pas, et c\u2019est une vaste fumisterie.<\/p>\n<p>Une fumisterie qui n\u00e9cessite des centaines de collaborateurs pour jouer \u00e0 instruire des dossiers et \u00e0 chercher la case pas coch\u00e9e qu\u2019il manque.<\/p>\n<p>Tout ceci est absurde et il faut sortir de cette logique mortif\u00e8re qui consiste \u00e0 cr\u00e9er un probl\u00e8me par de nouvelles r\u00e8gles, lois, normes que l\u2019on tente de r\u00e9gler en cr\u00e9ant une nouvelle aide, qui va n\u00e9cessiter une administration pl\u00e9thorique pour la distribuer.<\/p>\n<p>C\u2019est l\u2019effondrement sous la complexit\u00e9 que nous vivons et il faut y mettre fin avant qu\u2019il ne soit trop tard.<\/p>\n<p>L\u2019Anah et toutes les autres agences ! Afuera!<\/p>\n<p>Il est d\u00e9j\u00e0 trop tard, mais tout n\u2019est pas perdu.<\/p>\n<p>Pr\u00e9parez-vous !<\/p>\n<p>Charles SANNAT<\/p>\n<p><a href=\"https:\/\/insolentiae.com\/produit\/abonnement-acces-a-la-lettre-strategie-et-aux-dossiers-speciaux-de-charles-sannat\/?doing_wp_cron=1715699197.4551460742950439453125\" target=\"_blank\" rel=\"noopener nofollow\"><img loading=\"lazy\" decoding=\"async\" class=\"size-medium wp-image-902017 alignleft entered lazyloaded\" src=\"https:\/\/www.europesays.com\/fr\/wp-content\/uploads\/2025\/09\/Couverture-La-France-degradee-debut-de-la-crise-de-la-dette-a-la-grecque-376x600.jpg\" alt=\"\" width=\"376\" height=\"600\" data-lazy-src=\"https:\/\/www.europesays.com\/fr\/wp-content\/uploads\/2025\/09\/Couverture-La-France-degradee-debut-de-la-crise-de-la-dette-a-la-grecque-376x600.jpg\" data-ll-status=\"loaded\"\/><\/a>\u00ab Insolentiae \u00bb signifie \u00ab impertinence \u00bb en latin<br \/>Pour m\u2019\u00e9crire\u00a0<a href=\"https:\/\/insolentiae.com\/cdn-cgi\/l\/email-protection\" class=\"__cf_email__\" data-cfemail=\"d3b0bbb2a1bfb6a093babda0bcbfb6bda7bab2b6fdb0bcbe\" rel=\"nofollow noopener\" target=\"_blank\">[email\u00a0protected]<\/a><br \/>Pour \u00e9crire \u00e0 ma femme\u00a0<a href=\"https:\/\/insolentiae.com\/cdn-cgi\/l\/email-protection\" class=\"__cf_email__\" data-cfemail=\"bcd4d9d0d9d2d9fcd5d2cfd3d0d9d2c8d5ddd992dfd3d1\" rel=\"nofollow noopener\" target=\"_blank\">[email\u00a0protected]<\/a><\/p>\n<p><a href=\"https:\/\/insolentiae.com\/produit\/abonnement-acces-a-la-lettre-strategie-et-aux-dossiers-speciaux-de-charles-sannat\/?doing_wp_cron=1715699197.4551460742950439453125\" target=\"_blank\" rel=\"noopener nofollow\">Vous pouvez \u00e9galement vous abonner \u00e0 ma lettre mensuelle \u00ab STRAT\u00c9GIES \u00bb qui vous permettra d\u2019aller plus loin et dans laquelle je partage avec vous les solutions concr\u00e8tes \u00e0 mettre en \u0153uvre pour vous pr\u00e9parer au monde d\u2019apr\u00e8s. Ces solutions sont articul\u00e9es autour de l\u2019approche PEL \u2013 patrimoine, emploi, localisation. L\u2019id\u00e9e c\u2019est de partager avec vous les moyens et les m\u00e9thodes pour mettre en place votre r\u00e9silience personnelle et familiale.<\/a><\/p>\n<p><strong>\u00ab \u00c0 vouloir \u00e9touffer les r\u00e9volutions pacifiques, on rend in\u00e9vitables les r\u00e9volutions violentes \u00bb (JFK)<\/strong><\/p>\n<p>\u00ab Ceci est un article \u2018presslib\u2019, c\u2019est-\u00e0-dire libre de reproduction en tout ou en partie \u00e0 condition que le pr\u00e9sent alin\u00e9a soit reproduit \u00e0 sa suite. Insolentiae.com est le site sur lequel Charles Sannat s\u2019exprime quotidiennement et livre un d\u00e9cryptage impertinent et sans concession de l\u2019actualit\u00e9 \u00e9conomique. Merci de visiter mon site. Vous pouvez vous abonner gratuitement \u00e0 la lettre d\u2019information quotidienne sur www.insolentiae.com. \u00bb<\/p>\n<p><strong>IMPORTANT<\/strong>.\u00a0En vous connectant directement sur le site\u00a0<a href=\"http:\/\/www.insolentiae.com\/\" target=\"_blank\" rel=\"noopener nofollow\">insolentiae.com<\/a>\u00a0vous pouvez acc\u00e9der aux articles malgr\u00e9 tous les blocages. Si vous ne recevez pas la Newsletter ou si cette derni\u00e8re \u00e9tait bloqu\u00e9e, pensez \u00e0 vous connecter directement. Je ne cesse les publications qu\u2019au mois d\u2019ao\u00fbt et entre No\u00ebl et le jour de l\u2019an.<strong>\u00a0A noter les abonn\u00e9s orange.fr et wanadoo.fr sont particuli\u00e8rement touch\u00e9s par le ph\u00e9nom\u00e8ne inexplicable de non r\u00e9ception des lettres quotidiennes. Inscrivez-vous gratuitement avec une nouvelle adresse mail<\/strong><\/p>\n","protected":false},"excerpt":{"rendered":"La plateforme MaPrimeR\u00e9nov\u2019 a \u00e9t\u00e9 rouverte le mardi 30 septembre apr\u00e8s 3 mois d\u2019arr\u00eat mais s\u2019est tr\u00e8s vite&hellip;\n","protected":false},"author":2,"featured_media":434231,"comment_status":"","ping_status":"","sticky":false,"template":"","format":"standard","meta":{"footnotes":""},"categories":[6],"tags":[35,33,34,1011,27],"class_list":{"0":"post-434230","1":"post","2":"type-post","3":"status-publish","4":"format-standard","5":"has-post-thumbnail","7":"category-economie","8":"tag-business","9":"tag-economie","10":"tag-economy","11":"tag-fr","12":"tag-france"},"share_on_mastodon":{"url":"https:\/\/pubeurope.com\/@fr\/115305858631577180","error":""},"_links":{"self":[{"href":"https:\/\/www.europesays.com\/fr\/wp-json\/wp\/v2\/posts\/434230","targetHints":{"allow":["GET"]}}],"collection":[{"href":"https:\/\/www.europesays.com\/fr\/wp-json\/wp\/v2\/posts"}],"about":[{"href":"https:\/\/www.europesays.com\/fr\/wp-json\/wp\/v2\/types\/post"}],"author":[{"embeddable":true,"href":"https:\/\/www.europesays.com\/fr\/wp-json\/wp\/v2\/users\/2"}],"replies":[{"embeddable":true,"href":"https:\/\/www.europesays.com\/fr\/wp-json\/wp\/v2\/comments?post=434230"}],"version-history":[{"count":0,"href":"https:\/\/www.europesays.com\/fr\/wp-json\/wp\/v2\/posts\/434230\/revisions"}],"wp:featuredmedia":[{"embeddable":true,"href":"https:\/\/www.europesays.com\/fr\/wp-json\/wp\/v2\/media\/434231"}],"wp:attachment":[{"href":"https:\/\/www.europesays.com\/fr\/wp-json\/wp\/v2\/media?parent=434230"}],"wp:term":[{"taxonomy":"category","embeddable":true,"href":"https:\/\/www.europesays.com\/fr\/wp-json\/wp\/v2\/categories?post=434230"},{"taxonomy":"post_tag","embeddable":true,"href":"https:\/\/www.europesays.com\/fr\/wp-json\/wp\/v2\/tags?post=434230"}],"curies":[{"name":"wp","href":"https:\/\/api.w.org\/{rel}","templated":true}]}}