{"id":434238,"date":"2025-10-02T17:58:13","date_gmt":"2025-10-02T17:58:13","guid":{"rendered":"https:\/\/www.europesays.com\/fr\/434238\/"},"modified":"2025-10-02T17:58:13","modified_gmt":"2025-10-02T17:58:13","slug":"saint-etienne-le-soleil-le-groupe-cuisine-a-propose-un-repas-vegetarien-a-la-maison-de-quartier","status":"publish","type":"post","link":"https:\/\/www.europesays.com\/fr\/434238\/","title":{"rendered":"Saint-\u00c9tienne\/Le Soleil. Le groupe cuisine a propos\u00e9 un repas v\u00e9g\u00e9tarien \u00e0 la maison de quartier"},"content":{"rendered":"<p>Le groupe cuisine a propos\u00e9 un repas v\u00e9g\u00e9tarien \u00e0 la maison de quartier du Soleil. Rachel Wieseck, m\u00e9diatrice sociale, apporte toute son \u00e9nergie \u00e0 cette activit\u00e9.<\/p>\n<p>  \u00c0 la d\u00e9couverte des saveurs gourmandes de la cuisine v\u00e9g\u00e9tarienne<\/p>\n<p>Les adh\u00e9rents ont pu d\u00e9couvrir les saveurs gourmandes de la cuisine v\u00e9g\u00e9tarienne. Moment de convivialit\u00e9, gourmandise et de solidarit\u00e9 pour d\u00e9guster des plats savoureux faits maison.<\/p>\n<p>Rendez-vous est pris pour les futurs ateliers et repas gourmands.<\/p>\n<p class=\"note\">Maison de quartier du Soleil 24 rue Beaunier. T\u00e9l.\u00a004.77.25.94.70.<\/p>\n","protected":false},"excerpt":{"rendered":"Le groupe cuisine a propos\u00e9 un repas v\u00e9g\u00e9tarien \u00e0 la maison de quartier du Soleil. Rachel Wieseck, m\u00e9diatrice&hellip;\n","protected":false},"author":2,"featured_media":434239,"comment_status":"","ping_status":"","sticky":false,"template":"","format":"standard","meta":{"footnotes":""},"categories":[9653],"tags":[1111,11,2430,1687,7539,1777,674,1011,27,12,25,4001,7538],"class_list":{"0":"post-434238","1":"post","2":"type-post","3":"status-publish","4":"format-standard","5":"has-post-thumbnail","7":"category-saint-etienne","8":"tag-actu","9":"tag-actualites","10":"tag-auvergne-rhone-alpes","11":"tag-culture-loisirs","12":"tag-edition-loire-sud","13":"tag-eu","14":"tag-europe","15":"tag-fr","16":"tag-france","17":"tag-news","18":"tag-republique-francaise","19":"tag-saint-etienne","20":"tag-saint-etienne-ville"},"share_on_mastodon":{"url":"https:\/\/pubeurope.com\/@fr\/115305873674977383","error":""},"_links":{"self":[{"href":"https:\/\/www.europesays.com\/fr\/wp-json\/wp\/v2\/posts\/434238","targetHints":{"allow":["GET"]}}],"collection":[{"href":"https:\/\/www.europesays.com\/fr\/wp-json\/wp\/v2\/posts"}],"about":[{"href":"https:\/\/www.europesays.com\/fr\/wp-json\/wp\/v2\/types\/post"}],"author":[{"embeddable":true,"href":"https:\/\/www.europesays.com\/fr\/wp-json\/wp\/v2\/users\/2"}],"replies":[{"embeddable":true,"href":"https:\/\/www.europesays.com\/fr\/wp-json\/wp\/v2\/comments?post=434238"}],"version-history":[{"count":0,"href":"https:\/\/www.europesays.com\/fr\/wp-json\/wp\/v2\/posts\/434238\/revisions"}],"wp:featuredmedia":[{"embeddable":true,"href":"https:\/\/www.europesays.com\/fr\/wp-json\/wp\/v2\/media\/434239"}],"wp:attachment":[{"href":"https:\/\/www.europesays.com\/fr\/wp-json\/wp\/v2\/media?parent=434238"}],"wp:term":[{"taxonomy":"category","embeddable":true,"href":"https:\/\/www.europesays.com\/fr\/wp-json\/wp\/v2\/categories?post=434238"},{"taxonomy":"post_tag","embeddable":true,"href":"https:\/\/www.europesays.com\/fr\/wp-json\/wp\/v2\/tags?post=434238"}],"curies":[{"name":"wp","href":"https:\/\/api.w.org\/{rel}","templated":true}]}}