{"id":434242,"date":"2025-10-02T18:00:29","date_gmt":"2025-10-02T18:00:29","guid":{"rendered":"https:\/\/www.europesays.com\/fr\/434242\/"},"modified":"2025-10-02T18:00:29","modified_gmt":"2025-10-02T18:00:29","slug":"de-nombreux-concerts-gratuits-ce-samedi-a-nancy-voici-le-programme","status":"publish","type":"post","link":"https:\/\/www.europesays.com\/fr\/434242\/","title":{"rendered":"De nombreux concerts gratuits ce samedi \u00e0 Nancy : voici le programme"},"content":{"rendered":"<p>            Par<br \/>\n        <strong><br \/>\n            <a href=\"https:\/\/actu.fr\/auteur\/pierre-emile-bouchy-actu-fr\" title=\"Consulter tous les articles de Paul-Emile Bouchy\" rel=\"nofollow noopener\" target=\"_blank\">Paul-Emile Bouchy<\/a><br \/>\n        <\/strong><\/p>\n<p>        Publi\u00e9 le<\/p>\n<p>            2 oct. 2025 \u00e0 18h52        <\/p>\n<p>Du 4 au 18\u00a0octobre 2025, le festival <a href=\"https:\/\/actu.fr\/grand-est\/nancy_54395\/nancy-jazz-pulsations-decouvrez-les-artistes-programmes-pour-cette-edition-2025_62771322.html\" rel=\"nofollow noopener\" target=\"_blank\">Nancy Jazz Pulsations<\/a> aura lieu \u00e0 <a href=\"https:\/\/actu.fr\/grand-est\/nancy_54395\" rel=\"nofollow noopener\" target=\"_blank\">Nancy<\/a> (Meurthe-et-Moselle) avec une belle programmation et des artistes reconnus comme <strong>Oxmo Puccino<\/strong>, <strong>Deluxe<\/strong> ou encore <strong>Myd<\/strong>.<\/p>\n<p class=\" wall-content\">Pour lancer cette 52e \u00e9dition, <strong>des fanfares et des concerts gratuits<\/strong> auront lieu ce samedi 4 octobre dans plusieurs lieux de la cit\u00e9 ducale. Voici le programme.<\/p>\n<p>Des concerts et animations dans le centre-ville de Nancy<\/p>\n<p class=\" wall-content\">Samedi, artistes et groupes vont se produire gratuitement dans de nombreux \u00e9tablissements nanc\u00e9iens\u2009:<\/p>\n<ul class=\" wall-content\">\n<li>10h\u2009: <strong>Le Tut\u2019Et, F\u00fcl\u00fc<\/strong> au march\u00e9 central<\/li>\n<li>10h\u2009: <strong>La Fanfare Couche Tard<\/strong> au march\u00e9 d\u2019Haussonville<\/li>\n<li>10h et 14h\u2009: D\u00e9ambulation dans les rues pi\u00e9tonnes de Nancy avec <strong>Les Tapageurs<\/strong> et <strong>Les T\u00e9moins de la Joie<\/strong><\/li>\n<li>16h\u2009: <strong>IKO IKO<\/strong> \u00e0 Emma\u00fcs de Vand\u0153uvre-l\u00e8s-Nancy<\/li>\n<li>18h30\u2009: <strong>Tequila Savate<\/strong> \u00e0 L\u2019Echanson (rue de la Primatiale)<\/li>\n<li>18h30\u2009: <strong>El Jose<\/strong> au <a href=\"https:\/\/actu.fr\/grand-est\/nancy_54395\/en-images-decouvrez-la-nouvelle-deco-de-ce-cafe-emblematique-de-la-place-stanislas_60641192.html\" rel=\"nofollow noopener\" target=\"_blank\">Grand Caf\u00e9 Foy<\/a> (place Stanislas)<\/li>\n<li>18h30\u2009: <strong>Aurelle Key Duo<\/strong> au bar Les Berthom (rue Stanislas)<\/li>\n<li>19h\u2009: <strong>NA4N<\/strong> Quartet \u00e0 la MJC Lillebonne<\/li>\n<li>19h30\u2009: <strong>Contremeute<\/strong> au Pub Mac Carthy (rue Guerrier de Dumast)<\/li>\n<li>19h30\u2009: <strong>Sr. Tumbao<\/strong> au <a href=\"https:\/\/actu.fr\/grand-est\/nancy_54395\/nancy-un-nouveau-bistrot-avec-une-formule-pas-chere-vient-d-ouvrir-pres-de-la-cathedrale_60970105.html\" rel=\"nofollow noopener\" target=\"_blank\">Bistrot Georgette<\/a> (rue Saint-Georges)<\/li>\n<li>20h\u2009: <strong>Lukas DeRungs \u00ab\u2009Feuerfalter\u2009\u00bb<\/strong> au Goethe Institut de Nancy (gratuit mais inscription obligatoire)<\/li>\n<li>20h\u2009: <strong>Nomads Spirits<\/strong> au Labo DTF (avenue du G\u00e9n\u00e9ral Leclerc)<\/li>\n<li>20h\u2009: <strong>Rougge<\/strong> et <strong>Amon Bey<\/strong> au Cam\u2019 Caf\u00e9 (rue de la Commanderie)<\/li>\n<li>20h\u2009: <strong>EDS Sound System<\/strong> aux Trois Petits Points (rue de l\u2019Ile de Corse)<\/li>\n<li>20h\u2009: <strong>Rap Session Le Before by Bleu Sang<\/strong> au Vertigo (rue de la Visitation)<\/li>\n<li>20h\u2009: <strong>Wysteria<\/strong> au LEM (Grande Rue)<\/li>\n<li>20h15\u2009: <strong>Morteville<\/strong>, <strong>Death Whore<\/strong> et <strong>Hell Gate<\/strong> au Nirvana Pub Club (quai Claude le Lorrain)<\/li>\n<li>20h30\u2009: <strong>RARE<\/strong> au Barami (Grande Rue)<\/li>\n<li>21h\u2009: <strong>Aujon<\/strong> \u00e0 l\u2019H\u00f4tel d\u2019Haussonville (rue Monseigneur Trouillet)<\/li>\n<li>21h\u2009: <strong>FCKNG Poursuite<\/strong> au BAM\u2009! Bar \u00e0 Mousse (rue Saint-Georges)<\/li>\n<li>21h\u2009: <strong>Osun<\/strong> au Bagelstein (rue du Pont-Mouja)<\/li>\n<li>21h\u2009: <strong>Caprice<\/strong> \u00e0 la <a href=\"https:\/\/actu.fr\/grand-est\/nancy_54395\/nancy-brasserie-simone-un-etablissement-consacre-a-la-biere-ouvre-sur-la-place-de-la-gare_61019664.html\" rel=\"nofollow noopener\" target=\"_blank\">Brasserie Simone<\/a> (place Simone Veil)<\/li>\n<li>21h\u2009: <strong>Overtight<\/strong> \u00e0 la Brasserie Saint-Georges (rue Saint-Georges)<\/li>\n<li>21h45\u2009: <strong>Ladislava<\/strong> au bar du Th\u00e9\u00e2tre de la Manufacture<\/li>\n<li>22h\u2009: <strong>Viiak<\/strong> au Hops Bar (rue Braconnot)<\/li>\n<li>22h\u2009: <strong>Bobine<\/strong> au Schmilblick (rue Saint-Georges)<\/li>\n<li>\u00e0 partir de 23h\u2009: soir\u00e9e au <strong>Magic<\/strong> (<a href=\"https:\/\/actu.fr\/tag\/parc-de-la-pepiniere\" rel=\"nofollow noopener\" target=\"_blank\">parc de la P\u00e9pini\u00e8re<\/a>)<\/li>\n<\/ul>\n<p class=\" wall-content\">Toutes les informations sur ces artistes et ces groupes sont disponibles via\u00a0<a href=\"https:\/\/nancyjazzpulsations.com\/nancy-jazz-poursuite\/\" rel=\"nofollow noopener\" target=\"_blank\">ce lien<\/a>.<\/p>\n<p class=\" wall-content\">Personnalisez votre actualit\u00e9 en ajoutant vos villes et m\u00e9dias en favori avec <a href=\"https:\/\/moncompte.actu.fr\" title=\"D\u00e9couvez Mon Actu\" rel=\"nofollow noopener\" data-trk=\"{&quot;cta&quot;:{&quot;action&quot;:&quot;https:\\\/\\\/moncompte.actu.fr&quot;,&quot;category&quot;:&quot;mon compte&quot;,&quot;from&quot;:&quot;article footer&quot;,&quot;name&quot;:&quot;Mon actu&quot;,&quot;type&quot;:&quot;cta&quot;}}\" target=\"_blank\">Mon Actu<\/a>.<\/p>\n","protected":false},"excerpt":{"rendered":"Par Paul-Emile Bouchy Publi\u00e9 le 2 oct. 2025 \u00e0 18h52 Du 4 au 18\u00a0octobre 2025, le festival Nancy&hellip;\n","protected":false},"author":2,"featured_media":434243,"comment_status":"","ping_status":"","sticky":false,"template":"","format":"standard","meta":{"footnotes":""},"categories":[9635],"tags":[1111,11,1697,1777,674,849,1011,27,775,1652,873,1702,12,25],"class_list":{"0":"post-434242","1":"post","2":"type-post","3":"status-publish","4":"format-standard","5":"has-post-thumbnail","7":"category-nancy","8":"tag-actu","9":"tag-actualites","10":"tag-concert","11":"tag-eu","12":"tag-europe","13":"tag-festival","14":"tag-fr","15":"tag-france","16":"tag-grand-est","17":"tag-loisirs-culture","18":"tag-musique","19":"tag-nancy","20":"tag-news","21":"tag-republique-francaise"},"share_on_mastodon":{"url":"https:\/\/pubeurope.com\/@fr\/115305881694190041","error":""},"_links":{"self":[{"href":"https:\/\/www.europesays.com\/fr\/wp-json\/wp\/v2\/posts\/434242","targetHints":{"allow":["GET"]}}],"collection":[{"href":"https:\/\/www.europesays.com\/fr\/wp-json\/wp\/v2\/posts"}],"about":[{"href":"https:\/\/www.europesays.com\/fr\/wp-json\/wp\/v2\/types\/post"}],"author":[{"embeddable":true,"href":"https:\/\/www.europesays.com\/fr\/wp-json\/wp\/v2\/users\/2"}],"replies":[{"embeddable":true,"href":"https:\/\/www.europesays.com\/fr\/wp-json\/wp\/v2\/comments?post=434242"}],"version-history":[{"count":0,"href":"https:\/\/www.europesays.com\/fr\/wp-json\/wp\/v2\/posts\/434242\/revisions"}],"wp:featuredmedia":[{"embeddable":true,"href":"https:\/\/www.europesays.com\/fr\/wp-json\/wp\/v2\/media\/434243"}],"wp:attachment":[{"href":"https:\/\/www.europesays.com\/fr\/wp-json\/wp\/v2\/media?parent=434242"}],"wp:term":[{"taxonomy":"category","embeddable":true,"href":"https:\/\/www.europesays.com\/fr\/wp-json\/wp\/v2\/categories?post=434242"},{"taxonomy":"post_tag","embeddable":true,"href":"https:\/\/www.europesays.com\/fr\/wp-json\/wp\/v2\/tags?post=434242"}],"curies":[{"name":"wp","href":"https:\/\/api.w.org\/{rel}","templated":true}]}}