{"id":434244,"date":"2025-10-02T18:01:17","date_gmt":"2025-10-02T18:01:17","guid":{"rendered":"https:\/\/www.europesays.com\/fr\/434244\/"},"modified":"2025-10-02T18:01:17","modified_gmt":"2025-10-02T18:01:17","slug":"ils-sont-1-400-mais-ils-ne-lachent-toujours-rien","status":"publish","type":"post","link":"https:\/\/www.europesays.com\/fr\/434244\/","title":{"rendered":"ils sont 1\u00a0400 mais\u00a0ils ne l\u00e2chent toujours rien\u00a0!"},"content":{"rendered":"<p>Il est 14\u00a0h, ce jeudi, du c\u00f4t\u00e9 de la <a href=\"https:\/\/www.estrepublicain.fr\/p\/place-saint-epvre\" target=\"_blank\" rel=\"noopener\">place Saint-Epvre<\/a>, les rangs sont clairsem\u00e9s. Les barnums sont de sortie, proposent quelques douceurs et abritent la caisse de gr\u00e8ve. Micros et enceintes, harnach\u00e9s \u00e0 l\u2019arri\u00e8re des camions et autres camionnettes floqu\u00e9es aux couleurs syndicales, sont pr\u00eats \u00e0 cracher leurs d\u00e9cibels.<\/p>\n<p>La gr\u00e8ve, justement, comme annonc\u00e9, n\u2019aura \u00e9t\u00e9 que peu suivie. \u00ab\u00a0Difficile de mobiliser\u00a0les gens <a href=\"https:\/\/www.estrepublicain.fr\/social\/2025\/09\/10\/bloquons-tout-rassemblements-blocages-greves-en-lorraine-suivez-avec-nous-cette-journee-de-mobilisation\" target=\"_blank\" rel=\"noopener\">plusieurs fois en\u00a0un mois<\/a> \u00a0\u00bb, reconna\u00eet Andr\u00e9, un gilet rouge de la CGT sur le\u00a0dos.<\/p>\n<p>  Maintenir la pression<\/p>\n<p>Vrai que sacrifier une journ\u00e9e de salaire pour manifester contre un budget et un gouvernement qui n\u2019existent pas en a dissuad\u00e9 plus d\u2019un. Pr\u00e9f\u00e9rant, ainsi, se pr\u00e9server pour les mouvements \u00e0 venir.<\/p>\n<p>Pas \u00e9tonnant, alors, de ne voir que tr\u00e8s peu de <a href=\"https:\/\/www.estrepublicain.fr\/social\/2025\/09\/18\/manifestations-blocages-greves-suivez-avec-nous-cette-journee-de-mobilisation-en-lorraine\" target=\"_blank\" rel=\"noopener\">manifestants<\/a> non-syndiqu\u00e9s dans le cort\u00e8ge compos\u00e9, au d\u00e9part, de 700 personnes, avant de grossir \u00e0 1\u00a0400 au fil d\u2019un long parcours que certains ont court-circuit\u00e9, afin de le r\u00e9duire. \u00ab\u00a0Certes, il n\u2019y a ni budget, ni ministres mais il faut que tous sachent que l\u2019on est l\u00e0, que l\u2019on refuse l\u2019aust\u00e9rit\u00e9. Il faut maintenir la pression\u00a0!\u00a0\u00bb insiste Brigitte, p\u00e9tillante sexag\u00e9naire qui n\u2019entrevoit toujours pas la retraite. \u00ab\u00a0Tout va mal, Macron il a tout cass\u00e9\u00a0! On peut pas continuer \u00e0 le laisser faire, c\u2019est pas possible\u00a0!\u00a0\u00bb fulmine Martine.<\/p>\n<p>Et comme les fois pr\u00e9c\u00e9dentes, c\u2019est l\u2019ultragauche qui a pris les devants de la manifestation. Une ultragauche sans ses leaders et d\u00e9testant toujours la police, les bourgeois, les patrons, les fascistes et <a href=\"https:\/\/www.estrepublicain.fr\/p\/emmanuel-macron\" target=\"_blank\" rel=\"noopener\">Emmanuel Macron<\/a>.<\/p>\n<p>  Ras-le-bol<\/p>\n<p>Pas de quoi \u00e9clipser la ferveur syndicale, en tout cas. Panneaux et drapeaux ont rappel\u00e9 les griefs visant un pr\u00e9sident de la R\u00e9publique toujours aussi peu populaire. De L\u2019Internationale \u00e0 l\u2019inusable et intemporelle Hexagone de Renaud\u2026 En passant par l\u2019hymne Antisocial de Trust, cette manifestation du 2\u00a0octobre a malgr\u00e9 tout donn\u00e9 de la voix pour exprimer un ras-le-bol visiblement g\u00e9n\u00e9ral.<\/p>\n<p>Et s\u2019est fait remarquer avec un nouveau d\u00e9part de feu devant l\u2019entr\u00e9e du McDo de la\u00a0rue Saint-Dizier, sous les yeux \u00e9berlu\u00e9s des \u00e9tudiants y\u00a0travaillant.<\/p>\n<p>Pour autant, la manif s\u2019est d\u00e9roul\u00e9e sans accroc, \u00e0 un rythme de s\u00e9nateur\u2026 Et a permis aux organisations syndicales de prendre le pouls de la rue, \u00e0 un moment creux, avant les futurs combats qui se profilent. Avec un mot d\u2019ordre\u00a0: \u00ab\u00a0On l\u00e2che rien\u00a0!\u00a0\u00bb<\/p>\n","protected":false},"excerpt":{"rendered":"Il est 14\u00a0h, ce jeudi, du c\u00f4t\u00e9 de la place Saint-Epvre, les rangs sont clairsem\u00e9s. Les barnums sont&hellip;\n","protected":false},"author":2,"featured_media":434245,"comment_status":"","ping_status":"","sticky":false,"template":"","format":"standard","meta":{"footnotes":""},"categories":[9635],"tags":[1111,11,214,9671,1704,341,1777,674,1011,27,775,3457,1702,1703,12,25,137,801,133],"class_list":{"0":"post-434244","1":"post","2":"type-post","3":"status-publish","4":"format-standard","5":"has-post-thumbnail","7":"category-nancy","8":"tag-actu","9":"tag-actualites","10":"tag-chomage","11":"tag-conflit-social","12":"tag-edition-nancy-et-agglomeration","13":"tag-emploi","14":"tag-eu","15":"tag-europe","16":"tag-fr","17":"tag-france","18":"tag-grand-est","19":"tag-meurthe-et-moselle","20":"tag-nancy","21":"tag-nancy-ville-54b","22":"tag-news","23":"tag-republique-francaise","24":"tag-retraite","25":"tag-social","26":"tag-video"},"share_on_mastodon":{"url":"https:\/\/pubeurope.com\/@fr\/115305887357703086","error":""},"_links":{"self":[{"href":"https:\/\/www.europesays.com\/fr\/wp-json\/wp\/v2\/posts\/434244","targetHints":{"allow":["GET"]}}],"collection":[{"href":"https:\/\/www.europesays.com\/fr\/wp-json\/wp\/v2\/posts"}],"about":[{"href":"https:\/\/www.europesays.com\/fr\/wp-json\/wp\/v2\/types\/post"}],"author":[{"embeddable":true,"href":"https:\/\/www.europesays.com\/fr\/wp-json\/wp\/v2\/users\/2"}],"replies":[{"embeddable":true,"href":"https:\/\/www.europesays.com\/fr\/wp-json\/wp\/v2\/comments?post=434244"}],"version-history":[{"count":0,"href":"https:\/\/www.europesays.com\/fr\/wp-json\/wp\/v2\/posts\/434244\/revisions"}],"wp:featuredmedia":[{"embeddable":true,"href":"https:\/\/www.europesays.com\/fr\/wp-json\/wp\/v2\/media\/434245"}],"wp:attachment":[{"href":"https:\/\/www.europesays.com\/fr\/wp-json\/wp\/v2\/media?parent=434244"}],"wp:term":[{"taxonomy":"category","embeddable":true,"href":"https:\/\/www.europesays.com\/fr\/wp-json\/wp\/v2\/categories?post=434244"},{"taxonomy":"post_tag","embeddable":true,"href":"https:\/\/www.europesays.com\/fr\/wp-json\/wp\/v2\/tags?post=434244"}],"curies":[{"name":"wp","href":"https:\/\/api.w.org\/{rel}","templated":true}]}}