{"id":434248,"date":"2025-10-02T18:03:10","date_gmt":"2025-10-02T18:03:10","guid":{"rendered":"https:\/\/www.europesays.com\/fr\/434248\/"},"modified":"2025-10-02T18:03:10","modified_gmt":"2025-10-02T18:03:10","slug":"neuf-mois-apres-sa-grave-blessure-charles-ollivon-va-retrouver-les-pelouses-de-top-14-avec-le-rct","status":"publish","type":"post","link":"https:\/\/www.europesays.com\/fr\/434248\/","title":{"rendered":"Neuf mois apr\u00e8s sa grave blessure, Charles Ollivon va retrouver les pelouses de Top 14 avec le RCT"},"content":{"rendered":"<p class=\"fs-5 \">Neuf mois apr\u00e8s, le \u00ab Grand Charles \u00bb va de nouveau r\u00e9pondre \u00e0 l\u2019appel du terrain. Pour lui, c\u2019est la fin d\u2019une longue bataille. Celle vers le retour au plus haut niveau, apr\u00e8s une \u00e9ni\u00e8me blessure l\u2019ayant \u00e9cart\u00e9 du rectangle vert.<\/p>\n<p class=\"fs-5 \">Le samedi 4 janvier dernier, d\u00e8s les premi\u00e8res minutes d\u2019une rencontre de Top 14 disput\u00e9e face au Racing 92, le troisi\u00e8me ligne et capitaine du Rugby club toulonnais se blessait gravement au genou sur une course avec ballon. Il sortait sous les applaudissements de Mayol, d\u00e9pit\u00e9, avant de lire le r\u00e9sultat sans appel des examens, trois jours plus tard : rupture d\u2019un ligament crois\u00e9 du genou droit. Une blessure que le Basque d\u2019origine avait d\u00e9j\u00e0 subie \u00e0 l\u2019autre jambe durant un match \u00e0 Castres, presque quatre ans auparavant\u2026<\/p>\n<p class=\"fs-5 \">Charles Ollivon n\u2019en est donc pas \u00e0 sa premi\u00e8re op\u00e9ration. Ni \u00e0 sa premi\u00e8re r\u00e9surrection. \u00c0 32 ans, le gamin de Saint-P\u00e9e-sur-Nivelle conna\u00eet la formule pour revenir au top. Aussi, apr\u00e8s une n\u00e9cessaire phase de repos, l\u2019international aux 46 s\u00e9lections avec le XV de France a travaill\u00e9 d\u2019arrache-pied pour revenir en ce d\u00e9but de saison.<\/p>\n<p>                                                                                Acclamations \u00e0 Dauger, ovation \u00e0 Mayol ?<\/p>\n<p class=\"fs-5 \">Premi\u00e8re mission accomplie. \u00c0 l\u2019entra\u00eenement avec le collectif depuis plusieurs semaines, il avait effectu\u00e9 son retour dans le groupe \u00e9largi pour la r\u00e9ception avort\u00e9e de La Rochelle (lors de la troisi\u00e8me journ\u00e9e) avant de r\u00e9cidiver, une semaine plus tard, en vue du d\u00e9placement \u00e0 Bayonne.<\/p>\n<p class=\"fs-5 \">Dimanche dernier, dans l\u2019enceinte de Jean-Dauger qui l\u2019avait vu se r\u00e9v\u00e9ler chez les professionnels, Ollivon a d\u2019ailleurs re\u00e7u de la part du public bayonnais l\u2019une de ces acclamations qui vous r\u00e9chauffent le c\u0153ur. Avant l\u2019ovation de Mayol ce samedi, lorsqu\u2019il sortira du banc pour disputer ses premi\u00e8res minutes de la saison ? Fort probable, puisque l\u2019avant devrait d\u00e9buter en tant que rempla\u00e7ant face \u00e0 Pau, ce samedi.<\/p>\n<p class=\"fs-5 \">Un retour entrepris lentement, mais s\u00fbrement, donc, \u00e0 l\u2019image d\u2019un mois de septembre lors duquel le staff n\u2019a pas voulu pr\u00e9cipiter les choses. \u00ab Charles rongeait un peu son frein \u00bb, confie Dany Priso Mouangu\u00e9, co\u00e9quipier du huit de devant.<\/p>\n<p class=\"fs-5 \">\u00ab Quand tu as une blessure aussi longue et importante, tu n\u2019es pas \u00e0 deux semaines pr\u00e8s, justifiait quant \u00e0 lui l\u2019entra\u00eeneur de la touche varoise, Sergio Parisse, avant de d\u00e9fier l\u2019Aviron. Dans sa t\u00eate, il est proche [de retrouver la comp\u00e9tition] depuis plusieurs semaines, car lorsque tu es loin des terrains depuis si longtemps, tu n\u2019attends qu\u2019une chose, c\u2019est de rejouer. Apr\u00e8s, Charles est un super athl\u00e8te. Je n\u2019avais aucun doute sur le fait qu\u2019il allait tr\u00e8s bien r\u00e9cup\u00e9rer. \u00bb<\/p>\n<p class=\"fs-5 \">Pour le directeur du rugby Pierre Mignoni, le principal concern\u00e9 a m\u00eame fait mieux que \u00e7a : \u00ab Je pense qu\u2019il a aussi gagn\u00e9 en cr\u00e9dibilit\u00e9 pour la suite. Il a bien travaill\u00e9. Il est frais et en forme. Je crois qu\u2019il va jouer encore plus longtemps. \u00bb<\/p>\n<p class=\"fs-5 \">Nul doute que vivre de l\u2019ext\u00e9rieur le Tournoi des Six nations (remport\u00e9 par la France) ou m\u00eame la demi-finale de Top 14 (ralli\u00e9e par Toulon pour la premi\u00e8re fois depuis 2018) a d\u00fb entretenir la faim du comp\u00e9titeur.<\/p>\n<p>                                                                                \u00ab Il faut qu\u2019il pense \u00e0 lui \u00bb<\/p>\n<p class=\"fs-5 \">Le demi de m\u00eal\u00e9e Ben White a ainsi h\u00e2te de le revoir sur le pr\u00e9 : \u00ab C\u2019est \u00e9norme pour toute l\u2019\u00e9quipe. Charles est un tr\u00e8s grand joueur, qui peut jouer \u00e0 tr\u00e8s haut niveau. Quand tu joues avec lui, tu as plus de confiance et d\u2019\u00e9nergie, car c\u2019est une personnalit\u00e9 hors normes. \u00bb<\/p>\n<p class=\"fs-5 \">Pourtant, l\u2019entra\u00eeneur en chef du RCT n\u2019attend pas le \u00ab Grand Charles \u00bb comme le Messie. \u00ab Son retour, dit-il, avec l\u2019impact qu\u2019il peut avoir sur les autres, est toujours une bonne chose pour le groupe. Mais l\u00e0, je lui ai dit qu\u2019il faut d\u2019abord qu\u2019il pense \u00e0 lui. Il ne sera pas capitaine samedi. Il faut qu\u2019il prenne du plaisir, qu\u2019il retrouve des sensations et que les joueurs sur le terrain l\u2019aident \u00e0 bien revenir. \u00bb<\/p>\n<p class=\"fs-5 \">Le pilier polyvalent Dany Priso Mouangu\u00e9 sera de ceux-l\u00e0 : \u00ab On est heureux de l\u2019avoir avec nous et je pense que tout le public sera content de le retrouver aussi. Maintenant, \u00e0 nous de l\u2019accompagner sur ce match de reprise, pour qu\u2019il se sente le plus \u00e0 l\u2019aise et qu\u2019il retrouve vraiment le collectif. \u00bb<\/p>\n<p class=\"fs-5 \">Et si l\u2019\u00e9v\u00e8nement que repr\u00e9sente ce come-back offre un suppl\u00e9ment d\u2019\u00e2me \u00e0 la formation rouge et noir, ce sera tant mieux : \u00ab C\u2019est quelque chose qui peut jouer pour nous. Jouer pour son retour, l\u2019accompagner\u2026 C\u2019est toujours mieux de revenir avec une victoire. [&#8230;] Et le plus beau cadeau qu\u2019on pourra lui faire, ce sera d\u2019essayer de ramener les points chez nous. \u00bb<\/p>\n<p class=\"fs-5 \">Ce serait, en effet, une bien belle mani\u00e8re de f\u00eater un tel retour.<\/p>\n","protected":false},"excerpt":{"rendered":"Neuf mois apr\u00e8s, le \u00ab Grand Charles \u00bb va de nouveau r\u00e9pondre \u00e0 l\u2019appel du terrain. Pour lui,&hellip;\n","protected":false},"author":2,"featured_media":434249,"comment_status":"","ping_status":"","sticky":false,"template":"","format":"standard","meta":{"footnotes":""},"categories":[9619],"tags":[1111,11,1777,674,1011,27,12,882,3461,25,2310],"class_list":{"0":"post-434248","1":"post","2":"type-post","3":"status-publish","4":"format-standard","5":"has-post-thumbnail","7":"category-toulon","8":"tag-actu","9":"tag-actualites","10":"tag-eu","11":"tag-europe","12":"tag-fr","13":"tag-france","14":"tag-news","15":"tag-provence-alpes-cote-dazur","16":"tag-rct","17":"tag-republique-francaise","18":"tag-toulon"},"share_on_mastodon":{"url":"","error":""},"_links":{"self":[{"href":"https:\/\/www.europesays.com\/fr\/wp-json\/wp\/v2\/posts\/434248","targetHints":{"allow":["GET"]}}],"collection":[{"href":"https:\/\/www.europesays.com\/fr\/wp-json\/wp\/v2\/posts"}],"about":[{"href":"https:\/\/www.europesays.com\/fr\/wp-json\/wp\/v2\/types\/post"}],"author":[{"embeddable":true,"href":"https:\/\/www.europesays.com\/fr\/wp-json\/wp\/v2\/users\/2"}],"replies":[{"embeddable":true,"href":"https:\/\/www.europesays.com\/fr\/wp-json\/wp\/v2\/comments?post=434248"}],"version-history":[{"count":0,"href":"https:\/\/www.europesays.com\/fr\/wp-json\/wp\/v2\/posts\/434248\/revisions"}],"wp:featuredmedia":[{"embeddable":true,"href":"https:\/\/www.europesays.com\/fr\/wp-json\/wp\/v2\/media\/434249"}],"wp:attachment":[{"href":"https:\/\/www.europesays.com\/fr\/wp-json\/wp\/v2\/media?parent=434248"}],"wp:term":[{"taxonomy":"category","embeddable":true,"href":"https:\/\/www.europesays.com\/fr\/wp-json\/wp\/v2\/categories?post=434248"},{"taxonomy":"post_tag","embeddable":true,"href":"https:\/\/www.europesays.com\/fr\/wp-json\/wp\/v2\/tags?post=434248"}],"curies":[{"name":"wp","href":"https:\/\/api.w.org\/{rel}","templated":true}]}}