{"id":434252,"date":"2025-10-02T18:05:12","date_gmt":"2025-10-02T18:05:12","guid":{"rendered":"https:\/\/www.europesays.com\/fr\/434252\/"},"modified":"2025-10-02T18:05:12","modified_gmt":"2025-10-02T18:05:12","slug":"renovation-du-stade-de-la-mosson-une-victoire-politique-pour-les-habitants-de-la-paillade","status":"publish","type":"post","link":"https:\/\/www.europesays.com\/fr\/434252\/","title":{"rendered":"r\u00e9novation du stade de la Mosson, \u00ab\u00a0une victoire politique pour les habitants de la Paillade\u00a0\u00bb"},"content":{"rendered":"<p>            Par<br \/>\n        <strong><br \/>\n            <a href=\"https:\/\/actu.fr\/auteur\/c-nithard\" title=\"Consulter tous les articles de C\u00e9dric Nithard\" rel=\"nofollow noopener\" target=\"_blank\">C\u00e9dric Nithard<\/a><br \/>\n        <\/strong><\/p>\n<p>        Publi\u00e9 le<\/p>\n<p>            2 oct. 2025 \u00e0 19h36        <\/p>\n<p>L\u2019annonce par le pr\u00e9sident du MHSC Laurent Nicollin de l\u2019<strong>abandon du projet de nouveau stade<\/strong> et celle du pr\u00e9sident de la M\u00e9tropole de Montpellier Micha\u00ebl Delafosse de <strong>r\u00e9nover le stade de la Mosson et ses abords<\/strong> ont \u00e9t\u00e9 prises par certains avec satisfaction. C\u2019est le cas de <a href=\"https:\/\/actu.fr\/occitanie\/montpellier_34172\/municipales-montpellier-rhany-slimane-lfi-veut-rompre-avec-le-macroniste-delafosse_63124543.html\" rel=\"nofollow noopener\" target=\"_blank\"><strong>Rhany Slimane<\/strong>, opposant notoire au maire<\/a> et co-chef de file de <strong>La France Insoumise<\/strong> pour les municipales, qui avec ses camarades, qu\u2019ils soient \u00e0 l\u2019\u00e9poque dans Nous Sommes ou \u00e0 l\u2019int\u00e9rieur du conseil municipal avec Alenka Doulain, a toujours d\u00e9fendu cette option. \u00ab\u00a0Cette d\u00e9cision marque une victoire politique pour les habitants de la Paillade\u00a0\u00bb a-t-il ainsi salu\u00e9 \u00e0 sa mani\u00e8re.<\/p>\n<p>Un petit air de \u00ab\u00a0on l\u2019avait dit<\/p>\n<p class=\" wall-content\">Le feuilleton du nouveau stade a pris fin ce mercredi 1er octobre. L\u2019ironie allant jusqu\u2019\u00e0 l\u2019annonce faite \u00e0 l\u2019occasion de la photo officiel au stade de la Mosson. Un hasard impos\u00e9 par la complexit\u00e9 des agendas \u00e0 faire co\u00efncider et un Mas Saint-Gabriel occup\u00e9 par des travaux et un colloque comme nous le confiera Laurent Nicollin. Pas de symbolique \u00e0 chercher donc, ni dans le lieu de la photo, ni dans une annonce presque improvis\u00e9e par le pr\u00e9sident du MHSC et le pr\u00e9sident de la M\u00e9tropole de Montpellier Micha\u00ebl Delafosse.<\/p>\n<p class=\" wall-content\">Si Laurent Nicollin n\u2019a pas cach\u00e9 sa d\u00e9ception quant \u00e0 un nouvel outil pour d\u00e9velopper le club, il a d\u00e9clar\u00e9 s\u2019inscrire pleinement dans le projet de la collectivit\u00e9 voulu dans ce sens. Car l\u2019avenir du MHSC se poursuivra dans un stade de la Mosson r\u00e9nov\u00e9 et ses abords retravaill\u00e9s comme le d\u00e9fend d\u00e9sormais l\u2019\u00e9dile au coeur d\u2019un quartier en pleine transformation.<\/p>\n<p>    <a href=\"https:\/\/www.google.com\/maps\/embed?pb=!1m18!1m12!1m3!1d5776.500778074879!2d3.8094877756228116!3d43.62214725443951!2m3!1f0!2f0!3f0!3m2!1i1024!2i768!4f13.1!3m3!1m2!1s0x12b6ac3a9829522b%3A0x99e056199e3d006b!2sStade%20de%20la%20Mosson!5e0!3m2!1sfr!2sfr!4v1759420755331!5m2!1sfr!2sfr\" title=\"Ouvrie le lien\" rel=\"nofollow noopener\" target=\"_blank\">Cliquez ici pour visualiser le contenu<\/a><\/p>\n<p class=\" wall-content\">Ce que nous pouvait \u00e9videmment pas manqu\u00e9 l\u2019opposition \u00e0 l\u2019instar de Rhany Slimane qui rappelle : \u00ab\u00a0Depuis 2022, nous alertons sur l\u2019absence de viabilit\u00e9 d\u2019un stade priv\u00e9, sur le risque d\u2019un gouffre financier pour les contribuables et sur l\u2019injustice d\u2019un projet qui tournait le dos aux quartiers populaires. Aujourd\u2019hui, le maire reprend nos arguments et confirme publiquement notre ligne : la Mosson doit \u00eatre r\u00e9nov\u00e9e\u00a0\u00bb. Un petit air de \u00ab\u00a0on l\u2019avait dit\u00a0\u00bb en demandant par ailleurs \u00ab\u00a0un audit ind\u00e9pendant afin que les Montpelli\u00e9rains connaissent la v\u00e9rit\u00e9 sur les millions d\u00e9j\u00e0 d\u00e9pens\u00e9s en pure perte dans les \u00e9tudes, acquisitions et pr\u00e9paratifs du projet abandonn\u00e9\u00a0\u00bb.<\/p>\n<p>Vid\u00e9os : en ce moment sur ActuLe mus\u00e9e \u00e0 proximit\u00e9 du stade<\/p>\n<p class=\" wall-content\">Jugeant que \u00ab\u00a0cette d\u00e9cision marque une victoire politique pour les habitants de la Paillade\u00a0\u00bb, <a href=\"https:\/\/actu.fr\/occitanie\/montpellier_34172\/montpellier-avec-quatre-chefs-de-file-la-france-insoumise-ne-se-prend-pas-encore-la-tete_62857092.html\" rel=\"nofollow noopener\" target=\"_blank\">le co-chef de file de La France Insoumise pour les municipales<\/a> ne veut pas s\u2019arr\u00eater l\u00e0 : \u00ab\u00a0Cette victoire n\u2019est qu\u2019une \u00e9tape. La r\u00e9novation de la Mosson doit \u00eatre un projet collectif, ambitieux et inclusif. Elle doit \u00eatre con\u00e7ue par les habitants, pour que le stade redevienne un espace s\u00fbr, convivial et vivant, au service du quartier comme de l\u2019ensemble de la ville. Il ne s\u2019agit pas seulement de football : c\u2019est de l\u2019avenir de la Paillade dont il est question\u00a0\u00bb.<\/p>\n<p>Votre r\u00e9gion, votre actu !<\/p>\n<p>Recevez chaque jour les infos qui comptent pour vous.<\/p>\n<p>\t<a href=\"https:\/\/actu.fr\/newsletter\" class=\"ac-btn ac-btn--corner ac-btn--medium ac-btn--blue800\" rel=\"nofollow noopener\" target=\"_blank\">S&rsquo;incrire<\/a><\/p>\n<p class=\" wall-content\">Et si Micha\u00ebl Delafosse se r\u00e9jouit que \u00ab\u00a0le stade va s\u2019inscrire pleinement dans la dynamique de transformation du quartier\u00a0\u00bb, il exclut que le mus\u00e9e accueillant la collection d\u2019objets de sports de Louis Nicollin soit adoss\u00e9 au stade de la Mosson, \u00e9tudiant une localisation \u00e0 Cambac\u00e9r\u00e8s ou Odysseum, comme il devait l\u2019\u00eatre au d\u00e9sormais ex nouveau stade. \u00ab\u00a0Nul doute que la question de l\u2019investissement communal dans les quartiers populaires sera une question centrale dans le cadre des \u00e9lections municipales \u00e0 venir et il serait souhaitable que le mus\u00e9e Louis Nicollin soit \u00e0 proximit\u00e9 du stade\u00a0\u00bb sugg\u00e8re de son c\u00f4t\u00e9 Rhany Slimane qui conclut :\u00a0\u00ab\u00a0Le stade de la Mosson est et restera le c\u0153ur battant de Montpellier. \u00c0 nous de transformer cette victoire en un projet de justice sociale, de transparence et de fiert\u00e9 partag\u00e9e\u00a0\u00bb.\u00a0 Et, avec le timing des annonces, en sujet pour les municipales\u2026<\/p>\n<p class=\" wall-content\">Personnalisez votre actualit\u00e9 en ajoutant vos villes et m\u00e9dias en favori avec <a href=\"https:\/\/moncompte.actu.fr\" title=\"D\u00e9couvez Mon Actu\" rel=\"nofollow noopener\" data-trk=\"{&quot;cta&quot;:{&quot;action&quot;:&quot;https:\\\/\\\/moncompte.actu.fr&quot;,&quot;category&quot;:&quot;mon compte&quot;,&quot;from&quot;:&quot;article footer&quot;,&quot;name&quot;:&quot;Mon actu&quot;,&quot;type&quot;:&quot;cta&quot;}}\" target=\"_blank\">Mon Actu<\/a>.<\/p>\n","protected":false},"excerpt":{"rendered":"Par C\u00e9dric Nithard Publi\u00e9 le 2 oct. 2025 \u00e0 19h36 L\u2019annonce par le pr\u00e9sident du MHSC Laurent Nicollin&hellip;\n","protected":false},"author":2,"featured_media":434253,"comment_status":"","ping_status":"","sticky":false,"template":"","format":"standard","meta":{"footnotes":""},"categories":[9599],"tags":[1111,11,4188,1777,674,1011,27,2208,12,2680,316,25],"class_list":{"0":"post-434252","1":"post","2":"type-post","3":"status-publish","4":"format-standard","5":"has-post-thumbnail","7":"category-montpellier","8":"tag-actu","9":"tag-actualites","10":"tag-elections-municipales","11":"tag-eu","12":"tag-europe","13":"tag-fr","14":"tag-france","15":"tag-montpellier","16":"tag-news","17":"tag-occitanie","18":"tag-politique","19":"tag-republique-francaise"},"share_on_mastodon":{"url":"https:\/\/pubeurope.com\/@fr\/115305901189100693","error":""},"_links":{"self":[{"href":"https:\/\/www.europesays.com\/fr\/wp-json\/wp\/v2\/posts\/434252","targetHints":{"allow":["GET"]}}],"collection":[{"href":"https:\/\/www.europesays.com\/fr\/wp-json\/wp\/v2\/posts"}],"about":[{"href":"https:\/\/www.europesays.com\/fr\/wp-json\/wp\/v2\/types\/post"}],"author":[{"embeddable":true,"href":"https:\/\/www.europesays.com\/fr\/wp-json\/wp\/v2\/users\/2"}],"replies":[{"embeddable":true,"href":"https:\/\/www.europesays.com\/fr\/wp-json\/wp\/v2\/comments?post=434252"}],"version-history":[{"count":0,"href":"https:\/\/www.europesays.com\/fr\/wp-json\/wp\/v2\/posts\/434252\/revisions"}],"wp:featuredmedia":[{"embeddable":true,"href":"https:\/\/www.europesays.com\/fr\/wp-json\/wp\/v2\/media\/434253"}],"wp:attachment":[{"href":"https:\/\/www.europesays.com\/fr\/wp-json\/wp\/v2\/media?parent=434252"}],"wp:term":[{"taxonomy":"category","embeddable":true,"href":"https:\/\/www.europesays.com\/fr\/wp-json\/wp\/v2\/categories?post=434252"},{"taxonomy":"post_tag","embeddable":true,"href":"https:\/\/www.europesays.com\/fr\/wp-json\/wp\/v2\/tags?post=434252"}],"curies":[{"name":"wp","href":"https:\/\/api.w.org\/{rel}","templated":true}]}}