{"id":434256,"date":"2025-10-02T18:07:24","date_gmt":"2025-10-02T18:07:24","guid":{"rendered":"https:\/\/www.europesays.com\/fr\/434256\/"},"modified":"2025-10-02T18:07:24","modified_gmt":"2025-10-02T18:07:24","slug":"suite-a-une-decision-de-la-prefecture-une-superette-du-centre-ville-de-rouen-doit-fermer-ses-portes","status":"publish","type":"post","link":"https:\/\/www.europesays.com\/fr\/434256\/","title":{"rendered":"Suite \u00e0 une d\u00e9cision de la pr\u00e9fecture, une sup\u00e9rette du centre-ville de Rouen doit fermer ses portes"},"content":{"rendered":"<p>            Par<br \/>\n        <strong><br \/>\n            <a href=\"https:\/\/actu.fr\/auteur\/thomas-rideau\" title=\"Consulter tous les articles de Thomas Rideau\" target=\"_blank\" rel=\"noopener\">Thomas Rideau<\/a><br \/>\n        <\/strong><\/p>\n<p>        Publi\u00e9 le<\/p>\n<p>            2 oct. 2025 \u00e0 16h59        <\/p>\n<p>De nombreux curieux s\u2019\u00e9tonnent de trouver porte close devant cette sup\u00e9rette du centre-ville de <a href=\"https:\/\/actu.fr\/normandie\/rouen_76540\" target=\"_blank\" rel=\"noopener\">Rouen (Seine-Maritime)<\/a>. Rue <strong>Armand-Carrel<\/strong>, \u00e0 deux pas de la place Saint-Marc, <a href=\"https:\/\/actu.fr\/normandie\/rouen_76540\/ou-faire-ses-courses-a-rouen-les-prix-ont-ils-augmente-en-un-an-qui-moins-cher_62253512.html\" target=\"_blank\" rel=\"noopener\">l\u2019enseigne Utile<\/a> a en effet baiss\u00e9 le rideau depuis le 28\u00a0septembre 2025. Mais cette fermeture est contrainte et fait suite <a href=\"https:\/\/actu.fr\/normandie\/rouen_76540\/une-celebre-boite-de-nuit-du-centre-ville-de-rouen-visee-par-une-fermeture-administrative_62583650.html\" target=\"_blank\" rel=\"noopener\">\u00e0 un arr\u00eat\u00e9 de la pr\u00e9fecture<\/a> de la Seine-Maritime.<\/p>\n<p>Une vente d\u2019alcool \u00e0 une personne ivre<\/p>\n<p class=\" wall-content\">En effet, <strong>ce magasin Utile<\/strong> doit fermer pour une p\u00e9riode de sept jours. Et pourra donc rouvrir ce 5\u00a0octobre. Et si les services de l\u2019\u00c9tat ont d\u00e9cid\u00e9 de sa fermeture, c\u2019est \u00e0 cause d\u2019une <strong>vente d\u2019alcool<\/strong> \u00e0 une personne \u00ab\u2009manifestement ivre\u2009\u00bb comme l\u2019indique un arr\u00eat\u00e9 de la pr\u00e9fecture publi\u00e9 le 26 septembre.<\/p>\n<p class=\" wall-content\">Cette vente est intervenue le 7\u00a0ao\u00fbt dans la matin\u00e9e. Un individu, \u00ab\u2009pr\u00e9sentant les signes distinctifs de l\u2019ivresse\u2009\u00bb, se rend alors dans la sup\u00e9rette et <strong>ach\u00e8te des bouteilles d\u2019alcool<\/strong>. La police municipale intervient et doit d\u2019ailleurs transporter l\u2019individu \u00e0 l\u2019h\u00f4pital (avant d\u2019\u00eatre \u00ab\u2009mis \u00e0 disposition\u2009\u00bb de la police nationale au commissariat).<\/p>\n<p class=\" wall-content\">Les services de l\u2019\u00c9tat rappellent d\u2019ailleurs qu\u2019il est interdit \u00ab\u2009pour les d\u00e9bitants de boissons de donner \u00e0 boire \u00e0 des gens manifestement\u2009\u00bb et qu\u2019\u00ab\u2009eu \u00e9gard<strong> \u00e0 la gravit\u00e9 des faits<\/strong>, il y a lieu de proc\u00e9der \u00e0 la fermeture administrative temporaire de l\u2019\u00e9tablissement Utile\u2009\u00bb.<\/p>\n<p>Suivez l\u2019actualit\u00e9 de Rouen <a href=\"https:\/\/www.whatsapp.com\/channel\/0029VaKfnf99hXF2ddApFB1D\" target=\"_blank\" rel=\"noopener\">sur notre cha\u00eene WhatsApp<\/a> et <a href=\"https:\/\/www.tiktok.com\/@76actu.fr?lang=fr\" target=\"_blank\" rel=\"noopener\">sur notre compte TikTok<\/a><\/p>\n<p class=\" wall-content\">Personnalisez votre actualit\u00e9 en ajoutant vos villes et m\u00e9dias en favori avec <a href=\"https:\/\/moncompte.actu.fr\" title=\"D\u00e9couvez Mon Actu\" rel=\"nofollow noopener\" data-trk=\"{&quot;cta&quot;:{&quot;action&quot;:&quot;https:\\\/\\\/moncompte.actu.fr&quot;,&quot;category&quot;:&quot;mon compte&quot;,&quot;from&quot;:&quot;article footer&quot;,&quot;name&quot;:&quot;Mon actu&quot;,&quot;type&quot;:&quot;cta&quot;}}\" target=\"_blank\">Mon Actu<\/a>.<\/p>\n<p>                    <script async src=\"\/\/www.tiktok.com\/embed.js\"><\/script><\/p>\n","protected":false},"excerpt":{"rendered":"Par Thomas Rideau Publi\u00e9 le 2 oct. 2025 \u00e0 16h59 De nombreux curieux s\u2019\u00e9tonnent de trouver porte close&hellip;\n","protected":false},"author":2,"featured_media":434257,"comment_status":"","ping_status":"","sticky":false,"template":"","format":"standard","meta":{"footnotes":""},"categories":[9587],"tags":[1111,11,5702,215,1777,674,1011,27,12,5161,25,9590,104],"class_list":{"0":"post-434256","1":"post","2":"type-post","3":"status-publish","4":"format-standard","5":"has-post-thumbnail","7":"category-rouen","8":"tag-actu","9":"tag-actualites","10":"tag-alcool","11":"tag-commerce","12":"tag-eu","13":"tag-europe","14":"tag-fr","15":"tag-france","16":"tag-news","17":"tag-normandie","18":"tag-republique-francaise","19":"tag-rouen","20":"tag-societe"},"share_on_mastodon":{"url":"https:\/\/pubeurope.com\/@fr\/115305909029823163","error":""},"_links":{"self":[{"href":"https:\/\/www.europesays.com\/fr\/wp-json\/wp\/v2\/posts\/434256","targetHints":{"allow":["GET"]}}],"collection":[{"href":"https:\/\/www.europesays.com\/fr\/wp-json\/wp\/v2\/posts"}],"about":[{"href":"https:\/\/www.europesays.com\/fr\/wp-json\/wp\/v2\/types\/post"}],"author":[{"embeddable":true,"href":"https:\/\/www.europesays.com\/fr\/wp-json\/wp\/v2\/users\/2"}],"replies":[{"embeddable":true,"href":"https:\/\/www.europesays.com\/fr\/wp-json\/wp\/v2\/comments?post=434256"}],"version-history":[{"count":0,"href":"https:\/\/www.europesays.com\/fr\/wp-json\/wp\/v2\/posts\/434256\/revisions"}],"wp:featuredmedia":[{"embeddable":true,"href":"https:\/\/www.europesays.com\/fr\/wp-json\/wp\/v2\/media\/434257"}],"wp:attachment":[{"href":"https:\/\/www.europesays.com\/fr\/wp-json\/wp\/v2\/media?parent=434256"}],"wp:term":[{"taxonomy":"category","embeddable":true,"href":"https:\/\/www.europesays.com\/fr\/wp-json\/wp\/v2\/categories?post=434256"},{"taxonomy":"post_tag","embeddable":true,"href":"https:\/\/www.europesays.com\/fr\/wp-json\/wp\/v2\/tags?post=434256"}],"curies":[{"name":"wp","href":"https:\/\/api.w.org\/{rel}","templated":true}]}}