{"id":43426,"date":"2025-04-22T07:47:09","date_gmt":"2025-04-22T07:47:09","guid":{"rendered":"https:\/\/www.europesays.com\/fr\/43426\/"},"modified":"2025-04-22T07:47:09","modified_gmt":"2025-04-22T07:47:09","slug":"ce-boulanger-qui-reve-en-grand-a-saint-chamond","status":"publish","type":"post","link":"https:\/\/www.europesays.com\/fr\/43426\/","title":{"rendered":"ce boulanger qui r\u00eave en grand \u00e0 Saint-Chamond"},"content":{"rendered":"<p>De d\u00e9licieuses odeurs se d\u00e9gagent de l\u2019atelier de confection flambant neuf install\u00e9 au 2 rue du Clos-Marquet, dans le parc d\u2019activit\u00e9s Stelytec.<\/p>\n<p>Nomm\u00e9 La Biscuiterie des Matrus et l\u2019Atelier du pain, le nouvel espace cr\u00e9\u00e9 par Sebastien R\u00e9ocreux, boulanger, \u00e9tait en projet depuis quelques ann\u00e9es d\u00e9j\u00e0.<\/p>\n<p>Jusqu\u2019alors, une partie de la production se faisait <a href=\"https:\/\/www.leprogres.fr\/loire-42-edition-gier\/2019\/04\/09\/la-boulangerie-restaurant-reocreux-ouvre-route-de-saint-etienne\" target=\"_blank\" rel=\"nofollow noopener\">dans sa boulangerie, route de Saint-\u00c9tienne \u00e0 Saint-Chamond,<\/a> pour la vente directe en boutique et les march\u00e9s professionnels. \u00ab\u00a0Nous manquions de place et donc cela nous emp\u00eachait de nous d\u00e9velopper encore plus. Je devais refuser des march\u00e9s faute d\u2019espace\u00a0\u00bb, explique S\u00e9bastien R\u00e9ocreux.<\/p>\n<p>Des biscuits 100\u00a0% locaux<\/p>\n<p>En parall\u00e8le, le boulanger avait l\u2019id\u00e9e depuis longtemps de lancer une&#8230;<\/p>\n","protected":false},"excerpt":{"rendered":"De d\u00e9licieuses odeurs se d\u00e9gagent de l\u2019atelier de confection flambant neuf install\u00e9 au 2 rue du Clos-Marquet, dans&hellip;\n","protected":false},"author":2,"featured_media":43427,"comment_status":"","ping_status":"","sticky":false,"template":"","format":"standard","meta":{"footnotes":""},"categories":[9653],"tags":[1111,11,2430,33,7539,1777,674,1011,27,12,25,9669,9670,4001],"class_list":{"0":"post-43426","1":"post","2":"type-post","3":"status-publish","4":"format-standard","5":"has-post-thumbnail","7":"category-saint-etienne","8":"tag-actu","9":"tag-actualites","10":"tag-auvergne-rhone-alpes","11":"tag-economie","12":"tag-edition-loire-sud","13":"tag-eu","14":"tag-europe","15":"tag-fr","16":"tag-france","17":"tag-news","18":"tag-republique-francaise","19":"tag-saint-chamond","20":"tag-saint-chamond-ville","21":"tag-saint-etienne"},"share_on_mastodon":{"url":"https:\/\/pubeurope.com\/@fr\/114380514492955580","error":""},"_links":{"self":[{"href":"https:\/\/www.europesays.com\/fr\/wp-json\/wp\/v2\/posts\/43426","targetHints":{"allow":["GET"]}}],"collection":[{"href":"https:\/\/www.europesays.com\/fr\/wp-json\/wp\/v2\/posts"}],"about":[{"href":"https:\/\/www.europesays.com\/fr\/wp-json\/wp\/v2\/types\/post"}],"author":[{"embeddable":true,"href":"https:\/\/www.europesays.com\/fr\/wp-json\/wp\/v2\/users\/2"}],"replies":[{"embeddable":true,"href":"https:\/\/www.europesays.com\/fr\/wp-json\/wp\/v2\/comments?post=43426"}],"version-history":[{"count":0,"href":"https:\/\/www.europesays.com\/fr\/wp-json\/wp\/v2\/posts\/43426\/revisions"}],"wp:featuredmedia":[{"embeddable":true,"href":"https:\/\/www.europesays.com\/fr\/wp-json\/wp\/v2\/media\/43427"}],"wp:attachment":[{"href":"https:\/\/www.europesays.com\/fr\/wp-json\/wp\/v2\/media?parent=43426"}],"wp:term":[{"taxonomy":"category","embeddable":true,"href":"https:\/\/www.europesays.com\/fr\/wp-json\/wp\/v2\/categories?post=43426"},{"taxonomy":"post_tag","embeddable":true,"href":"https:\/\/www.europesays.com\/fr\/wp-json\/wp\/v2\/tags?post=43426"}],"curies":[{"name":"wp","href":"https:\/\/api.w.org\/{rel}","templated":true}]}}