{"id":434262,"date":"2025-10-02T18:10:28","date_gmt":"2025-10-02T18:10:28","guid":{"rendered":"https:\/\/www.europesays.com\/fr\/434262\/"},"modified":"2025-10-02T18:10:28","modified_gmt":"2025-10-02T18:10:28","slug":"blocage-du-2-octobre-le-point-a-midi","status":"publish","type":"post","link":"https:\/\/www.europesays.com\/fr\/434262\/","title":{"rendered":"blocage du 2 octobre : le point \u00e0 midi"},"content":{"rendered":"<p style=\"text-align: justify;\">Ce jeudi 2 octobre 2025, des mouvements sociaux sont pr\u00e9vus contre la politique d\u2019aust\u00e9rit\u00e9, tout au long de la journ\u00e9e. La matin\u00e9e a \u00e9t\u00e9 ponctu\u00e9e de nombreux blocages ou tentatives devant les \u00e9tablissements scolaires et universitaires. Voici le point \u00e0 midi.\u00a0<\/p>\n<p class=\"p1\" style=\"text-align: justify;\">\u00c0 l\u2019universit\u00e9 Rennes 2, vers 11 h 15, la mobilisation restait concentr\u00e9e autour du b\u00e2timent L bloqu\u00e9, devant lequel environ 300 personnes \u00e9taient rassembl\u00e9es. Peu avant 11 heures, des tirs de mortiers ont \u00e9t\u00e9 recens\u00e9s \u00e0 l\u2019int\u00e9rieur du campus, ce qui a conduit \u00e0 l\u2019\u00e9vacuation de l\u2019ensemble des b\u00e2timents. Fait \u00e0 noter, des mobiliers ont \u00e9t\u00e9 sortis \u00e0 l\u2019ext\u00e9rieur du campus et de nombreux slogans sont tagu\u00e9s sur les murs<\/p>\n<p class=\"p1\" style=\"text-align: justify;\">\u00c0 Rennes 1, seul un b\u00e2timent administratif est bloqu\u00e9. Le reste du campus reste accessible et les activit\u00e9s se poursuivent normalement. \u00c0 Sciences Po Rennes, le blocage a \u00e9t\u00e9 lev\u00e9 mais l\u2019\u00e9tablissement demeure ferm\u00e9, les cours \u00e9tant maintenus \u00e0 distance. M\u00eame situation pour la Rennes School of Business, o\u00f9 les \u00e9tudiants suivent leurs enseignements en distanciel apr\u00e8s la fermeture des locaux.<\/p>\n<p class=\"p1\" style=\"text-align: justify;\">Dans le secondaire, le lyc\u00e9e Jean Mac\u00e9 conna\u00eet un blocage limit\u00e9 \u00e0 l\u2019entr\u00e9e principale, sans pour autant emp\u00eacher les \u00e9l\u00e8ves de rejoindre les cours gr\u00e2ce \u00e0 une porte secondaire rest\u00e9e ouverte. Les lyc\u00e9es Co\u00ebtlogon et Victor-et-H\u00e9l\u00e8ne Basch ont, eux, \u00e9t\u00e9 d\u00e9bloqu\u00e9s dans la matin\u00e9e par la direction interd\u00e9partementale de la police nationale. Les \u00e9l\u00e8ves ont ainsi pu entrer normalement d\u00e8s le d\u00e9but des cours, \u00e0 8 heures. \u00c0 Saint-Malo : 285 personnes \u00e9taient pr\u00e9sentes devant la pr\u00e9fecture. \u00c0 Guichen : 80 personnes \u00e9taient pr\u00e9sentes au plus fort du d\u00e9fil\u00e9. \u00c0 Rennes, les trois convois de manifestants convergent vers le lieu de rendez-vous esplanade CDG. \u00ab\u00a0Depuis 6h30, 5 interpellations au total en Ille-et-Vilaine\u00a0\u00bb, indique la pr\u00e9fecture.<\/p>\n","protected":false},"excerpt":{"rendered":"Ce jeudi 2 octobre 2025, des mouvements sociaux sont pr\u00e9vus contre la politique d\u2019aust\u00e9rit\u00e9, tout au long de&hellip;\n","protected":false},"author":2,"featured_media":434263,"comment_status":"","ping_status":"","sticky":false,"template":"","format":"standard","meta":{"footnotes":""},"categories":[2821],"tags":[1111,11,829,1777,674,1011,27,12,584,25],"class_list":{"0":"post-434262","1":"post","2":"type-post","3":"status-publish","4":"format-standard","5":"has-post-thumbnail","7":"category-rennes","8":"tag-actu","9":"tag-actualites","10":"tag-bretagne","11":"tag-eu","12":"tag-europe","13":"tag-fr","14":"tag-france","15":"tag-news","16":"tag-rennes","17":"tag-republique-francaise"},"share_on_mastodon":{"url":"https:\/\/pubeurope.com\/@fr\/115305920915400707","error":""},"_links":{"self":[{"href":"https:\/\/www.europesays.com\/fr\/wp-json\/wp\/v2\/posts\/434262","targetHints":{"allow":["GET"]}}],"collection":[{"href":"https:\/\/www.europesays.com\/fr\/wp-json\/wp\/v2\/posts"}],"about":[{"href":"https:\/\/www.europesays.com\/fr\/wp-json\/wp\/v2\/types\/post"}],"author":[{"embeddable":true,"href":"https:\/\/www.europesays.com\/fr\/wp-json\/wp\/v2\/users\/2"}],"replies":[{"embeddable":true,"href":"https:\/\/www.europesays.com\/fr\/wp-json\/wp\/v2\/comments?post=434262"}],"version-history":[{"count":0,"href":"https:\/\/www.europesays.com\/fr\/wp-json\/wp\/v2\/posts\/434262\/revisions"}],"wp:featuredmedia":[{"embeddable":true,"href":"https:\/\/www.europesays.com\/fr\/wp-json\/wp\/v2\/media\/434263"}],"wp:attachment":[{"href":"https:\/\/www.europesays.com\/fr\/wp-json\/wp\/v2\/media?parent=434262"}],"wp:term":[{"taxonomy":"category","embeddable":true,"href":"https:\/\/www.europesays.com\/fr\/wp-json\/wp\/v2\/categories?post=434262"},{"taxonomy":"post_tag","embeddable":true,"href":"https:\/\/www.europesays.com\/fr\/wp-json\/wp\/v2\/tags?post=434262"}],"curies":[{"name":"wp","href":"https:\/\/api.w.org\/{rel}","templated":true}]}}