{"id":434264,"date":"2025-10-02T18:11:16","date_gmt":"2025-10-02T18:11:16","guid":{"rendered":"https:\/\/www.europesays.com\/fr\/434264\/"},"modified":"2025-10-02T18:11:16","modified_gmt":"2025-10-02T18:11:16","slug":"greve-du-2-octobre-je-suis-un-peu-desabusee-mais-je-suis-la-quand-meme-marie-christine-retraitee-tient-a-manifester-malgre-tout","status":"publish","type":"post","link":"https:\/\/www.europesays.com\/fr\/434264\/","title":{"rendered":"Gr\u00e8ve du 2 octobre. \u00ab\u00a0Je suis un peu d\u00e9sabus\u00e9e, mais je suis l\u00e0 quand m\u00eame\u00a0\u00bb, Marie-Christine, retrait\u00e9e, tient \u00e0 manifester malgr\u00e9 tout"},"content":{"rendered":"<p class=\"article__intro\">Pas question pour elle de ne pas \u00eatre au c\u0153ur du cort\u00e8ge \u00e0 Rennes. Marie-Christine, retrait\u00e9e, a une nouvelle fois d\u00e9fil\u00e9 ce jeudi 2 octobre. Bien s\u00fbr, elle s&rsquo;\u00e9tonne d&rsquo;une mobilisation en baisse, mais elle comprend le d\u00e9couragement des Fran\u00e7ais face \u00e0 \u00ab\u00a0ce gouvernement qui ne veut rien entendre\u00a0\u00bb.<\/p>\n<p>\n      L\u2019actu des r\u00e9gions\n    <\/p>\n<p>\n      Chaque jour, un tour d\u2019horizon des principales infos de toutes les r\u00e9gions.\n    <\/p>\n<p>    France T\u00e9l\u00e9visions utilise votre adresse e-mail afin de vous envoyer la newsletter \u00ab\u00a0L\u2019actu des r\u00e9gions\u00a0\u00bb. Vous pouvez vous d\u00e9sinscrire \u00e0 tout moment via le lien en bas de cette newsletter. <a target=\"_blank\" href=\"https:\/\/www.francetelevisions.fr\/groupe\/confidentialite\/politique-de-confidentialite\/politique-de-confidentialite-de-france-televisions-6503\" rel=\"nofollow noopener\">Notre politique de confidentialit\u00e9<\/a><\/p>\n<p>\u00c0 Rennes, comme dans de tr\u00e8s nombreuses villes en France, des manifestations ont r\u00e9uni des centaines de milliers de manifestants pour demander une justice fiscale et sociale. <a href=\"https:\/\/france3-regions.franceinfo.fr\/bretagne\/ille-et-vilaine\/journee-de-mobilisation-du-2-octobre-plusieurs-etablissements-scolaires-et-universitaires-bloques-a-rennes-3226406.html\" target=\"_blank\" rel=\"noopener nofollow\">Des cort\u00e8ges bien moins fournis que les journ\u00e9es de mobilisation pr\u00e9c\u00e9dentes<\/a>. \u00c0 Rennes, 6.000 manifestants ont d\u00e9fil\u00e9 selon la pr\u00e9fecture et 10.000 selon les syndicats, soit moiti\u00e9 moins que le 18 septembre.<\/p>\n<p><a href=\"https:\/\/france3-regions.franceinfo.fr\/bretagne\/ille-et-vilaine\/rennes\/video-ils-continuent-de-manifester-pour-la-justice-sociale-pourquoi-ils-y-croient-encore-3226868.html\" target=\"_blank\" rel=\"noopener nofollow\">Parmi ceux qui ont battu le pav\u00e9 dans le calme dans les rues du centre-ville<\/a>, Marie-Christine. Retrait\u00e9e depuis 6 ans, elle s&rsquo;est mobilis\u00e9e \u00e0 deux reprises depuis le 10 septembre et pour elle, pas question d&rsquo;arr\u00eater. \u00c0 elle seule, elle r\u00e9sume ce que plusieurs manifestants nous ont confi\u00e9 dans le cort\u00e8ge rennais : ce sentiment de r\u00e9signation et cette volont\u00e9 de manifester malgr\u00e9 ce gouvernement qui n&rsquo;entend pas la col\u00e8re de la rue.\u00a0<\/p>\n<blockquote class=\"ftvi_content_quote\">\n<p class=\"ftvi_citation_quote\">Je crois qu&rsquo;il faut manifester son m\u00e9contentement avec tout ce qui se passe actuellement. Je suis un peu d\u00e9sabus\u00e9e, mais je suis l\u00e0 quand m\u00eame pour le dire.<\/p>\n<p>Marie-Christine<\/p>\n<p class=\"ftvi_citation_source\">Retrait\u00e9e dans le cort\u00e8ge rennais de ce jeudi 2 octobre<\/p>\n<\/blockquote>\n<p>Quand on lui demande ce qu&rsquo;elle veut d\u00e9noncer, elle \u00e9num\u00e8re \u00ab\u00a0toutes les marches arri\u00e8re qui sont faites par rapport \u00e0 l&rsquo;environnement\u00a0\u00bb, \u00ab\u00a0les lois qui r\u00e9trogradent\u00a0\u00bb, le ras-le-bol de ce s\u00e9isme entre \u00ab\u00a0tous ces gens qui ont plein de fric, qui ne savent pas quoi en faire, et ceux qui n&rsquo;ont plus rien pour manger\u00a0\u00bb, etc.<\/p>\n<p>Cette ancienne \u00e9ducatrice sp\u00e9cialis\u00e9e a exerc\u00e9 40 ans \u00e0 Rennes et a \u00e9t\u00e9 responsable d&rsquo;un service qui accompagnait entre autres les jeunes migrants. Elle se sent \u00ab\u00a0tr\u00e8s privil\u00e9gi\u00e9e en tant que retrait\u00e9e\u00a0\u00bb, mais tient \u00ab\u00a0\u00e0 \u00eatre l\u00e0 pour soutenir les gens\u00a0\u00bb. \u00ab\u00a0Oui, je crois qu&rsquo;il faut manifester son m\u00e9contentement avec tout ce qui se passe actuellement. Je suis un peu d\u00e9sabus\u00e9e, mais je suis l\u00e0 quand m\u00eame pour le dire\u00a0\u00bb, assume-t-elle.<\/p>\n<p><a data-article-figure=\"\" href=\"https:\/\/france3-regions.franceinfo.fr\/image\/eTLobt1X1vB_CITn_UqCogwIYYE\/4032x3024\/regions\/2025\/10\/02\/whatsapp-image-2025-10-02-at-14-11-37-68deb02ca535a381481638.jpg\" data-pswp-width=\"4032\" data-pswp-height=\"3024\" target=\"_blank\" rel=\"nofollow noopener\"><\/p>\n<p>          <img width=\"600\" height=\"400\" class=\"article-image lazy\" data-src=\"https:\/\/www.europesays.com\/fr\/wp-content\/uploads\/2025\/10\/whatsapp-image-2025-10-02-at-14-11-37-68deb02ca535a381481638.jpg\" alt=\"De 6.000 selon la pr\u00e9fecture \u00e0 10.000 manifestants ont d\u00e9fil\u00e9 \u00e0 Rennes ce jeudi 2 octobre.\" fetchpriority=\"high\" as=\"image\"\/><\/p>\n<p>\n            De 6.000 selon la pr\u00e9fecture \u00e0 10.000 manifestants ont d\u00e9fil\u00e9 \u00e0 Rennes ce jeudi 2 octobre.<br \/>\n                           \u2022<br \/>\n                                      \u00a9 T. Peign\u00e9 &#8211; FTV\n                      <\/p>\n<p><\/a><\/p>\n<p>Marie-Christine a \u00e9t\u00e9 de toutes les manifestations contre la r\u00e9forme des retraites. Elle a \u00e9t\u00e9 de longues ann\u00e9es syndiqu\u00e9e \u00e0 la CFDT avant d&rsquo;en partir, car d\u00e9\u00e7ue de la position du syndicat face \u00e0 Emmanuel Macron. Ce jeudi, elle ne cache pas qu&rsquo;elle s&rsquo;\u00e9tonne de la faible mobilisation : \u00ab\u00a0Je me demande o\u00f9 sont ces gens qui cr\u00e8vent la dalle. Ils n&rsquo;ont peut-\u00eatre m\u00eame plus la force de r\u00e9agir, je trouve \u00e7a dommage, mais bon, d&rsquo;un autre c\u00f4t\u00e9, c&rsquo;est comme \u00e7a\u00a0\u00bb.<\/p>\n<p>Pour elle, le probl\u00e8me vient des politiques et des gouvernements : \u00ab\u00a0en face, on a tellement des gens qui ne veulent rien entendre. Je ne sais pas ce qu&rsquo;il faut faire pour qu&rsquo;ils prennent conscience de la r\u00e9alit\u00e9 des choses. Eux, ce sont des nantis, de toute fa\u00e7on, ils sont dans leur petite bulle, l\u00e0, et ils ne voient rien autour. Je me dis, &lsquo;je ne sais pas, on ne va pas faire une r\u00e9volution&rsquo;, mais en fait, je ne sens pas les gens en capacit\u00e9 de le faire non plus, parce que voil\u00e0, ils doivent g\u00e9rer leur quotidien, qui, \u00e0 mon avis, doit \u00eatre tr\u00e8s compliqu\u00e9 pour eux\u00a0\u00bb.<\/p>\n<blockquote class=\"ftvi_content_quote\">\n<p class=\"ftvi_citation_quote\">C&rsquo;est un peu pitoyable ce qui se passe au niveau des partis politiques, chacun veut garder ses petits avantages et rien ne bouge, du coup, \u00e7a fait le jeu de Macron<\/p>\n<p>Marie-Christine<\/p>\n<p class=\"ftvi_citation_source\">Retrait\u00e9e dans le cort\u00e8ge rennais de ce jeudi 2 octobre<\/p>\n<\/blockquote>\n<p>\u00c0 la question de savoir si elle pense qu&rsquo;il va y avoir un r\u00e9ajustement en faveur d&rsquo;une justice sociale avec le gouvernement, la retrait\u00e9e, d\u00e9pit\u00e9e, nous r\u00e9pond : \u00ab\u00a0Malheureusement non, parce que je trouve que les partis politiques restent dans leur pr\u00e9rogative. Chacun campe sur ses positions et je ne vois rien, je ne vois pas d&rsquo;unit\u00e9 possible, m\u00eame au niveau de la gauche. Enfin, c&rsquo;est un peu pitoyable ce qui se passe, chacun veut garder ses petits avantages et rien ne bouge, du coup, \u00e7a fait le jeu de Macron. Alors Macron, c&rsquo;est quelqu&rsquo;un que j&rsquo;ex\u00e8cre, comme on dit, je n&rsquo;ai jamais vot\u00e9 pour lui, m\u00eame quand il y avait la menace&#8230;\u00a0\u00bb<\/p>\n<p>Apr\u00e8s ces mots, Marie-Christine tient \u00e0 nous rappeler une nouvelle fois qu&rsquo;elle se sent \u00a0\u00bb tr\u00e8s privil\u00e9gi\u00e9e en tant que retrait\u00e9e et je n&rsquo;ai pas de probl\u00e8me de fin de mois\u00a0\u00bb.<\/p>\n","protected":false},"excerpt":{"rendered":"Pas question pour elle de ne pas \u00eatre au c\u0153ur du cort\u00e8ge \u00e0 Rennes. Marie-Christine, retrait\u00e9e, a une&hellip;\n","protected":false},"author":2,"featured_media":434265,"comment_status":"","ping_status":"","sticky":false,"template":"","format":"standard","meta":{"footnotes":""},"categories":[2821],"tags":[1111,11,829,1777,674,1011,27,12,584,25],"class_list":{"0":"post-434264","1":"post","2":"type-post","3":"status-publish","4":"format-standard","5":"has-post-thumbnail","7":"category-rennes","8":"tag-actu","9":"tag-actualites","10":"tag-bretagne","11":"tag-eu","12":"tag-europe","13":"tag-fr","14":"tag-france","15":"tag-news","16":"tag-rennes","17":"tag-republique-francaise"},"share_on_mastodon":{"url":"https:\/\/pubeurope.com\/@fr\/115305924879616027","error":""},"_links":{"self":[{"href":"https:\/\/www.europesays.com\/fr\/wp-json\/wp\/v2\/posts\/434264","targetHints":{"allow":["GET"]}}],"collection":[{"href":"https:\/\/www.europesays.com\/fr\/wp-json\/wp\/v2\/posts"}],"about":[{"href":"https:\/\/www.europesays.com\/fr\/wp-json\/wp\/v2\/types\/post"}],"author":[{"embeddable":true,"href":"https:\/\/www.europesays.com\/fr\/wp-json\/wp\/v2\/users\/2"}],"replies":[{"embeddable":true,"href":"https:\/\/www.europesays.com\/fr\/wp-json\/wp\/v2\/comments?post=434264"}],"version-history":[{"count":0,"href":"https:\/\/www.europesays.com\/fr\/wp-json\/wp\/v2\/posts\/434264\/revisions"}],"wp:featuredmedia":[{"embeddable":true,"href":"https:\/\/www.europesays.com\/fr\/wp-json\/wp\/v2\/media\/434265"}],"wp:attachment":[{"href":"https:\/\/www.europesays.com\/fr\/wp-json\/wp\/v2\/media?parent=434264"}],"wp:term":[{"taxonomy":"category","embeddable":true,"href":"https:\/\/www.europesays.com\/fr\/wp-json\/wp\/v2\/categories?post=434264"},{"taxonomy":"post_tag","embeddable":true,"href":"https:\/\/www.europesays.com\/fr\/wp-json\/wp\/v2\/tags?post=434264"}],"curies":[{"name":"wp","href":"https:\/\/api.w.org\/{rel}","templated":true}]}}