{"id":434274,"date":"2025-10-02T18:16:21","date_gmt":"2025-10-02T18:16:21","guid":{"rendered":"https:\/\/www.europesays.com\/fr\/434274\/"},"modified":"2025-10-02T18:16:21","modified_gmt":"2025-10-02T18:16:21","slug":"une-exposition-pour-replonger-dans-les-cabanes-imaginaires-a-carquefou","status":"publish","type":"post","link":"https:\/\/www.europesays.com\/fr\/434274\/","title":{"rendered":"Une exposition pour replonger dans les cabanes imaginaires \u00e0 Carquefou"},"content":{"rendered":"<p>Le Manoir des Renaudi\u00e8res donne le coup d\u2019envoi de sa saison artistique 2025-2026 avec Sacr\u00e9es baraques, une exposition o\u00f9 l\u2019imaginaire s\u2019embo\u00eete au r\u00e9el, port\u00e9e par deux plasticiens aux univers foisonnants\u00a0: Yves Caillaud et David Mansot.<\/p>\n<p><strong>Lire aussi\u00a0:<\/strong> <a href=\"https:\/\/nantes.maville.com\/actu\/actudet_-un-recensement-insolite-de-champignons-dans-cette-commune-de-loire-atlantique-_8-7000428_actu.Htm\" rel=\"nofollow noopener\" target=\"_blank\">Un recensement insolite de champignons dans cette commune de Loire-Atlantique<\/a><\/p>\n<p>Tous deux transforment l\u2019id\u00e9e d\u2019habitat en terrain de jeu plastique. L\u2019un \u00e0 travers ses bo\u00eetes-collages, l\u2019autre par ses mini-cabanes suspendues. Ce qui les rassemble\u00a0? Une fascination commune pour les objets trouv\u00e9s, les micro-architectures bricol\u00e9es, et surtout, pour l\u2019art de raconter des histoires \u00e0 travers les formes.<\/p>\n<p>\u00ab\u00a0\u00c0 chacun d\u2019imaginer\u00a0\u00bb<\/p>\n<p>\u00ab\u00a0Mes cabanes sont des lieux d\u2019\u00e9vasion, explique David Mansot. Elles racontent des bouts de vie, sugg\u00e8rent une pr\u00e9sence. \u00c0 chacun d\u2019imaginer qui y habite\u2026\u00a0\u00bb<\/p>\n<p>D\u2019un vieux po\u00eale \u00e0 bois \u00e0 un linge qui s\u00e8che, chaque d\u00e9tail de ses \u0153uvres invite \u00e0 la r\u00eaverie. Loin d\u2019\u00eatre de simples constructions miniatures, ce sont des refuges po\u00e9tiques qui r\u00e9veillent en nous l\u2019enfant constructeur.<\/p>\n<p>Des mondes int\u00e9rieurs<\/p>\n<p>Yves Caillaud, lui, peuple ses \u0153uvres de silhouettes anonymes. Ses compositions sont des mosa\u00efques de papiers, d\u2019objets, de fragments, \u00e9voquant autant nos fragilit\u00e9s que notre besoin vital d\u2019abri. \u00a0Je construis des mondes int\u00e9rieurs, des territoires mentaux. Chaque bo\u00eete est un questionnement sur la place de l\u2019humain dans le monde.\u00a0<\/p>\n<p>Visites ce jeudi 2\u00a0octobre entre 12\u00a0h et 14\u00a0h, et comment\u00e9es les dimanches 5, 19 et 26\u00a0octobre \u00e0 15\u00a0h. Atelier cr\u00e9ation de cabanes mercredi 22\u00a0octobre \u00e0 15\u00a0h. Sur inscriptions \u00e0 partir de 8\u00a0ans sur www.carquefou.fr.<\/p>\n<p>\u00a0<\/p>\n","protected":false},"excerpt":{"rendered":"Le Manoir des Renaudi\u00e8res donne le coup d\u2019envoi de sa saison artistique 2025-2026 avec Sacr\u00e9es baraques, une exposition&hellip;\n","protected":false},"author":2,"featured_media":434275,"comment_status":"","ping_status":"","sticky":false,"template":"","format":"standard","meta":{"footnotes":""},"categories":[2818],"tags":[1111,11,41030,3862,1777,674,3293,1011,27,34994,766,12,2636,56192,25],"class_list":{"0":"post-434274","1":"post","2":"type-post","3":"status-publish","4":"format-standard","5":"has-post-thumbnail","7":"category-nantes","8":"tag-actu","9":"tag-actualites","10":"tag-cabanes","11":"tag-carquefou","12":"tag-eu","13":"tag-europe","14":"tag-exposition","15":"tag-fr","16":"tag-france","17":"tag-imaginaires","18":"tag-nantes","19":"tag-news","20":"tag-pays-de-la-loire","21":"tag-replonger","22":"tag-republique-francaise"},"share_on_mastodon":{"url":"https:\/\/pubeurope.com\/@fr\/115305944531605917","error":""},"_links":{"self":[{"href":"https:\/\/www.europesays.com\/fr\/wp-json\/wp\/v2\/posts\/434274","targetHints":{"allow":["GET"]}}],"collection":[{"href":"https:\/\/www.europesays.com\/fr\/wp-json\/wp\/v2\/posts"}],"about":[{"href":"https:\/\/www.europesays.com\/fr\/wp-json\/wp\/v2\/types\/post"}],"author":[{"embeddable":true,"href":"https:\/\/www.europesays.com\/fr\/wp-json\/wp\/v2\/users\/2"}],"replies":[{"embeddable":true,"href":"https:\/\/www.europesays.com\/fr\/wp-json\/wp\/v2\/comments?post=434274"}],"version-history":[{"count":0,"href":"https:\/\/www.europesays.com\/fr\/wp-json\/wp\/v2\/posts\/434274\/revisions"}],"wp:featuredmedia":[{"embeddable":true,"href":"https:\/\/www.europesays.com\/fr\/wp-json\/wp\/v2\/media\/434275"}],"wp:attachment":[{"href":"https:\/\/www.europesays.com\/fr\/wp-json\/wp\/v2\/media?parent=434274"}],"wp:term":[{"taxonomy":"category","embeddable":true,"href":"https:\/\/www.europesays.com\/fr\/wp-json\/wp\/v2\/categories?post=434274"},{"taxonomy":"post_tag","embeddable":true,"href":"https:\/\/www.europesays.com\/fr\/wp-json\/wp\/v2\/tags?post=434274"}],"curies":[{"name":"wp","href":"https:\/\/api.w.org\/{rel}","templated":true}]}}