{"id":434278,"date":"2025-10-02T18:18:11","date_gmt":"2025-10-02T18:18:11","guid":{"rendered":"https:\/\/www.europesays.com\/fr\/434278\/"},"modified":"2025-10-02T18:18:11","modified_gmt":"2025-10-02T18:18:11","slug":"pres-de-bordeaux-des-vendeurs-de-voitures-peu-scrupuleux-devant-la-justice-apres-89-depots-de-plaintes","status":"publish","type":"post","link":"https:\/\/www.europesays.com\/fr\/434278\/","title":{"rendered":"Pr\u00e8s de Bordeaux, des vendeurs de voitures peu scrupuleux devant la justice apr\u00e8s 89 d\u00e9p\u00f4ts de plaintes"},"content":{"rendered":"<p>Cela devait \u00eatre un royaume de la voiture d\u2019occasion. Les parties civiles soup\u00e7onnent, elles, que le site des soci\u00e9t\u00e9s Exclusive Cars et Tel Car\u2019s \u00e0 Cadaujac a plut\u00f4t \u00e9t\u00e9 un temple de l\u2019arnaque. En quatre ans, pas moins de 89\u00a0plaintes ont vis\u00e9 ces deux soci\u00e9t\u00e9s de n\u00e9goce automobile qui travaillaient de concert. Les soci\u00e9t\u00e9s et leurs g\u00e9rants comparaissent depuis ce jeudi 2\u00a0octobre et jusqu\u2019\u00e0 vendredi\u00a03 devant le tribunal correctionnel de Bordeaux. Ils r\u00e9pondent de \u00ab\u00a0tromperies\u00a0\u00bb, \u00ab\u00a0escroqueries\u00a0\u00bb, \u00ab\u00a0mise en danger de la vie d\u2019autrui\u00a0\u00bb et \u00ab\u00a0abus de confiance\u00a0\u00bb. \u00c0 leurs c\u00f4t\u00e9s, un g\u00e9rant d\u2019une soci\u00e9t\u00e9 de contr\u00f4le technique est suspect\u00e9 de \u00ab\u00a0complicit\u00e9\u00a0\u00bb.<\/p>\n<p>Les voitures avaient, pour la plupart, de nombreux kilom\u00e8tres au compteur et \u00e9taient vendues quelques milliers d\u2019euros. Mais les recensements r\u00e9alis\u00e9s par les enqu\u00eateurs de la R\u00e9pression des fraudes indiquent que dans 21\u00a0ventes, les acomptes ont \u00e9t\u00e9 encaiss\u00e9s sans honorer la promesse d\u2019effectuer les r\u00e9parations n\u00e9cessaires avant la livraison. Pas moins de 29\u00a0voitures ont \u00e9t\u00e9 remises aux acheteurs dans un \u00e9tat non conforme aux r\u00e8gles de circulation, 21\u00a0pr\u00e9sentaient des irr\u00e9gularit\u00e9s administratives, 31 ont \u00e9t\u00e9 vendues sans contr\u00f4le technique\u2026 Certains acheteurs n\u2019ont tout simplement jamais pu r\u00e9cup\u00e9rer leur v\u00e9hicule, d\u2019autres ont constat\u00e9 que la garantie commerciale vant\u00e9e par le vendeur ne fonctionnait pas (la soci\u00e9t\u00e9 prestataire n\u2019ayant pas \u00e9t\u00e9 pay\u00e9e)\u2026 D\u2019autres, quelques jours apr\u00e8s leur achat, ont effectu\u00e9 un nouveau contr\u00f4le technique chez un autre op\u00e9rateur. Ses conclusions \u00e9taient autrement plus s\u00e9v\u00e8res que celles pr\u00e9sent\u00e9es au moment de la vente.<\/p>\n<p>\u00ab\u00a0Le sentiment d\u2019avoir \u00e9t\u00e9 balad\u00e9s\u00a0\u00bb<\/p>\n<p>\u00ab\u00a0Les acqu\u00e9reurs ont le sentiment d\u2019avoir \u00e9t\u00e9 balad\u00e9s\u00a0\u00bb, r\u00e9sume le pr\u00e9sident Cyril Vidalie. \u00ab\u00a0Je reconnais ma responsabilit\u00e9\u00a0\u00bb, plaide le principal g\u00e9rant, assurant avoir \u00e9t\u00e9 \u00ab\u00a0d\u00e9pass\u00e9\u00a0\u00bb. En garde \u00e0 vue, un de ses acolytes avait \u00e9t\u00e9 plus explicite\u00a0: \u00ab\u00a0Il achetait des merguez. Il arrivait \u00e0 vendre des m\u2026des \u00e0 des clients cr\u00e9dules.\u00a0\u00bb<\/p>\n<p>\u00ab\u00a0Merguez, c\u2019est des voitures qui ont un petit probl\u00e8me technique et qu\u2019on remet en r\u00e9paration\u00a0\u00bb, corrige \u00e0 la barre le pr\u00e9venu. \u00ab\u00a0Cela peut aussi vouloir dire que les personnes ne vont pas \u00eatre satisfaites\u00a0\u00bb, poursuit le magistrat. \u00ab\u00a0S\u00fbrement\u00a0\u00bb, balbutie le vendeur de voitures.<\/p>\n<p>Le parquet prendra ses r\u00e9quisitions ce vendredi matin.<\/p>\n","protected":false},"excerpt":{"rendered":"Cela devait \u00eatre un royaume de la voiture d\u2019occasion. Les parties civiles soup\u00e7onnent, elles, que le site des&hellip;\n","protected":false},"author":2,"featured_media":434279,"comment_status":"","ping_status":"","sticky":false,"template":"","format":"standard","meta":{"footnotes":""},"categories":[2817],"tags":[1111,11,1997,1777,674,1011,27,12,2219,25],"class_list":{"0":"post-434278","1":"post","2":"type-post","3":"status-publish","4":"format-standard","5":"has-post-thumbnail","7":"category-bordeaux","8":"tag-actu","9":"tag-actualites","10":"tag-bordeaux","11":"tag-eu","12":"tag-europe","13":"tag-fr","14":"tag-france","15":"tag-news","16":"tag-nouvelle-aquitaine","17":"tag-republique-francaise"},"share_on_mastodon":{"url":"https:\/\/pubeurope.com\/@fr\/115305952419881034","error":""},"_links":{"self":[{"href":"https:\/\/www.europesays.com\/fr\/wp-json\/wp\/v2\/posts\/434278","targetHints":{"allow":["GET"]}}],"collection":[{"href":"https:\/\/www.europesays.com\/fr\/wp-json\/wp\/v2\/posts"}],"about":[{"href":"https:\/\/www.europesays.com\/fr\/wp-json\/wp\/v2\/types\/post"}],"author":[{"embeddable":true,"href":"https:\/\/www.europesays.com\/fr\/wp-json\/wp\/v2\/users\/2"}],"replies":[{"embeddable":true,"href":"https:\/\/www.europesays.com\/fr\/wp-json\/wp\/v2\/comments?post=434278"}],"version-history":[{"count":0,"href":"https:\/\/www.europesays.com\/fr\/wp-json\/wp\/v2\/posts\/434278\/revisions"}],"wp:featuredmedia":[{"embeddable":true,"href":"https:\/\/www.europesays.com\/fr\/wp-json\/wp\/v2\/media\/434279"}],"wp:attachment":[{"href":"https:\/\/www.europesays.com\/fr\/wp-json\/wp\/v2\/media?parent=434278"}],"wp:term":[{"taxonomy":"category","embeddable":true,"href":"https:\/\/www.europesays.com\/fr\/wp-json\/wp\/v2\/categories?post=434278"},{"taxonomy":"post_tag","embeddable":true,"href":"https:\/\/www.europesays.com\/fr\/wp-json\/wp\/v2\/tags?post=434278"}],"curies":[{"name":"wp","href":"https:\/\/api.w.org\/{rel}","templated":true}]}}