{"id":434280,"date":"2025-10-02T18:19:16","date_gmt":"2025-10-02T18:19:16","guid":{"rendered":"https:\/\/www.europesays.com\/fr\/434280\/"},"modified":"2025-10-02T18:19:16","modified_gmt":"2025-10-02T18:19:16","slug":"le-festival-met-en-lumiere-des-films-militants-et-des-recits-personnels-engages","status":"publish","type":"post","link":"https:\/\/www.europesays.com\/fr\/434280\/","title":{"rendered":"le festival met en lumi\u00e8re des films militants et des r\u00e9cits personnels engag\u00e9s"},"content":{"rendered":"<p>Au d\u00e9part, l\u2019\u00e9quipe du Fifib s\u2019est demand\u00e9 que faire pour donner envie aux jeunes de se battre, de r\u00e9sister, ne plus \u00eatre dans la r\u00e9signation. \u00ab\u00a0Pour les s\u00e9ances scolaires, nous avons cr\u00e9\u00e9 un programme qui s\u2019appelle \u2018\u2018courage\u2019\u2019, o\u00f9 on montre \u00e0 la fois des r\u00e9cits intimes, politiques et familiaux comme l\u2019histoire de Lina Soualem, comme \u2018\u2018La Petite bande\u2019\u2019 de Pierre Salvadori\u00a0; o\u00f9 des gamins veulent faire sauter l\u2019usine qui empoisonne leur rivi\u00e8re. Et tout s\u2019est mis en place \u00e0 partir de \u00e7a.\u00a0\u00bb<\/p>\n<p>Soutenir les cin\u00e9astes locaux<\/p>\n<p>La lutte, le courage sont autant de th\u00e8mes d\u00e9clin\u00e9s dans cette \u00e9dition, \u00e0 l\u2019image de \u00ab\u00a0La Lucha\u00a0\u00bb, de Jos\u00e9 Alay\u00f3n, un film canarien sur la lutte et le deuil ou \u00ab\u00a0Bye bye Tiberiade\u00a0\u00bb de Lina Soualem. \u00ab\u00a0Les petites histoires des familles peuvent changer le cours des choses. Parfois, on peut agir au niveau plus global\u00a0\u00bb, ajoute Johanna Caraire. Sont privil\u00e9gi\u00e9s aussi les d\u00e9fis et l\u2019importance de la repr\u00e9sentation cin\u00e9matographique des territoires d\u2019outre-mer, notamment la Guadeloupe, et la n\u00e9cessit\u00e9 de soutenir les cin\u00e9astes locaux.<\/p>\n<p>Lors de sa c\u00e9r\u00e9monie d\u2019ouverture, le Fifib montrera pour la premi\u00e8re fois en France, en exclusivit\u00e9, le nouveau volet de la saga \u00ab\u00a0Mektoub My Love\u00a0: Canto Due\u00a0\u00bb d\u2019<a href=\"https:\/\/www.telerama.fr\/cinema\/abdellatif-kechiche-apres-un-torrent-de-polemiques-suivi-d-un-long-silence-une-selection-surprise-a-locarno-7026532.php\" target=\"_blank\" rel=\"nofollow noopener\">Abdellatif Kechiche,<\/a> en pr\u00e9sence des acteurs. Le coup de c\u0153ur de Johanna Caraire\u00a0: \u00ab\u00a0C\u2019est un film brillant, alors, en d\u00e9pit de tout ce qu\u2019on peut penser de Kechiche, je trouve \u00e7a int\u00e9ressant que ses acteurs et ses actrices accompagnent ce film. Comme s\u2019ils avaient repris le pouvoir dessus.\u00a0\u00bb<\/p>\n<p>De nombreux r\u00e9alisateurs et acteurs seront pr\u00e9sents au festival\u00a0: Emmanuelle B\u00e9art et Aymeric Lompret (\u00ab\u00a0Les Immortelles\u00a0\u00bb de Caroline Deruas) et la r\u00e9alisatrice Claire Denis pour \u00ab\u00a0Le Cri des gardes\u00a0\u00bb, avec Matt Dillon, adapt\u00e9 du \u00ab\u00a0Combat de n\u00e8gre et de chiens\u00a0\u00bb de Bernard-Marie Kolt\u00e8s, pour une premi\u00e8re fran\u00e7aise.<\/p>\n","protected":false},"excerpt":{"rendered":"Au d\u00e9part, l\u2019\u00e9quipe du Fifib s\u2019est demand\u00e9 que faire pour donner envie aux jeunes de se battre, de&hellip;\n","protected":false},"author":2,"featured_media":434281,"comment_status":"","ping_status":"","sticky":false,"template":"","format":"standard","meta":{"footnotes":""},"categories":[2817],"tags":[1111,11,1997,1777,674,1011,27,12,2219,25],"class_list":{"0":"post-434280","1":"post","2":"type-post","3":"status-publish","4":"format-standard","5":"has-post-thumbnail","7":"category-bordeaux","8":"tag-actu","9":"tag-actualites","10":"tag-bordeaux","11":"tag-eu","12":"tag-europe","13":"tag-fr","14":"tag-france","15":"tag-news","16":"tag-nouvelle-aquitaine","17":"tag-republique-francaise"},"share_on_mastodon":{"url":"https:\/\/pubeurope.com\/@fr\/115305956264915409","error":""},"_links":{"self":[{"href":"https:\/\/www.europesays.com\/fr\/wp-json\/wp\/v2\/posts\/434280","targetHints":{"allow":["GET"]}}],"collection":[{"href":"https:\/\/www.europesays.com\/fr\/wp-json\/wp\/v2\/posts"}],"about":[{"href":"https:\/\/www.europesays.com\/fr\/wp-json\/wp\/v2\/types\/post"}],"author":[{"embeddable":true,"href":"https:\/\/www.europesays.com\/fr\/wp-json\/wp\/v2\/users\/2"}],"replies":[{"embeddable":true,"href":"https:\/\/www.europesays.com\/fr\/wp-json\/wp\/v2\/comments?post=434280"}],"version-history":[{"count":0,"href":"https:\/\/www.europesays.com\/fr\/wp-json\/wp\/v2\/posts\/434280\/revisions"}],"wp:featuredmedia":[{"embeddable":true,"href":"https:\/\/www.europesays.com\/fr\/wp-json\/wp\/v2\/media\/434281"}],"wp:attachment":[{"href":"https:\/\/www.europesays.com\/fr\/wp-json\/wp\/v2\/media?parent=434280"}],"wp:term":[{"taxonomy":"category","embeddable":true,"href":"https:\/\/www.europesays.com\/fr\/wp-json\/wp\/v2\/categories?post=434280"},{"taxonomy":"post_tag","embeddable":true,"href":"https:\/\/www.europesays.com\/fr\/wp-json\/wp\/v2\/tags?post=434280"}],"curies":[{"name":"wp","href":"https:\/\/api.w.org\/{rel}","templated":true}]}}