{"id":434285,"date":"2025-10-02T18:22:25","date_gmt":"2025-10-02T18:22:25","guid":{"rendered":"https:\/\/www.europesays.com\/fr\/434285\/"},"modified":"2025-10-02T18:22:25","modified_gmt":"2025-10-02T18:22:25","slug":"autour-de-lusine-exide-la-bataille-de-la-ville-de-lille-pour-proteger-les-riverains-des-pollutions-au-plomb","status":"publish","type":"post","link":"https:\/\/www.europesays.com\/fr\/434285\/","title":{"rendered":"Autour de l\u2019usine Exide, la bataille de la ville de Lille pour prot\u00e9ger les riverains des pollutions au plomb"},"content":{"rendered":"<p>\u00ab\u202fOn va savoir si vous pouvez continuer \u00e0 gratouiller dans la terre sans risques\u202f! \u00bb Dans le jardinet \u00e0 l\u2019arri\u00e8re de sa coquette maison en brique, Cl\u00e9mentine Desrumaux observe les op\u00e9rations avec attention, flanqu\u00e9e de ses gar\u00e7ons \u00e2g\u00e9s de six et huit\u00a0ans.<\/p>\n<p>Comme pr\u00e8s de 200 autres propri\u00e9taires \u00e0 Lille\u2010Sud, elle a accept\u00e9 que des relev\u00e9s de concentration de plomb soient effectu\u00e9s sur son terrain. Totalement financ\u00e9e par la ville de Lille, cette campagne de tests a d\u00e9but\u00e9 \u00e0 l\u2019\u00e9t\u00e9 et doit durer jusqu\u2019\u00e0 la mi\u2010octobre. Elle co\u00fbtera au total 122 000\u00a0euros.\u00a0<\/p>\n<p>La famille Desrumaux r\u00e9side \u00e0 moins d\u2019un kilom\u00e8tre \u00e0 vol d\u2019oiseau de l\u2019usine Exide Technologies. Le site de fabrication de batteries au plomb <a href=\"https:\/\/www.liberation.fr\/environnement\/pollution\/certains-etaient-abattus-dautres-se-sont-mis-a-pleurer-a-lille-stupeur-autour-de-la-fermeture-dune-usine-de-batteries-au-plomb-20250831_OMV3PQRTBVDXXBZ3WLDMASECWI\/?redirected=1\" target=\"_blank\" rel=\"noopener\">fermera d\u00e9finitivement en fin d\u2019ann\u00e9e<\/a>\u2026 mais les pollutions qu\u2019il a provoqu\u00e9 resteront, elles, encore longtemps.<\/p>\n<p><a href=\"https:\/\/www.mediacites.fr\/enquete\/lille\/2022\/10\/19\/a-lille-exide-technologies-intoxique-les-habitants-en-toute-discretion\/\" target=\"_blank\" rel=\"noopener\">Comme l\u2019a d\u00e9j\u00e0 point\u00e9 Mediacit\u00e9s<\/a>, la prise de conscience de l\u2019enjeu par les habitants du quartier a \u00e9t\u00e9 tardive. N\u00e9anmoins, se prot\u00e9ger des risques de contamination figure d\u00e9sormais au sommet de leurs pr\u00e9occupations. C\u2019est d\u2019ailleurs sur un groupe WhatsApp entre voisins que la m\u00e8re de famille install\u00e9e \u00e0 Lille\u2010Sud depuis six ans a entendu parler de la possibilit\u00e9 de\u00a0\u2026<\/p>\n<p>Nous vous offrons l\u2019acc\u00e8s \u00e0 cet article<\/p>\n<p>Et \u00e0 toutes nos enqu\u00eates pendant deux jours\u00a0\u00a0! <br \/>Oui, on est g\u00e9n\u00e9reux \ud83d\ude09 Mais pensez aussi \u00e0 <a href=\"https:\/\/www.mediacites.fr\/sabonner\/\" target=\"_blank\" style=\"color:#fff\" rel=\"noopener\">vous abonner<\/a>\u00a0\u00a0!<\/p>\n<p>\t\tEn renseignant votre adresse, vous acceptez nos <a href=\"https:\/\/www.mediacites.fr\/conditions-generales-d-utilisation\/\" target=\"_blank\" rel=\"noopener\">conditions g\u00e9n\u00e9rales d\u2019utilisation<\/a>. <br \/>Mediacit\u00e9s s\u2019engage \u00e0 ne pas c\u00e9der votre adresse \u00e0 des tiers. En cas d\u2019\u00e9chec, \u00e9crivez \u00e0 <a href=\"https:\/\/www.mediacites.fr\/enquete\/lille\/2025\/10\/02\/letat-a-failli-autour-de-lusine-exide-la-bataille-de-la-ville-de-lille-pour-proteger-les-riverains-des-pollutions-au-plomb\/mailto:contact@mediacites.fr\" target=\"_blank\" rel=\"noopener\">contact@mediacites.fr<\/a><\/p>\n<ul>\n<li>J\u2019acc\u00e8de aux 4 \u00e9ditions de Mediacit\u00e9s (Lille, Lyon, Nantes et Toulouse)<\/li>\n<li>Je d\u00e9couvre un m\u00e9dia 100 % ind\u00e9pendant, avec 0 % de publicit\u00e9<\/li>\n<\/ul>\n<p>Envie de lire la\u00a0suite\u202f?<\/p>\n<p class=\"price\">1\u20ac le premier mois<\/p>\n<p class=\"description\">Puis 7,90\u20ac par\u00a0mois<\/p>\n<p><a class=\"button button--green\" href=\"https:\/\/www.mediacites.fr\/sabonner\/?sub=55\" style=\"margin-top:22px;font-size:13px;\" target=\"_blank\" rel=\"noopener\">Je teste\u202f! <\/a><\/p>\n<ul>\n<li>Acc\u00e8s aux 4 \u00e9ditions de Mediacit\u00e9s (Lille, Lyon, Nantes et Toulouse)<\/li>\n<li>100 % ind\u00e9pendant, avec 0 % de publicit\u00e9<\/li>\n<li>R\u00e9siliation facile \u00e0 tout moment<\/li>\n<\/ul>\n<p>Mediacit\u00e9s offre l\u2019acc\u00e8s \u00e0 cet article aux lecteurs de News2Com<\/p>\n<p>Et \u00e0 toutes nos enqu\u00eates pendant deux jours\u00a0\u00a0! <br \/>Oui, on est g\u00e9n\u00e9reux \ud83d\ude09 Mais pensez aussi \u00e0 <a href=\"https:\/\/www.mediacites.fr\/sabonner\/\" target=\"_blank\" style=\"color:#fff\" rel=\"noopener\">vous abonner<\/a>\u00a0\u00a0!<\/p>\n<p>\t\tEn renseignant votre adresse, vous acceptez nos <a href=\"https:\/\/www.mediacites.fr\/conditions-generales-d-utilisation\/\" target=\"_blank\" rel=\"noopener\">conditions g\u00e9n\u00e9rales d\u2019utilisation<\/a>. <br \/>Mediacit\u00e9s s\u2019engage \u00e0 ne pas c\u00e9der votre adresse \u00e0 des tiers. En cas d\u2019\u00e9chec, \u00e9crivez \u00e0 <a href=\"https:\/\/www.mediacites.fr\/enquete\/lille\/2025\/10\/02\/letat-a-failli-autour-de-lusine-exide-la-bataille-de-la-ville-de-lille-pour-proteger-les-riverains-des-pollutions-au-plomb\/mailto:contact@mediacites.fr\" target=\"_blank\" rel=\"noopener\">contact@mediacites.fr<\/a><\/p>\n<ul>\n<li>J\u2019acc\u00e8de aux 4 \u00e9ditions de Mediacit\u00e9s (Lille, Lyon, Nantes et Toulouse)<\/li>\n<li>Je d\u00e9couvre un m\u00e9dia 100 % ind\u00e9pendant, avec 0 % de publicit\u00e9<\/li>\n<\/ul>\n","protected":false},"excerpt":{"rendered":"\u00ab\u202fOn va savoir si vous pouvez continuer \u00e0 gratouiller dans la terre sans risques\u202f! \u00bb Dans le jardinet&hellip;\n","protected":false},"author":2,"featured_media":434286,"comment_status":"","ping_status":"","sticky":false,"template":"","format":"standard","meta":{"footnotes":""},"categories":[2815],"tags":[1111,11,1067,1777,674,1011,27,811,1307,12,33051,56195,25,13578,56196],"class_list":{"0":"post-434285","1":"post","2":"type-post","3":"status-publish","4":"format-standard","5":"has-post-thumbnail","7":"category-lille","8":"tag-actu","9":"tag-actualites","10":"tag-enquete","11":"tag-eu","12":"tag-europe","13":"tag-fr","14":"tag-france","15":"tag-hauts-de-france","16":"tag-lille","17":"tag-news","18":"tag-plomb","19":"tag-pollution-au-plomb","20":"tag-republique-francaise","21":"tag-risque-sanitaire","22":"tag-saturnisme"},"share_on_mastodon":{"url":"https:\/\/pubeurope.com\/@fr\/115305968124930862","error":""},"_links":{"self":[{"href":"https:\/\/www.europesays.com\/fr\/wp-json\/wp\/v2\/posts\/434285","targetHints":{"allow":["GET"]}}],"collection":[{"href":"https:\/\/www.europesays.com\/fr\/wp-json\/wp\/v2\/posts"}],"about":[{"href":"https:\/\/www.europesays.com\/fr\/wp-json\/wp\/v2\/types\/post"}],"author":[{"embeddable":true,"href":"https:\/\/www.europesays.com\/fr\/wp-json\/wp\/v2\/users\/2"}],"replies":[{"embeddable":true,"href":"https:\/\/www.europesays.com\/fr\/wp-json\/wp\/v2\/comments?post=434285"}],"version-history":[{"count":0,"href":"https:\/\/www.europesays.com\/fr\/wp-json\/wp\/v2\/posts\/434285\/revisions"}],"wp:featuredmedia":[{"embeddable":true,"href":"https:\/\/www.europesays.com\/fr\/wp-json\/wp\/v2\/media\/434286"}],"wp:attachment":[{"href":"https:\/\/www.europesays.com\/fr\/wp-json\/wp\/v2\/media?parent=434285"}],"wp:term":[{"taxonomy":"category","embeddable":true,"href":"https:\/\/www.europesays.com\/fr\/wp-json\/wp\/v2\/categories?post=434285"},{"taxonomy":"post_tag","embeddable":true,"href":"https:\/\/www.europesays.com\/fr\/wp-json\/wp\/v2\/tags?post=434285"}],"curies":[{"name":"wp","href":"https:\/\/api.w.org\/{rel}","templated":true}]}}