{"id":434289,"date":"2025-10-02T18:24:15","date_gmt":"2025-10-02T18:24:15","guid":{"rendered":"https:\/\/www.europesays.com\/fr\/434289\/"},"modified":"2025-10-02T18:24:15","modified_gmt":"2025-10-02T18:24:15","slug":"chauffeur-de-vtc-tue-a-marseille-ladolescent-renvoye-devant-le-tribunal-criminel-pour-enfants","status":"publish","type":"post","link":"https:\/\/www.europesays.com\/fr\/434289\/","title":{"rendered":"Chauffeur de VTC tu\u00e9 \u00e0 Marseille\u00a0: l\u2019adolescent renvoy\u00e9 devant le tribunal criminel pour enfants"},"content":{"rendered":"<p class=\"paragraph text_align_left lp-f-body-02\">L\u2019adolescent soup\u00e7onn\u00e9 d\u2019avoir <a href=\"https:\/\/www.leparisien.fr\/faits-divers\/marseille-des-centaines-de-personnes-aux-obseques-de-nessim-ramdane-le-chauffeur-vtc-abattu-par-un-tueur-de-14-ans-08-10-2024-4OTD6YPWH5EIBLNUKGIPD6GG6A.php\" target=\"_blank\" rel=\"noreferrer noopener\">tu\u00e9 un chauffeur de VTC<\/a> \u00e0 <a href=\"https:\/\/www.leparisien.fr\/bouches-du-rhone-13\/marseille-une-centaine-de-manifestants-propalestiniens-interpelles-devant-une-entreprise-darmement-02-10-2025-ASE5WPCHKBDWRB6YDPDY4NLNBM.php\" target=\"_blank\" rel=\"noreferrer noopener\">Marseille<\/a> en octobre\u00a02024 est renvoy\u00e9 devant le tribunal pour enfants de Paris. Son proc\u00e8s doit se tenir en novembre, ont indiqu\u00e9 ce jeudi 2\u00a0octobre \u00e0 l\u2019AFP, les avocats du mineur et de la victime.<\/p>\n<p class=\"paragraph text_align_left lp-f-body-02\">Le jeune gar\u00e7on, qui avait 14\u00a0ans au moment des faits, est renvoy\u00e9 pour \u00ab\u00a0homicide volontaire en bande organis\u00e9e\u00a0\u00bb, les 20 et 21\u00a0novembre devant le tribunal, a pr\u00e9cis\u00e9 Anne Santana-Marc, le conseil de la famille de la victime.<\/p>\n<p class=\"paragraph text_align_left lp-f-body-02\">Le proc\u00e8s doit se tenir \u00e0 huis clos, devant le tribunal pour enfants, qui juge les crimes commis par des mineurs de moins de 16\u00a0ans. Contact\u00e9e par l\u2019AFP, l\u2019avocate du jeune, Me Coline Grindel, a indiqu\u00e9 que son client avait 10 jours pour faire appel de ce renvoi.<\/p>\n<p>M\u00e9content du mineur, le commanditaire l\u2019a d\u00e9nonc\u00e9<\/p>\n<p class=\"paragraph text_align_left lp-f-body-02\">Le 4\u00a0octobre 2024, un chauffeur VTC, <a href=\"https:\/\/www.leparisien.fr\/faits-divers\/narchomicides-a-marseille-derniere-la-sauvagerie-inedite-un-commanditaire-en-prison-et-des-executants-ados-07-10-2024-YEL7SSX3XJEHDLWTJ24EKEOXIY.php\" target=\"_blank\" rel=\"noreferrer noopener\">Nessim Ramdane<\/a>, avait \u00e9t\u00e9 retrouv\u00e9 tu\u00e9 par balle au volant de son v\u00e9hicule, encastr\u00e9 dans le mur d\u2019une \u00e9cole maternelle \u00e0 Marseille. L\u2019affaire avait fait grand bruit, en raison de l\u2019\u00e2ge du jeune suspect, recrut\u00e9 sur les r\u00e9seaux sociaux sur fond de lutte de clans et de trafic de drogue.<\/p>\n<p class=\"paragraph text_align_left lp-f-body-02\">L\u2019enqu\u00eate de la brigade criminelle de la Division de la criminalit\u00e9 organis\u00e9e et sp\u00e9cialis\u00e9e (DCOS) de Marseille a r\u00e9v\u00e9l\u00e9 un surprenant sc\u00e9nario. \u00c0 05h00, le 4\u00a0octobre, peu apr\u00e8s la d\u00e9couverte du v\u00e9hicule et du corps, la police a re\u00e7u l\u2019appel d\u2019un d\u00e9tenu de la r\u00e9gion se pr\u00e9sentant comme membre du gang marseillais <a href=\"https:\/\/www.leparisien.fr\/faits-divers\/demantelement-dun-reseau-de-blanchiment-en-lien-avec-le-trafic-de-drogue-et-la-dz-mafia-sept-nouvelles-mises-en-examen-27-09-2025-XDYV2LUFPJA4NCIUN34ZSJ4D44.php\" target=\"_blank\" rel=\"noreferrer noopener\">DZ Mafia<\/a>, assurant avoir commandit\u00e9 un meurtre.<\/p>\n<p class=\"paragraph text_align_left lp-f-body-02\">Ce contrat \u00e9tait cens\u00e9 venger la mort d\u2019un adolescent de 15\u00a0ans, qu\u2019il avait pr\u00e9c\u00e9demment envoy\u00e9 intimider un concurrent, mais qui avait \u00e9t\u00e9 rep\u00e9r\u00e9 puis poignard\u00e9 une cinquantaine de fois puis br\u00fbl\u00e9 vif, avait d\u00e9voil\u00e9 \u00e0 l\u2019\u00e9poque le procureur de Marseille.<\/p>\n<p class=\"paragraph text_align_left lp-f-body-02\">L\u2019adolescent de 14\u00a0ans avait command\u00e9 un VTC pour aller ex\u00e9cuter son contrat. Mais devant le refus du chauffeur de l\u2019attendre, le mineur l\u2019a abattu d\u2019une \u00ab\u00a0balle mortelle \u00e0 l\u2019arri\u00e8re du cr\u00e2ne\u00a0\u00bb, avait dit \u00e0 l\u2019\u00e9poque le procureur de Marseille.<\/p>\n<p class=\"paragraph text_align_left lp-f-body-02\">M\u00e9content du nouveau mineur engag\u00e9, le commanditaire l\u2019a d\u00e9nonc\u00e9 \u00e0 la police, ont expos\u00e9 le parquet de Paris et la Junalco. L\u2019adolescent, venu du Vaucluse \u00e0 <a href=\"https:\/\/www.leparisien.fr\/faits-divers\/marseille-des-policiers-en-garde-a-vue-sept-ans-apres-lagression-dune-jeune-femme-lors-du-mouvement-des-gilets-jaunes-02-10-2025-ZDUBWVQW3RDP3ETM5KHXYUPQZY.php\" target=\"_blank\" rel=\"noreferrer noopener\">Marseille<\/a> pour accomplir ce \u00ab\u00a0contrat\u00a0\u00bb, avait aussit\u00f4t \u00e9t\u00e9 interpell\u00e9. Enfant de parents chacun incarc\u00e9r\u00e9s, il \u00e9tait d\u00e9j\u00e0 connu des services de police et mis en examen (mais encore jamais condamn\u00e9) pour des faits de violences, menaces, ou d\u00e9gradations. La Junalco s\u2019est saisie de la suite des investigations le 5\u00a0f\u00e9vrier, sur dessaisissement des juges d\u2019instruction marseillais.<\/p>\n","protected":false},"excerpt":{"rendered":"L\u2019adolescent soup\u00e7onn\u00e9 d\u2019avoir tu\u00e9 un chauffeur de VTC \u00e0 Marseille en octobre\u00a02024 est renvoy\u00e9 devant le tribunal pour&hellip;\n","protected":false},"author":2,"featured_media":434290,"comment_status":"","ping_status":"","sticky":false,"template":"","format":"standard","meta":{"footnotes":""},"categories":[2814],"tags":[1111,11,11004,459,1777,674,118,1011,27,884,12,882,25],"class_list":{"0":"post-434289","1":"post","2":"type-post","3":"status-publish","4":"format-standard","5":"has-post-thumbnail","7":"category-marseille","8":"tag-actu","9":"tag-actualites","10":"tag-bouches-du-rhone-13","11":"tag-departements-horsidfo","12":"tag-eu","13":"tag-europe","14":"tag-faits-divers","15":"tag-fr","16":"tag-france","17":"tag-marseille","18":"tag-news","19":"tag-provence-alpes-cote-dazur","20":"tag-republique-francaise"},"share_on_mastodon":{"url":"https:\/\/pubeurope.com\/@fr\/115305976065266069","error":""},"_links":{"self":[{"href":"https:\/\/www.europesays.com\/fr\/wp-json\/wp\/v2\/posts\/434289","targetHints":{"allow":["GET"]}}],"collection":[{"href":"https:\/\/www.europesays.com\/fr\/wp-json\/wp\/v2\/posts"}],"about":[{"href":"https:\/\/www.europesays.com\/fr\/wp-json\/wp\/v2\/types\/post"}],"author":[{"embeddable":true,"href":"https:\/\/www.europesays.com\/fr\/wp-json\/wp\/v2\/users\/2"}],"replies":[{"embeddable":true,"href":"https:\/\/www.europesays.com\/fr\/wp-json\/wp\/v2\/comments?post=434289"}],"version-history":[{"count":0,"href":"https:\/\/www.europesays.com\/fr\/wp-json\/wp\/v2\/posts\/434289\/revisions"}],"wp:featuredmedia":[{"embeddable":true,"href":"https:\/\/www.europesays.com\/fr\/wp-json\/wp\/v2\/media\/434290"}],"wp:attachment":[{"href":"https:\/\/www.europesays.com\/fr\/wp-json\/wp\/v2\/media?parent=434289"}],"wp:term":[{"taxonomy":"category","embeddable":true,"href":"https:\/\/www.europesays.com\/fr\/wp-json\/wp\/v2\/categories?post=434289"},{"taxonomy":"post_tag","embeddable":true,"href":"https:\/\/www.europesays.com\/fr\/wp-json\/wp\/v2\/tags?post=434289"}],"curies":[{"name":"wp","href":"https:\/\/api.w.org\/{rel}","templated":true}]}}