{"id":434291,"date":"2025-10-02T18:25:11","date_gmt":"2025-10-02T18:25:11","guid":{"rendered":"https:\/\/www.europesays.com\/fr\/434291\/"},"modified":"2025-10-02T18:25:11","modified_gmt":"2025-10-02T18:25:11","slug":"la-fete-du-ruisseau-pour-celebrer-les-10-ans-du-chantier-dinsertion","status":"publish","type":"post","link":"https:\/\/www.europesays.com\/fr\/434291\/","title":{"rendered":"la F\u00eate du ruisseau pour c\u00e9l\u00e9brer les 10 ans du chantier d&rsquo;insertion"},"content":{"rendered":"<p>Dix ans apr\u00e8s le d\u00e9but du <a href=\"https:\/\/www.laprovence.com\/article\/edition-marseille\/3970349\/un-chantier-dinsertion-fait-revivre-la-cascade-et-les-jardins.html\" target=\"_blank\" rel=\"noopener\">chantier d\u2019insertion<\/a> de la Cit\u00e9 des arts de la rue (15e), le r\u00e9sultat est sans pareil. Au c\u0153ur des quartiers Nord, la <a href=\"https:\/\/www.laprovence.com\/article\/papier\/4919211\/ici-coulent-les-aygalades.html\" target=\"_blank\" rel=\"noopener\">cascade<\/a> naturelle pris\u00e9e par la bourgeoisie marseillaise tout au long du XIXe\u00a0si\u00e8cle a \u00e9t\u00e9 remise en eau, et le parcours p\u00e9destre et artistique sillonne dans une v\u00e9g\u00e9tation aussi dense qu\u2019une for\u00eat. Confi\u00e9e par la Ville \u00e0 <a href=\"https:\/\/www.laprovence.com\/article\/region\/1357942289376614\/a-marseille-la-municipalite-cede-la-cite-des-arts-de-la-rue-aux-aygalades-pour-10-millions-d-euros\" target=\"_blank\" rel=\"noopener\">Lieux publics<\/a> en\u00a02023, cette cit\u00e9 aux allures de ville ind\u00e9pendante est un lieu de cr\u00e9ation d\u00e9di\u00e9 aux arts, doubl\u00e9 d\u2019un centre des arts de la rue labellis\u00e9 par le minist\u00e8re de la Culture (CNAREP).<\/p>\n<p>Ce week-end du 4 et 5\u00a0octobre\u00a02025, une grande f\u00eate revient sur 10\u00a0ans de missions \u00e0 vocation sociale et environnementale.<\/p>\n<p>90 personnes impliqu\u00e9es et 60 tonnes de d\u00e9chets enlev\u00e9es<\/p>\n<p>En une d\u00e9cennie, 90 salari\u00e9s ont \u00e9t\u00e9 engag\u00e9s pour mener le chantier de pr\u00e9servation de la cascade et du <a href=\"https:\/\/www.laprovence.com\/article\/region\/2338553158940514\/marseille-des-interrogations-autour-du-futur-parc-du-ruisseau-des-aygalades\" target=\"_blank\" rel=\"noopener\">ruisseau des Aygalades<\/a>, et 60 tonnes de d\u00e9chets retir\u00e9es de la nature. \u00ab\u00a0Gr\u00e2ce \u00e0 un partenariat avec l\u2019association Calanques propres, une quarantaine de personnes ont fait du nettoyage dans le lit du ruisseau, \u00e0 raison de quatre fois par mois. On a aussi convi\u00e9 toutes les associations partenaires de Lieux publics ainsi que les habitants des Aygalades \u00e0 no&#8230;<\/p>\n","protected":false},"excerpt":{"rendered":"Dix ans apr\u00e8s le d\u00e9but du chantier d\u2019insertion de la Cit\u00e9 des arts de la rue (15e), le&hellip;\n","protected":false},"author":2,"featured_media":434292,"comment_status":"","ping_status":"","sticky":false,"template":"","format":"standard","meta":{"footnotes":""},"categories":[2814],"tags":[17,1111,11,56198,56197,154,436,1777,674,4768,1011,27,884,12,882,25,36283,55632],"class_list":{"0":"post-434291","1":"post","2":"type-post","3":"status-publish","4":"format-standard","5":"has-post-thumbnail","7":"category-marseille","8":"tag-17","9":"tag-actu","10":"tag-actualites","11":"tag-aygalades","12":"tag-cascade","13":"tag-des","14":"tag-environnement","15":"tag-eu","16":"tag-europe","17":"tag-fete","18":"tag-fr","19":"tag-france","20":"tag-marseille","21":"tag-news","22":"tag-provence-alpes-cote-dazur","23":"tag-republique-francaise","24":"tag-ruisseau","25":"tag-sauvegarde"},"share_on_mastodon":{"url":"https:\/\/pubeurope.com\/@fr\/115305979930354327","error":""},"_links":{"self":[{"href":"https:\/\/www.europesays.com\/fr\/wp-json\/wp\/v2\/posts\/434291","targetHints":{"allow":["GET"]}}],"collection":[{"href":"https:\/\/www.europesays.com\/fr\/wp-json\/wp\/v2\/posts"}],"about":[{"href":"https:\/\/www.europesays.com\/fr\/wp-json\/wp\/v2\/types\/post"}],"author":[{"embeddable":true,"href":"https:\/\/www.europesays.com\/fr\/wp-json\/wp\/v2\/users\/2"}],"replies":[{"embeddable":true,"href":"https:\/\/www.europesays.com\/fr\/wp-json\/wp\/v2\/comments?post=434291"}],"version-history":[{"count":0,"href":"https:\/\/www.europesays.com\/fr\/wp-json\/wp\/v2\/posts\/434291\/revisions"}],"wp:featuredmedia":[{"embeddable":true,"href":"https:\/\/www.europesays.com\/fr\/wp-json\/wp\/v2\/media\/434292"}],"wp:attachment":[{"href":"https:\/\/www.europesays.com\/fr\/wp-json\/wp\/v2\/media?parent=434291"}],"wp:term":[{"taxonomy":"category","embeddable":true,"href":"https:\/\/www.europesays.com\/fr\/wp-json\/wp\/v2\/categories?post=434291"},{"taxonomy":"post_tag","embeddable":true,"href":"https:\/\/www.europesays.com\/fr\/wp-json\/wp\/v2\/tags?post=434291"}],"curies":[{"name":"wp","href":"https:\/\/api.w.org\/{rel}","templated":true}]}}