{"id":434298,"date":"2025-10-02T18:31:12","date_gmt":"2025-10-02T18:31:12","guid":{"rendered":"https:\/\/www.europesays.com\/fr\/434298\/"},"modified":"2025-10-02T18:31:12","modified_gmt":"2025-10-02T18:31:12","slug":"gerard-miller-mis-en-examen-pour-viols-et-agressions-sexuelles-sur-six-femmes","status":"publish","type":"post","link":"https:\/\/www.europesays.com\/fr\/434298\/","title":{"rendered":"G\u00e9rard Miller mis en examen pour viols et\u00a0agressions sexuelles sur six femmes"},"content":{"rendered":"<p>                         <img loading=\"lazy\" decoding=\"async\" src=\"https:\/\/www.europesays.com\/fr\/wp-content\/uploads\/2025\/10\/6a462f2_1707405800771-ap18134008639523.jpg\" alt=\"G\u00e9rard Miller, au Festival de Cannes, le 13\u00a0mai 2018. \"   width=\"664\" height=\"443\"\/>    G\u00e9rard Miller, au Festival de Cannes, le 13\u00a0mai 2018.  VIANNEY LE CAER\/INVISION\/AP                 <\/p>\n<p class=\"article__paragraph  \">A l\u2019issue des quarante-huit\u00a0heures de garde \u00e0 vue \u00e0 la brigade de protection des mineurs (BPM), le psychanalyste G\u00e9rard Miller a \u00e9t\u00e9 mis en examen, jeudi 2\u00a0octobre, pour trois viols sur mineures, un viol sur majeure ainsi qu\u2019une agression sexuelle sur mineure et une agression sexuelle sur majeure, a confirm\u00e9 le parquet de Paris au Monde. Les faits, qui impliquent six femmes, auraient \u00e9t\u00e9 commis en\u00a02001, 2004, 2019\u00a0et\u00a02020. Il a \u00e9t\u00e9 en outre plac\u00e9 sous le statut de t\u00e9moin assist\u00e9 \u00ab\u00a0pour un fait de viol sur mineur de plus de 15 ans, susceptible d\u2019avoir \u00e9t\u00e9 commis en 2000\u00a0\u00bb, pr\u00e9cise le parquet de Paris. G\u00e9rard Miller, qui reste pr\u00e9sum\u00e9 innocent, n\u2019a pas r\u00e9pondu \u00e0 nos sollicitations.<\/p>\n<p class=\"article__paragraph  \">\u00ab\u00a0Il a \u00e9t\u00e9 plac\u00e9 sous contr\u00f4le judiciaire, avec l\u2019obligation de payer un cautionnement de 65 000 euros, l\u2019obligation de suivre des soins, l\u2019interdiction d\u2019exercer l\u2019activit\u00e9 de psychanalyste, toute activit\u00e9 impliquant un contact habituel avec les mineurs, ainsi que l\u2019activit\u00e9 de chroniqueur t\u00e9l\u00e9vision en public, l\u2019interdiction d\u2019entrer en contact avec les victimes et les personnes cit\u00e9es \u00e0 la proc\u00e9dure, ainsi que l\u2019interdiction de quitter le territoire\u00a0\u00bb ajoute le parquet de Paris.<\/p>\n<p class=\"reading-mode-only \"><strong>Il vous reste 70.05% de cet article \u00e0 lire. La suite est r\u00e9serv\u00e9e aux abonn\u00e9s.<\/strong><\/p>\n","protected":false},"excerpt":{"rendered":"G\u00e9rard Miller, au Festival de Cannes, le 13\u00a0mai 2018. VIANNEY LE CAER\/INVISION\/AP A l\u2019issue des quarante-huit\u00a0heures de garde&hellip;\n","protected":false},"author":2,"featured_media":434299,"comment_status":"","ping_status":"","sticky":false,"template":"","format":"standard","meta":{"footnotes":""},"categories":[1888],"tags":[1111,1928,11,1927,1777,674,1011,27,12,1926,626,1925,25],"class_list":{"0":"post-434298","1":"post","2":"type-post","3":"status-publish","4":"format-standard","5":"has-post-thumbnail","7":"category-paris","8":"tag-actu","9":"tag-actu-paris","10":"tag-actualites","11":"tag-actualites-paris","12":"tag-eu","13":"tag-europe","14":"tag-fr","15":"tag-france","16":"tag-news","17":"tag-news-paris","18":"tag-paris","19":"tag-paris-news","20":"tag-republique-francaise"},"share_on_mastodon":{"url":"https:\/\/pubeurope.com\/@fr\/115306004240807971","error":""},"_links":{"self":[{"href":"https:\/\/www.europesays.com\/fr\/wp-json\/wp\/v2\/posts\/434298","targetHints":{"allow":["GET"]}}],"collection":[{"href":"https:\/\/www.europesays.com\/fr\/wp-json\/wp\/v2\/posts"}],"about":[{"href":"https:\/\/www.europesays.com\/fr\/wp-json\/wp\/v2\/types\/post"}],"author":[{"embeddable":true,"href":"https:\/\/www.europesays.com\/fr\/wp-json\/wp\/v2\/users\/2"}],"replies":[{"embeddable":true,"href":"https:\/\/www.europesays.com\/fr\/wp-json\/wp\/v2\/comments?post=434298"}],"version-history":[{"count":0,"href":"https:\/\/www.europesays.com\/fr\/wp-json\/wp\/v2\/posts\/434298\/revisions"}],"wp:featuredmedia":[{"embeddable":true,"href":"https:\/\/www.europesays.com\/fr\/wp-json\/wp\/v2\/media\/434299"}],"wp:attachment":[{"href":"https:\/\/www.europesays.com\/fr\/wp-json\/wp\/v2\/media?parent=434298"}],"wp:term":[{"taxonomy":"category","embeddable":true,"href":"https:\/\/www.europesays.com\/fr\/wp-json\/wp\/v2\/categories?post=434298"},{"taxonomy":"post_tag","embeddable":true,"href":"https:\/\/www.europesays.com\/fr\/wp-json\/wp\/v2\/tags?post=434298"}],"curies":[{"name":"wp","href":"https:\/\/api.w.org\/{rel}","templated":true}]}}