{"id":434300,"date":"2025-10-02T18:32:14","date_gmt":"2025-10-02T18:32:14","guid":{"rendered":"https:\/\/www.europesays.com\/fr\/434300\/"},"modified":"2025-10-02T18:32:14","modified_gmt":"2025-10-02T18:32:14","slug":"un-magasin-chanel-attaque-a-la-voiture-belier-et-devalise-par-des-voleurs","status":"publish","type":"post","link":"https:\/\/www.europesays.com\/fr\/434300\/","title":{"rendered":"Un magasin Chanel attaqu\u00e9 \u00e0 la voiture-b\u00e9lier et d\u00e9valis\u00e9 par des voleurs"},"content":{"rendered":"<p class=\"mb-4 text-lg md:leading-8 break-words\"><strong>ENQU\u00caTE &#8211; Une boutique Chanel situ\u00e9e dans le 8e\u00a0arrondissement de Paris a \u00e9t\u00e9 cambriol\u00e9e \u00e0 la voiture b\u00e9lier dans la nuit de mercredi \u00e0 jeudi, et de nombreux sacs de luxe ont \u00e9t\u00e9 d\u00e9rob\u00e9s<\/strong><\/p>\n<p class=\"mb-4 text-lg md:leading-8 break-words\">Encore un <a href=\"https:\/\/www.20minutes.fr\/dossier\/cambriolage?at_medium=RSS%20feed&amp;at_campaign=ynews&amp;utm_source=yahoo&amp;utm_medium=rss&amp;utm_campaign=news_feed&amp;utm_content=in_article_link\" rel=\"nofollow noopener\" target=\"_blank\" data-ylk=\"slk:cambriolage;elm:context_link;itc:0;sec:content-canvas\" class=\"link \">cambriolage<\/a> visant une boutique de <a href=\"https:\/\/www.20minutes.fr\/dossier\/luxe?at_medium=RSS%20feed&amp;at_campaign=ynews&amp;utm_source=yahoo&amp;utm_medium=rss&amp;utm_campaign=news_feed&amp;utm_content=in_article_link\" rel=\"nofollow noopener\" target=\"_blank\" data-ylk=\"slk:luxe;elm:context_link;itc:0;sec:content-canvas\" class=\"link \">luxe<\/a>. Ce jeudi, vers 4h30 du matin, un magasin <a href=\"https:\/\/www.20minutes.fr\/dossier\/chanel?at_medium=RSS%20feed&amp;at_campaign=ynews&amp;utm_source=yahoo&amp;utm_medium=rss&amp;utm_campaign=news_feed&amp;utm_content=in_article_link\" rel=\"nofollow noopener\" target=\"_blank\" data-ylk=\"slk:Chanel;elm:context_link;itc:0;sec:content-canvas\" class=\"link \">Chanel<\/a> situ\u00e9 dans le 8e\u00a0arrondissement de <a href=\"https:\/\/www.20minutes.fr\/paris\/?at_medium=RSS%20feed&amp;at_campaign=ynews&amp;utm_source=yahoo&amp;utm_medium=rss&amp;utm_campaign=news_feed&amp;utm_content=in_article_link\" rel=\"nofollow noopener\" target=\"_blank\" data-ylk=\"slk:Paris;elm:context_link;itc:0;sec:content-canvas\" class=\"link \">Paris<\/a>, pr\u00e8s de la place de la Concorde, a \u00e9t\u00e9 attaqu\u00e9 \u00e0 la voiture b\u00e9lier, rapporte <a href=\"https:\/\/www.leparisien.fr\/faits-divers\/paris-un-magasin-chanel-victime-dun-casse-a-la-voiture-belier-des-dizaines-de-sacs-derobes-02-10-2025-BUA6N3GOTZHQ3FFGB2V6JELI3E.php?at_medium=RSS%20feed&amp;at_campaign=ynews&amp;utm_source=yahoo&amp;utm_medium=rss&amp;utm_campaign=news_feed&amp;utm_content=in_article_link\" rel=\"nofollow noopener\" target=\"_blank\" data-ylk=\"slk:Le Parisien;elm:context_link;itc:0;sec:content-canvas\" class=\"link \">Le Parisien<\/a>.<\/p>\n<p class=\"mb-4 text-lg md:leading-8 break-words\">L\u2019information a tout d\u2019abord \u00e9t\u00e9 d\u00e9voil\u00e9e par <a href=\"https:\/\/www.parismatch.com\/actu\/faits-divers\/une-boutique-chanel-victime-dun-vol-par-effraction-a-la-voiture-belier-en-pleine-nuit-a-paris-257945?at_medium=RSS%20feed&amp;at_campaign=ynews&amp;utm_source=yahoo&amp;utm_medium=rss&amp;utm_campaign=news_feed&amp;utm_content=in_article_link\" rel=\"nofollow noopener\" target=\"_blank\" data-ylk=\"slk:Paris Match;elm:context_link;itc:0;sec:content-canvas\" class=\"link \">Paris Match<\/a> puis confirm\u00e9e par les forces de l\u2019ordre et la marque elle-m\u00eame. Selon les premiers \u00e9l\u00e9ments, deux ou trois hommes ont d\u00e9fonc\u00e9 la vitrine du <a href=\"https:\/\/www.20minutes.fr\/dossier\/magasins?at_medium=RSS%20feed&amp;at_campaign=ynews&amp;utm_source=yahoo&amp;utm_medium=rss&amp;utm_campaign=news_feed&amp;utm_content=in_article_link\" rel=\"nofollow noopener\" target=\"_blank\" data-ylk=\"slk:magasin;elm:context_link;itc:0;sec:content-canvas\" class=\"link \">magasin<\/a> en fon\u00e7ant dedans avec une <a href=\"https:\/\/www.20minutes.fr\/dossier\/voiture?at_medium=RSS%20feed&amp;at_campaign=ynews&amp;utm_source=yahoo&amp;utm_medium=rss&amp;utm_campaign=news_feed&amp;utm_content=in_article_link\" rel=\"nofollow noopener\" target=\"_blank\" data-ylk=\"slk:voiture;elm:context_link;itc:0;sec:content-canvas\" class=\"link \">voiture<\/a>, avant de s\u2019emparer de nombreux sacs de luxe.<\/p>\n<p>Pas de bless\u00e9, confirme Chanel<\/p>\n<p class=\"mb-4 text-lg md:leading-8 break-words\">Ils se sont ensuite enfuis avant l\u2019arriv\u00e9e de la <a href=\"https:\/\/www.20minutes.fr\/dossier\/police?at_medium=RSS%20feed&amp;at_campaign=ynews&amp;utm_source=yahoo&amp;utm_medium=rss&amp;utm_campaign=news_feed&amp;utm_content=in_article_link\" rel=\"nofollow noopener\" target=\"_blank\" data-ylk=\"slk:police;elm:context_link;itc:0;sec:content-canvas\" class=\"link \">police<\/a> sur place. La voiture en cause a depuis \u00e9t\u00e9 retrouv\u00e9e, vide, dans un parking souterrain de la capitale. Le pr\u00e9judice total du cambriolage n\u2019a pas encore \u00e9t\u00e9 estim\u00e9, mais les sacs Chanel peuvent co\u00fbter jusqu\u2019\u00e0 plusieurs dizaines de milliers d\u2019euros chacun.<\/p>\n<p class=\"mb-4 text-lg md:leading-8 break-words\">Une <a href=\"https:\/\/www.20minutes.fr\/dossier\/enquete?at_medium=RSS%20feed&amp;at_campaign=ynews&amp;utm_source=yahoo&amp;utm_medium=rss&amp;utm_campaign=news_feed&amp;utm_content=in_article_link\" rel=\"nofollow noopener\" target=\"_blank\" data-ylk=\"slk:enqu\u00eate;elm:context_link;itc:0;sec:content-canvas\" class=\"link \">enqu\u00eate<\/a> a \u00e9t\u00e9 ouverte et confi\u00e9e \u00e0 la brigade de r\u00e9pression du banditisme (BRB). \u00ab\u00a0Aucun collaborateur n\u2019a heureusement \u00e9t\u00e9 bless\u00e9\u00a0\u00bb, a d\u00e9clar\u00e9 Chanel. \u00ab\u00a0Nous coop\u00e9rons pleinement avec les services afin de leur apporter notre assistance dans leurs investigations.\u00a0\u00bb Aucune interpellation n\u2019a eu lieu \u00e0 ce stade.<\/p>\n<p class=\"mb-4 text-lg md:leading-8 break-words\">En juin\u00a02024, une autre boutique Chanel situ\u00e9e non loin des Champs-\u00c9lys\u00e9es avait d\u00e9j\u00e0 \u00e9t\u00e9 prise pour cible, attaqu\u00e9e \u00e0 la voiture b\u00e9lier et d\u00e9valis\u00e9e. Les voleurs \u00e9taient repartis avec 160 sacs, pour une valeur totale d\u2019un million d\u2019euros. Le v\u00e9hicule en cause avait \u00e9t\u00e9 retrouv\u00e9 incendi\u00e9 juste apr\u00e8s.<\/p>\n<p class=\"mb-4 text-lg md:leading-8 break-words\"><a href=\"https:\/\/www.20minutes.fr\/faits_divers\/4176704-20251002-paris-magasin-chanel-attaque-voiture-belier-devalise-voleurs?at_medium=RSS%20feed&amp;at_campaign=ynews&amp;utm_source=yahoo&amp;utm_medium=rss&amp;utm_campaign=news_feed&amp;utm_content=read_more_link&quot;\" rel=\"nofollow noopener\" target=\"_blank\" data-ylk=\"slk:Lire la suite sur 20minutes;elm:context_link;itc:0;sec:content-canvas\" class=\"link \">Lire la suite sur 20minutes<\/a><\/p>\n<p>\u00c0 lire aussi :<br \/><a href=\"https:\/\/www.20minutes.fr\/justice\/4176087-20250930-paris-specialises-cambriolage-footballeurs-ligue-1-deux-suspects-interpelles?at_medium=RSS%20feed&amp;at_campaign=ynews&amp;utm_source=yahoo&amp;utm_medium=rss&amp;utm_campaign=news_feed&amp;utm_content=related_content_link\" rel=\"nofollow noopener\" target=\"_blank\" data-ylk=\"slk:Paris\u00a0: Ils s\u2019\u00e9taient sp\u00e9cialis\u00e9s dans le cambriolage des footballeurs de Ligue 1, deux suspects interpell\u00e9s;elm:context_link;itc:0;sec:content-canvas\" class=\"link \">Paris\u00a0: Ils s\u2019\u00e9taient sp\u00e9cialis\u00e9s dans le cambriolage des footballeurs de Ligue 1, deux suspects interpell\u00e9s<\/a><br \/><a href=\"https:\/\/www.20minutes.fr\/faits_divers\/4174550-20250922-paris-ancienne-candidate-loft-story-fait-derober-pres-100-000-euros?at_medium=RSS%20feed&amp;at_campaign=ynews&amp;utm_source=yahoo&amp;utm_medium=rss&amp;utm_campaign=news_feed&amp;utm_content=related_content_link\" rel=\"nofollow noopener\" target=\"_blank\" data-ylk=\"slk:Paris\u00a0: Une ancienne candidate de Loft Story se fait d\u00e9rober pr\u00e8s de 100.000 euros;elm:context_link;itc:0;sec:content-canvas\" class=\"link \">Paris\u00a0: Une ancienne candidate de Loft Story se fait d\u00e9rober pr\u00e8s de 100.000 euros<\/a><\/p>\n","protected":false},"excerpt":{"rendered":"ENQU\u00caTE &#8211; Une boutique Chanel situ\u00e9e dans le 8e\u00a0arrondissement de Paris a \u00e9t\u00e9 cambriol\u00e9e \u00e0 la voiture b\u00e9lier&hellip;\n","protected":false},"author":2,"featured_media":434301,"comment_status":"","ping_status":"","sticky":false,"template":"","format":"standard","meta":{"footnotes":""},"categories":[1888],"tags":[20606,1111,1928,11,1927,1890,1777,674,3160,1011,27,23111,12,1926,626,1925,7180,25,56201],"class_list":{"0":"post-434300","1":"post","2":"type-post","3":"status-publish","4":"format-standard","5":"has-post-thumbnail","7":"category-paris","8":"tag-8e-arrondissement-de-paris","9":"tag-actu","10":"tag-actu-paris","11":"tag-actualites","12":"tag-actualites-paris","13":"tag-chanel","14":"tag-eu","15":"tag-europe","16":"tag-forces-de-lordre","17":"tag-fr","18":"tag-france","19":"tag-la-voiture","20":"tag-news","21":"tag-news-paris","22":"tag-paris","23":"tag-paris-news","24":"tag-place-de-la-concorde","25":"tag-republique-francaise","26":"tag-voiture-belier"},"share_on_mastodon":{"url":"https:\/\/pubeurope.com\/@fr\/115306007324215783","error":""},"_links":{"self":[{"href":"https:\/\/www.europesays.com\/fr\/wp-json\/wp\/v2\/posts\/434300","targetHints":{"allow":["GET"]}}],"collection":[{"href":"https:\/\/www.europesays.com\/fr\/wp-json\/wp\/v2\/posts"}],"about":[{"href":"https:\/\/www.europesays.com\/fr\/wp-json\/wp\/v2\/types\/post"}],"author":[{"embeddable":true,"href":"https:\/\/www.europesays.com\/fr\/wp-json\/wp\/v2\/users\/2"}],"replies":[{"embeddable":true,"href":"https:\/\/www.europesays.com\/fr\/wp-json\/wp\/v2\/comments?post=434300"}],"version-history":[{"count":0,"href":"https:\/\/www.europesays.com\/fr\/wp-json\/wp\/v2\/posts\/434300\/revisions"}],"wp:featuredmedia":[{"embeddable":true,"href":"https:\/\/www.europesays.com\/fr\/wp-json\/wp\/v2\/media\/434301"}],"wp:attachment":[{"href":"https:\/\/www.europesays.com\/fr\/wp-json\/wp\/v2\/media?parent=434300"}],"wp:term":[{"taxonomy":"category","embeddable":true,"href":"https:\/\/www.europesays.com\/fr\/wp-json\/wp\/v2\/categories?post=434300"},{"taxonomy":"post_tag","embeddable":true,"href":"https:\/\/www.europesays.com\/fr\/wp-json\/wp\/v2\/tags?post=434300"}],"curies":[{"name":"wp","href":"https:\/\/api.w.org\/{rel}","templated":true}]}}