{"id":434304,"date":"2025-10-02T18:34:12","date_gmt":"2025-10-02T18:34:12","guid":{"rendered":"https:\/\/www.europesays.com\/fr\/434304\/"},"modified":"2025-10-02T18:34:12","modified_gmt":"2025-10-02T18:34:12","slug":"a-paris-la-colere-est-toujours-la-liberation","status":"publish","type":"post","link":"https:\/\/www.europesays.com\/fr\/434304\/","title":{"rendered":"\u00e0 Paris, \u00abla col\u00e8re est toujours l\u00e0\u00bb \u2013 Lib\u00e9ration"},"content":{"rendered":"<p class=\"sc-cPiKLX AiZTS text-element\">A l\u2019horizon de l\u2019avenue des Gobelins, au c\u0153ur du XIIIe arrondissement de Paris, le d\u00f4me des Invalides compl\u00e8te la file indienne de ballons syndicaux. Il est 14 heures ce jeudi 2 octobre quand le cort\u00e8ge de la deuxi\u00e8me journ\u00e9e de gr\u00e8ve intersyndicale s\u2019appr\u00eate \u00e0 d\u00e9coller. Mais la place d\u2019Italie est encore trop vide, on y circule avec une facilit\u00e9 d\u00e9concertante. Pierre (1) et Anne (1), chasubles CGT sur le dos, peinent \u00e0 retrouver leurs coll\u00e8gues de La Poste. \u00abIl y a moins de monde que <a href=\"https:\/\/www.liberation.fr\/economie\/mobilisation-du-18-septembre-a-paris-on-sest-pris-deux-ans-de-plus-avec-la-reforme-des-retraites-mais-on-est-toujours-la-20250918_3ISA7V4ECZFSBO7D7P263MOPOM\/\" target=\"_blank\" rel=\"noopener\" title=\"https:\/\/www.liberation.fr\/economie\/mobilisation-du-18-septembre-a-paris-on-sest-pris-deux-ans-de-plus-avec-la-reforme-des-retraites-mais-on-est-toujours-la-20250918_3ISA7V4ECZFSBO7D7P263MOPOM\/\">le 18<\/a> [septembre]\u00bb, constate la factrice, le regard triste. Elle pr\u00e9f\u00e8re pointer une \u00abmauvaise communication\u00bb qu\u2019imaginer une fatigue des troupes, deux fois plus nombreuses il y a quinze jours selon le minist\u00e8re de l\u2019Int\u00e9rieur \u2013 24 000 personnes annonc\u00e9es ce jeudi, contre 55 000 le 18 septembre.  <\/p>\n<p class=\"sc-cPiKLX AiZTS text-element\">Avec sa sono qui balance Get Lucky \u2013 le son des Daft Punk \u2013 et son cort\u00e8ge plut\u00f4t fourni, la CFDT appara\u00eet plus chanceuse. Virginie, 47 ans, doit tendre l\u2019oreille pour entendre son coll\u00e8gue v\u00eatu d\u2019une chasuble orange flashy lui d\u00e9tailler le <\/p>\n","protected":false},"excerpt":{"rendered":"A l\u2019horizon de l\u2019avenue des Gobelins, au c\u0153ur du XIIIe arrondissement de Paris, le d\u00f4me des Invalides compl\u00e8te&hellip;\n","protected":false},"author":2,"featured_media":434305,"comment_status":"","ping_status":"","sticky":false,"template":"","format":"standard","meta":{"footnotes":""},"categories":[1888],"tags":[11,1270,1271,1777,674,1011,27,12,626,25,11067],"class_list":{"0":"post-434304","1":"post","2":"type-post","3":"status-publish","4":"format-standard","5":"has-post-thumbnail","7":"category-paris","8":"tag-actualites","9":"tag-cfdt","10":"tag-cgt","11":"tag-eu","12":"tag-europe","13":"tag-fr","14":"tag-france","15":"tag-news","16":"tag-paris","17":"tag-republique-francaise","18":"tag-sebastien-lecornu"},"share_on_mastodon":{"url":"https:\/\/pubeurope.com\/@fr\/115306015259754594","error":""},"_links":{"self":[{"href":"https:\/\/www.europesays.com\/fr\/wp-json\/wp\/v2\/posts\/434304","targetHints":{"allow":["GET"]}}],"collection":[{"href":"https:\/\/www.europesays.com\/fr\/wp-json\/wp\/v2\/posts"}],"about":[{"href":"https:\/\/www.europesays.com\/fr\/wp-json\/wp\/v2\/types\/post"}],"author":[{"embeddable":true,"href":"https:\/\/www.europesays.com\/fr\/wp-json\/wp\/v2\/users\/2"}],"replies":[{"embeddable":true,"href":"https:\/\/www.europesays.com\/fr\/wp-json\/wp\/v2\/comments?post=434304"}],"version-history":[{"count":0,"href":"https:\/\/www.europesays.com\/fr\/wp-json\/wp\/v2\/posts\/434304\/revisions"}],"wp:featuredmedia":[{"embeddable":true,"href":"https:\/\/www.europesays.com\/fr\/wp-json\/wp\/v2\/media\/434305"}],"wp:attachment":[{"href":"https:\/\/www.europesays.com\/fr\/wp-json\/wp\/v2\/media?parent=434304"}],"wp:term":[{"taxonomy":"category","embeddable":true,"href":"https:\/\/www.europesays.com\/fr\/wp-json\/wp\/v2\/categories?post=434304"},{"taxonomy":"post_tag","embeddable":true,"href":"https:\/\/www.europesays.com\/fr\/wp-json\/wp\/v2\/tags?post=434304"}],"curies":[{"name":"wp","href":"https:\/\/api.w.org\/{rel}","templated":true}]}}