{"id":434306,"date":"2025-10-02T18:35:17","date_gmt":"2025-10-02T18:35:17","guid":{"rendered":"https:\/\/www.europesays.com\/fr\/434306\/"},"modified":"2025-10-02T18:35:17","modified_gmt":"2025-10-02T18:35:17","slug":"russie-le-centre-eltsine-rare-lieu-dindependance-intellectuelle-sous-le-feu-des-attaques","status":"publish","type":"post","link":"https:\/\/www.europesays.com\/fr\/434306\/","title":{"rendered":"Russie\u00a0: le Centre Eltsine, rare lieu d\u2019ind\u00e9pendance intellectuelle, sous le feu des attaques"},"content":{"rendered":"<p>Le mois dernier, une proc\u00e9dure administrative a \u00e9t\u00e9 ouverte contre le critique Viatcheslav Chmyrov, qui, depuis plusieurs ann\u00e9es, anime des projections au cin\u00e9-club du <a href=\"https:\/\/yeltsin.ru\/\" rel=\"nofollow noopener\" target=\"_blank\">Centre Eltsine<\/a>, \u00e0 Ekaterinbourg. Il est reproch\u00e9 \u00e0 cet historien du cin\u00e9ma, victime d\u2019une campagne de d\u00e9nonciation, des publications contre la guerre en Ukraine sur les r\u00e9seaux sociaux. La m\u00eame semaine, la directrice adjointe de l\u2019institution, Lioudmila Telen, a \u00e9t\u00e9 condamn\u00e9e \u00e0 une amende pour \u00ab\u00a0discr\u00e9ditation de l\u2019arm\u00e9e\u00a0\u00bb \u2013 le 25\u00a0f\u00e9vrier\u00a02022, la responsable avait repost\u00e9 un \u00ab\u00a0Non \u00e0 la guerre\u00a0!\u00a0\u00bb,\u00a0\u00e9crit par Tatiana Ioumacheva, fille de l\u2019ancien dirigeant Boris Eltsine (1931-2007).<\/p>\n<p>Une autre lecture de l\u2019histoire russe<\/p>\n<p>Depuis le d\u00e9clenchement de l\u2019invasion de l\u2019Ukraine, le resserrement politique g\u00e9n\u00e9ralis\u00e9 et l\u2019inflation de lois r\u00e9pressives ont entra\u00een\u00e9 une st\u00e9rilisation des milieux artistiques russes. Le Centre Eltsine, pourtant, demeure un rare espace d\u2019ind\u00e9pendance intellectuelle encore en activit\u00e9 en Russie, malgr\u00e9 l\u2019intensification des attaques \u00e9manant du Parti communiste et d\u2019organisations nationalistes qui r\u00e9clament avec constance sa fermeture. Situ\u00e9e \u00e0 Ekaterinbourg, dans la r\u00e9gion de l\u2019Oural, cette institution culturelle de premier plan, d\u00e9di\u00e9e au premier pr\u00e9sident de la F\u00e9d\u00e9ration de Russie (de 1991 \u00e0 1999), concentre aussi l\u2019hostilit\u00e9 de deux puissantes voix du r\u00e9gime\u00a0: Vladimir Soloviov, propagandiste parmi les plus bruyants, et Nikita Mikhalkov, jadis cin\u00e9aste de talent, qui, d\u00e9sormais, traque avec z\u00e8le les \u00ab\u00a0ennemis du peuple\u00a0\u00bb.<\/p>\n<p>Depuis sa fondation en 2015, le Centre Eltsine n\u2019a cess\u00e9 d\u2019\u00eatre la cible de critiques, pour plusieurs raisons. Il est d\u2019abord accus\u00e9 d\u2019entretenir la m\u00e9moire de Boris Eltsine, natif de l\u2019Oural, personnalit\u00e9 toujours honnie en Russie, car associ\u00e9e au traumatisme de la transition postsovi\u00e9tique. Or, \u00ab\u00a0un nouveau consensus id\u00e9ologique veut que les ann\u00e9es\u00a01990 soient la cible de toutes les mal\u00e9dictions, un p\u00e9ch\u00e9 originel, un stigmate, et la nouvelle identit\u00e9 du pouvoir se construit sur leur n\u00e9gation\u00a0\u00bb, \u00e9crit l\u2019essayiste Serge\u00ef Medvedev en 2020 dans Les Quatre Guerres de Poutine (Buchet Chastel). Loin de Moscou, le Centre Eltsine s\u2019autorise aussi une autre lecture de l\u2019histoire russe, domaine r\u00e9serv\u00e9 \u00e0 l\u2019\u00c9tat\u00a0: cette derni\u00e8re est pr\u00e9sent\u00e9e comme un difficile et tortueux cheminement vers l\u2019\u00e9mancipation du peuple \u2013 le parcours de visite se termine dans un hall\u00a0o\u00f9 est accroch\u00e9e une \u0153uvre d\u2019Erik Boulatov, r\u00e9alis\u00e9e sp\u00e9cialement pour le centre et sur laquelle est inscrit le mot \u00ab\u00a0Libert\u00e9\u00a0\u00bb. Le pass\u00e9 sovi\u00e9tique, lui, est d\u00e9peint \u00e0 rebours de l\u2019id\u00e9ologie officielle\u00a0: sans maquillage.<\/p>\n<p>Au-del\u00e0 du mus\u00e9e consacr\u00e9 \u00e0 Boris Eltsine et \u00e0 son h\u00e9ritage politique, le centre regroupe une galerie d\u2019art, des salles de conf\u00e9rence\u00a0et de projection, une biblioth\u00e8que et un atelier \u00e9ducatif, et s\u2019est impos\u00e9 comme un centre de gravit\u00e9 de la vie culturelle, o\u00f9 \u00e9taient invit\u00e9s \u00e9crivains, historiens et artistes sans accointances avec le Kremlin. L\u2019essentiel d\u2019entre eux a depuis \u00e9t\u00e9 d\u00e9sign\u00e9 par l\u2019\u00c9tat comme \u00ab\u00a0agents de l\u2019\u00e9tranger\u00a0\u00bb, un statut destin\u00e9 \u00e0 les mettre \u00e0 l\u2019index. Dans ce contexte de pression croissante, le Centre Eltsine est contraint d\u2019adapter sa programmation. Accus\u00e9 de mener des activit\u00e9s antipatriotiques et de promouvoir des valeurs lib\u00e9rales import\u00e9es de l\u2019\u00e9tranger, il a r\u00e9cemment pr\u00e9f\u00e9r\u00e9 renoncer \u00e0 diff\u00e9rents \u00e9v\u00e9nements et spectacles signal\u00e9s par des \u00ab\u00a0militants Z\u00a0\u00bb, propagandistes de la guerre.\u00a0<\/p>\n<p>Num\u00e9ro d\u2019\u00e9quilibriste<\/p>\n<p>Cette campagne d\u2019intimidation ne pr\u00e9figure pas pour autant la fermeture du lieu, qui est plac\u00e9 sous le contr\u00f4le direct de l\u2019administration pr\u00e9sidentielle. En effet, le Centre Eltsine existe \u00e0 la faveur d\u2019une loi f\u00e9d\u00e9rale sur les mus\u00e9es d\u00e9di\u00e9s aux anciens chefs d\u2019\u00c9tat. Interrog\u00e9e par la cha\u00eene de t\u00e9l\u00e9vision en exil Dojd, la politologue Ekaterina Schulmann estime que le Kremlin est r\u00e9ticent \u00e0 se d\u00e9barrasser de ce \u00ab\u00a0repaire de lib\u00e9raux survivants\u00a0\u00bb. Soucieux de d\u00e9montrer la stabilit\u00e9 du syst\u00e8me politique et la rotation r\u00e9guli\u00e8re du pouvoir, il se montre attach\u00e9 \u00e0 \u00ab\u00a0une perp\u00e9tuation de la m\u00e9moire des anciens pr\u00e9sidents calqu\u00e9e sur le mod\u00e8le des \u00c9tats-Unis\u00a0\u00bb. Vladimir Poutine, qui avait inaugur\u00e9 le centre il y a dix ans, entendrait par ailleurs observer une r\u00e8gle de loyaut\u00e9 \u00e0 l\u2019\u00e9gard de la famille de son pr\u00e9d\u00e9cesseur. Une analyse qui expliquerait l\u2019ouverture, cette ann\u00e9e, d\u2019une annexe moscovite de l\u2019institution dans un ancien h\u00f4tel particulier, apr\u00e8s 15\u00a0ans de restauration.\u00a0<\/p>\n<p>Selon des observateurs aguerris, l\u2019approche du Kremlin consisterait\u00a0\u00e0 d\u00e9l\u00e9guer le travail d\u2019intimidation \u00e0 des acteurs politiques marginaux et \u00e0 laisser le Centre Eltsine se conformer \u00e0 l\u2019air du temps\u00a0: s\u2019autocensurer, mais aussi donner des gages. Apr\u00e8s avoir organis\u00e9 un s\u00e9minaire sur le stalinisme, l\u2019institution a d\u00fb accueillir cet \u00e9t\u00e9, dans un grand num\u00e9ro d\u2019\u00e9quilibriste, un \u00ab\u00a0forum des patriotes\u00a0\u00bb, en soutien aux soldats de \u00ab\u00a0l\u2019op\u00e9ration militaire sp\u00e9ciale\u00a0\u00bb.<\/p>\n","protected":false},"excerpt":{"rendered":"Le mois dernier, une proc\u00e9dure administrative a \u00e9t\u00e9 ouverte contre le critique Viatcheslav Chmyrov, qui, depuis plusieurs ann\u00e9es,&hellip;\n","protected":false},"author":2,"featured_media":434307,"comment_status":"","ping_status":"","sticky":false,"template":"","format":"standard","meta":{"footnotes":""},"categories":[1591],"tags":[11,9006,56202,1887,12,1885,1886,132],"class_list":{"0":"post-434306","1":"post","2":"type-post","3":"status-publish","4":"format-standard","5":"has-post-thumbnail","7":"category-russie","8":"tag-actualites","9":"tag-censure","10":"tag-centre-eltsine","11":"tag-federation-de-russie","12":"tag-news","13":"tag-russia","14":"tag-russian-federation","15":"tag-russie"},"share_on_mastodon":{"url":"https:\/\/pubeurope.com\/@fr\/115306019162570729","error":""},"_links":{"self":[{"href":"https:\/\/www.europesays.com\/fr\/wp-json\/wp\/v2\/posts\/434306","targetHints":{"allow":["GET"]}}],"collection":[{"href":"https:\/\/www.europesays.com\/fr\/wp-json\/wp\/v2\/posts"}],"about":[{"href":"https:\/\/www.europesays.com\/fr\/wp-json\/wp\/v2\/types\/post"}],"author":[{"embeddable":true,"href":"https:\/\/www.europesays.com\/fr\/wp-json\/wp\/v2\/users\/2"}],"replies":[{"embeddable":true,"href":"https:\/\/www.europesays.com\/fr\/wp-json\/wp\/v2\/comments?post=434306"}],"version-history":[{"count":0,"href":"https:\/\/www.europesays.com\/fr\/wp-json\/wp\/v2\/posts\/434306\/revisions"}],"wp:featuredmedia":[{"embeddable":true,"href":"https:\/\/www.europesays.com\/fr\/wp-json\/wp\/v2\/media\/434307"}],"wp:attachment":[{"href":"https:\/\/www.europesays.com\/fr\/wp-json\/wp\/v2\/media?parent=434306"}],"wp:term":[{"taxonomy":"category","embeddable":true,"href":"https:\/\/www.europesays.com\/fr\/wp-json\/wp\/v2\/categories?post=434306"},{"taxonomy":"post_tag","embeddable":true,"href":"https:\/\/www.europesays.com\/fr\/wp-json\/wp\/v2\/tags?post=434306"}],"curies":[{"name":"wp","href":"https:\/\/api.w.org\/{rel}","templated":true}]}}