{"id":434317,"date":"2025-10-02T18:41:21","date_gmt":"2025-10-02T18:41:21","guid":{"rendered":"https:\/\/www.europesays.com\/fr\/434317\/"},"modified":"2025-10-02T18:41:21","modified_gmt":"2025-10-02T18:41:21","slug":"accord-commercial-controverse-sur-le-sahara","status":"publish","type":"post","link":"https:\/\/www.europesays.com\/fr\/434317\/","title":{"rendered":"accord commercial controvers\u00e9 sur le Sahara"},"content":{"rendered":"\n<p class=\"text-center py-0\">\n<a href=\"https:\/\/news.google.com\/publications\/CAAqMQgKIitDQklTR2dnTWFoWUtGRzFoWjJoeVpXSmxiV1Z5WjJWdWRDNXVaWGR6S0FBUAE?hl=fr&amp;gl=FR&amp;ceid=FR%3Afr\" target=\"_blank\" style=\"cursor: pointer;\" rel=\"noopener\"><br \/>\n<img loading=\"lazy\" decoding=\"async\" data-lazyloaded=\"1\" width=\"728\" height=\"90\" src=\"https:\/\/www.europesays.com\/fr\/wp-content\/uploads\/2025\/08\/google-news-banner.jpg\" alt=\"\" \/><br \/>\n<\/a><\/p>\n<p><strong>Bruxelles et Rabat doivent parapher, le 4 octobre, un nouvel accord commercial \u00e9largi aux territoires du Sahara occidental. Une initiative soutenue par Copenhague mais qui heurte la jurisprudence de la Cour de justice de l\u2019Union europ\u00e9enne et alimente de vives r\u00e9serves parmi les juristes.<\/strong><\/p>\n<p>R\u00e9v\u00e9l\u00e9e par le m\u00e9dia d\u2019investigation <a href=\"https:\/\/danwatch.dk\/\" target=\"_blank\" rel=\"noopener\">Danwatch<\/a>, une note confidentielle du minist\u00e8re danois des affaires \u00e9trang\u00e8res atteste que l\u2019Union europ\u00e9enne et le Maroc s\u2019appr\u00eatent \u00e0 conclure, le 4 octobre, un nouvel accord commercial. Le texte, qui englobe les territoires du Sahara occidental, relance les interrogations sur sa conformit\u00e9 au droit europ\u00e9en<\/p>\n<p>Selon le document, Copenhague a d\u2019ores et d\u00e9j\u00e0 annonc\u00e9 son soutien. Le ministre danois des affaires \u00e9trang\u00e8res, Lars L\u00f8kke Rasmussen, a indiqu\u00e9 devant la Commission des affaires europ\u00e9ennes que son gouvernement voterait en faveur du projet, malgr\u00e9 les doutes exprim\u00e9s par plusieurs juristes. Ceux-ci rappellent que la <strong><a href=\"https:\/\/maghrebemergent.news\/fr\/la-cjue-annule-les-accords-commerciaux-ue-maroc-incluant-le-sahara-occidental\/\" target=\"_blank\" rel=\"noopener\">Cour de justice de l\u2019Union europ\u00e9enne (CJUE)<\/a><\/strong> avait annul\u00e9 en 2024 un pr\u00e9c\u00e9dent accord, jugeant que le Sahara constitue un \u00ab territoire distinct et non autonome \u00bb.<\/p>\n<p>Inspir\u00e9e de la mouture de 2019, la nouvelle version pr\u00e9voit l\u2019importation de produits issus du Sahara avec les m\u00eames pr\u00e9f\u00e9rences tarifaires que ceux du Maroc, sous supervision douani\u00e8re marocaine. Le texte met en avant un objectif de \u00ab d\u00e9veloppement durable \u00bb au b\u00e9n\u00e9fice du Sahara occidental, mais, selon plusieurs experts cit\u00e9s par Danwatch, les garanties de participation des Sahraouis \u00e0 la gestion de leurs ressources demeurent limit\u00e9es.<\/p>\n<p><strong>Vers un compromis fragile \u00e0 Bruxelles<\/strong><\/p>\n<p>Cette relance s\u2019articule aussi avec les discussions engag\u00e9es par la Commission europ\u00e9enne sur un retour de l\u2019accord de p\u00eache, suspendu fin 2024 apr\u00e8s une d\u00e9cision de la CJUE. D\u2019apr\u00e8s <strong><a href=\"https:\/\/www.euractiv.com\/news\/eu-scrambles-to-save-morocco-deal-with-controversial-western-sahara-clause\/\" target=\"_blank\" rel=\"noopener\">Euractiv<\/a><\/strong>, Bruxelles envisage un compromis : autoriser les exportations sahariennes sous un \u00e9tiquetage \u00ab Sahara occidental \u00bb, tout en les int\u00e9grant au r\u00e9gime douanier marocain. Les certificats d\u2019origine resteraient toutefois d\u00e9livr\u00e9s par Rabat, reflet d\u2019une volont\u00e9 de pr\u00e9server sa souverainet\u00e9.<\/p>\n<p>Rabat, de son c\u00f4t\u00e9, refuse toute distinction entre le Sahara et le reste de son territoire. Pour les autorit\u00e9s marocaines, un accord avec l\u2019Union ne peut avoir de sens que s\u2019il s\u2019applique \u00e0 l\u2019ensemble du pays. Cette position p\u00e8se d\u2019autant plus sur Bruxelles que la suspension de l\u2019accord de p\u00eache a d\u2019abord affect\u00e9 ses propres int\u00e9r\u00eats, l\u2019Union restant fortement tributaire des exportations agricoles et halieutiques en provenance du Maroc, rel\u00e8ve <a href=\"https:\/\/agenceurope.eu\/fr\/bulletin\/article\/13721\/15\" target=\"_blank\" rel=\"noopener\">Agence Europe<\/a>.<\/p>\n<p>Parall\u00e8lement, d\u2019autres partenaires, dont la Russie, renforcent leurs liens avec Rabat, tandis que le soutien am\u00e9ricain \u00e0 la souverainet\u00e9 marocaine sur le Sahara se r\u00e9affirme et que les investissements internationaux affluent dans le Sahara occidental.<\/p>\n<blockquote class=\"wp-block-quote is-layout-flow wp-block-quote-is-layout-flow\">\n<p>Dans ce contexte, le Maroc appara\u00eet en position de force. L\u2019Union europ\u00e9enne se retrouve contrainte de composer avec l\u2019exigence de sa propre Cour de justice, tout en cherchant \u00e0 pr\u00e9server des \u00e9changes agricoles et halieutiques devenus essentiels avec son partenaire du sud de la M\u00e9diterran\u00e9e.<\/p>\n<\/blockquote>\n","protected":false},"excerpt":{"rendered":"Bruxelles et Rabat doivent parapher, le 4 octobre, un nouvel accord commercial \u00e9largi aux territoires du Sahara occidental.&hellip;\n","protected":false},"author":2,"featured_media":434318,"comment_status":"","ping_status":"","sticky":false,"template":"","format":"standard","meta":{"footnotes":""},"categories":[1586],"tags":[11,1777,674,1779,1011,27,2223,12,25,3184,1778,364],"class_list":{"0":"post-434317","1":"post","2":"type-post","3":"status-publish","4":"format-standard","5":"has-post-thumbnail","7":"category-europe","8":"tag-actualites","9":"tag-eu","10":"tag-europe","11":"tag-european-union","12":"tag-fr","13":"tag-france","14":"tag-maroc","15":"tag-news","16":"tag-republique-francaise","17":"tag-sahara-occidental","18":"tag-ue","19":"tag-union-europeenne"},"share_on_mastodon":{"url":"https:\/\/pubeurope.com\/@fr\/115306043274693019","error":""},"_links":{"self":[{"href":"https:\/\/www.europesays.com\/fr\/wp-json\/wp\/v2\/posts\/434317","targetHints":{"allow":["GET"]}}],"collection":[{"href":"https:\/\/www.europesays.com\/fr\/wp-json\/wp\/v2\/posts"}],"about":[{"href":"https:\/\/www.europesays.com\/fr\/wp-json\/wp\/v2\/types\/post"}],"author":[{"embeddable":true,"href":"https:\/\/www.europesays.com\/fr\/wp-json\/wp\/v2\/users\/2"}],"replies":[{"embeddable":true,"href":"https:\/\/www.europesays.com\/fr\/wp-json\/wp\/v2\/comments?post=434317"}],"version-history":[{"count":0,"href":"https:\/\/www.europesays.com\/fr\/wp-json\/wp\/v2\/posts\/434317\/revisions"}],"wp:featuredmedia":[{"embeddable":true,"href":"https:\/\/www.europesays.com\/fr\/wp-json\/wp\/v2\/media\/434318"}],"wp:attachment":[{"href":"https:\/\/www.europesays.com\/fr\/wp-json\/wp\/v2\/media?parent=434317"}],"wp:term":[{"taxonomy":"category","embeddable":true,"href":"https:\/\/www.europesays.com\/fr\/wp-json\/wp\/v2\/categories?post=434317"},{"taxonomy":"post_tag","embeddable":true,"href":"https:\/\/www.europesays.com\/fr\/wp-json\/wp\/v2\/tags?post=434317"}],"curies":[{"name":"wp","href":"https:\/\/api.w.org\/{rel}","templated":true}]}}