{"id":434328,"date":"2025-10-02T18:48:11","date_gmt":"2025-10-02T18:48:11","guid":{"rendered":"https:\/\/www.europesays.com\/fr\/434328\/"},"modified":"2025-10-02T18:48:11","modified_gmt":"2025-10-02T18:48:11","slug":"dechirure-pour-boisson-qui-manquera-wuhan","status":"publish","type":"post","link":"https:\/\/www.europesays.com\/fr\/434328\/","title":{"rendered":"D\u00e9chirure pour Boisson, qui manquera Wuhan"},"content":{"rendered":"<p class=\"date\">\n                                                            Aur\u00e9lien Canot, Media365, publi\u00e9 le jeudi 02 octobre 2025 \u00e0 19h54\n                                                    <\/p>\n<p>Contrainte \u00e0 l&rsquo;abandon lundi contre Emma Navarro au 3e tour du tournoi de P\u00e9kin en raison d&rsquo;une blessure \u00e0 la cuisse gauche, Lo\u00efs Boisson a pass\u00e9 des examens qui ont r\u00e9v\u00e9l\u00e9 une d\u00e9chirure. La num\u00e9ro 1 fran\u00e7aise est forfait pour Wuhan, dernier WTA 1000 de la saison.<\/p>\n<p>Nouveau coup d&rsquo;arr\u00eat pour Lo\u00efs Boisson (22 ans). Bless\u00e9e en d\u00e9but de semaine \u00e0 P\u00e9kin, la num\u00e9ro 1 fran\u00e7aise manquera le dernier WTA 1000 de la saison. Lundi dernier, la Dijonnaise avait \u00e9t\u00e9 stopp\u00e9e dans son \u00e9lan face \u00e0 Emma Navarro au troisi\u00e8me tour du rendez-vous de la capitale chinoise alors que pour la premi\u00e8re fois de sa jeune carri\u00e8re, elle se retrouvait aussi loin dans un tournoi sur dur, de surcro\u00eet apr\u00e8s avoir croqu\u00e9 sur son parcours une joueuse du Top 50, en la personne de la Russe Liudmila Samsonova, 21e au classement, ce que Boisson n&rsquo;\u00e9tait l\u00e0 non plus jamais parvenu \u00e0 faire depuis ses d\u00e9buts.<\/p>\n<p>L&rsquo;h\u00e9ro\u00efne du dernier Roland-Garros, o\u00f9 elle avait atteint le dernier carr\u00e9 alors qu&rsquo;elle disputait le tournoi pour la premi\u00e8re fois de sa vie, r\u00eavait de r\u00e9aliser un nouvel exploit, lundi dernier contre Navarro. Touch\u00e9e \u00e0 la cuisse gauche lors de son premier match, contre la Hongroise Galfi, l&rsquo;ex-prot\u00e9g\u00e9e de Florian Reynet d\u00e9sormais entra\u00een\u00e9e par l&rsquo;Espagnol Carlos Martinez avait malheureusement \u00e9t\u00e9 forc\u00e9e de jeter l&rsquo;\u00e9ponge d\u00e8s le d\u00e9but du deuxi\u00e8me set (l&rsquo;Am\u00e9ricaine menait alors 6-2 et 1-0).<\/p>\n<p><strong>Fin de saison pour Boisson ?<\/strong><\/p>\n<p>Les examens pass\u00e9s dans la foul\u00e9e par la 41e mondiale ont r\u00e9v\u00e9l\u00e9 qu&rsquo;elle souffrait d&rsquo;une d\u00e9chirure au quadriceps. Un verdict qui a oblig\u00e9 la jeune Bourguignonne \u00e0 d\u00e9clarer forfait pour le tournoi de Wuhan (WTA 1000), qui d\u00e9butera lundi prochain, toujours en Chine. Boisson, qui a annonc\u00e9 ce coup dur sur ses r\u00e9seaux sociaux jeudi, esp\u00e8re n\u00e9anmoins que cette blessure ne l&rsquo;am\u00e8nera pas \u00e9galement \u00e0 tirer un trait sur toute la fin de saison.<\/p>\n<p>\u00ab\u00a0Les examens que j&rsquo;ai pass\u00e9s apr\u00e8s mon 3e tour \u00e0 P\u00e9kin ont montr\u00e9 une d\u00e9chirure au quadriceps gauche. Je vais tout faire au mieux pour pouvoir jouer encore des tournois en 2025\u00a0\u00bb, a d\u00e9clar\u00e9 la demi-finaliste Porte d&rsquo;Auteuil de juin dernier, qui pourrait reculer au classement alors que la sp\u00e9cialiste de terre battue venait de signer son meilleur r\u00e9sultat sur dur.<\/p>\n","protected":false},"excerpt":{"rendered":"Aur\u00e9lien Canot, Media365, publi\u00e9 le jeudi 02 octobre 2025 \u00e0 19h54 Contrainte \u00e0 l&rsquo;abandon lundi contre Emma Navarro&hellip;\n","protected":false},"author":2,"featured_media":434329,"comment_status":"","ping_status":"","sticky":false,"template":"","format":"standard","meta":{"footnotes":""},"categories":[1415],"tags":[1011,27,60,1467],"class_list":{"0":"post-434328","1":"post","2":"type-post","3":"status-publish","4":"format-standard","5":"has-post-thumbnail","7":"category-tennis","8":"tag-fr","9":"tag-france","10":"tag-sports","11":"tag-tennis"},"share_on_mastodon":{"url":"https:\/\/pubeurope.com\/@fr\/115306070188906137","error":""},"_links":{"self":[{"href":"https:\/\/www.europesays.com\/fr\/wp-json\/wp\/v2\/posts\/434328","targetHints":{"allow":["GET"]}}],"collection":[{"href":"https:\/\/www.europesays.com\/fr\/wp-json\/wp\/v2\/posts"}],"about":[{"href":"https:\/\/www.europesays.com\/fr\/wp-json\/wp\/v2\/types\/post"}],"author":[{"embeddable":true,"href":"https:\/\/www.europesays.com\/fr\/wp-json\/wp\/v2\/users\/2"}],"replies":[{"embeddable":true,"href":"https:\/\/www.europesays.com\/fr\/wp-json\/wp\/v2\/comments?post=434328"}],"version-history":[{"count":0,"href":"https:\/\/www.europesays.com\/fr\/wp-json\/wp\/v2\/posts\/434328\/revisions"}],"wp:featuredmedia":[{"embeddable":true,"href":"https:\/\/www.europesays.com\/fr\/wp-json\/wp\/v2\/media\/434329"}],"wp:attachment":[{"href":"https:\/\/www.europesays.com\/fr\/wp-json\/wp\/v2\/media?parent=434328"}],"wp:term":[{"taxonomy":"category","embeddable":true,"href":"https:\/\/www.europesays.com\/fr\/wp-json\/wp\/v2\/categories?post=434328"},{"taxonomy":"post_tag","embeddable":true,"href":"https:\/\/www.europesays.com\/fr\/wp-json\/wp\/v2\/tags?post=434328"}],"curies":[{"name":"wp","href":"https:\/\/api.w.org\/{rel}","templated":true}]}}