{"id":434330,"date":"2025-10-02T18:50:10","date_gmt":"2025-10-02T18:50:10","guid":{"rendered":"https:\/\/www.europesays.com\/fr\/434330\/"},"modified":"2025-10-02T18:50:10","modified_gmt":"2025-10-02T18:50:10","slug":"motogp-indonesie-joan-mir-surmotive-je-ne-vois-pas-pourquoi-on-ne-pourrait-pas-reiterer-notre-performance-du-japon","status":"publish","type":"post","link":"https:\/\/www.europesays.com\/fr\/434330\/","title":{"rendered":"MotoGP, Indon\u00e9sie, Joan Mir surmotiv\u00e9 : \u00ab\u00a0Je ne vois pas pourquoi on ne pourrait pas r\u00e9it\u00e9rer notre performance du Japon\u00a0\u00bb"},"content":{"rendered":"<p><strong>Sur un nuage depuis le week-end dernier, Joan Mir estime<br \/>\nque la Honda a d\u00e9sormais le potentiel pour refaire des<br \/>\npodiums.<\/strong><\/p>\n<p><strong>Joan Mir<\/strong> est-il enfin parvenu \u00e0 sortir de la<br \/>\nspirale n\u00e9gative dans laquelle il \u00e9tait enferm\u00e9 ? Depuis son<br \/>\narriv\u00e9e chez Honda, le pilote espagnol est en effet descendu dans<br \/>\nle fond du classement, en plus d\u2019encha\u00eener les chutes. Rien que<br \/>\ncette saison, il a chut\u00e9 \u00e0 13 reprises et a d\u00e9clar\u00e9 forfait deux<br \/>\nfois sur les 34 courses disput\u00e9es. Cela fait presque un r\u00e9sultat<br \/>\nblanc une course sur deux. En plus de ses erreurs personnelles, il<br \/>\na \u00e9t\u00e9 percut\u00e9 \u00e0 plusieurs reprises par d\u2019autres pilotes,<br \/>\nl\u2019entra\u00eenant toujours plus bas.<\/p>\n<p>Mais au Japon le week-end dernier, <strong>Mir<\/strong> a enfin<br \/>\nrefait surface. Toutes les plan\u00e8tes se sont align\u00e9es, et il est<br \/>\nall\u00e9 <a href=\"https:\/\/www.paddock-gp.com\/motogp-japon-course-joan-mir-honda-3-a-chaud\/\" target=\"_blank\" rel=\"noopener nofollow\">chercher un podium<\/a>, en plus<br \/>\nd\u2019avoir termin\u00e9 quatri\u00e8me de la course sprint et de s\u2019\u00eatre qualifi\u00e9<br \/>\nen premi\u00e8re ligne. Forc\u00e9ment, la motivation est \u00e0 son maximum et il<br \/>\nne souhaite qu\u2019une chose : recommencer.<\/p>\n<p>\u00ab\u00a0On arrive clairement dans une bonne dynamique et j\u2019ai<br \/>\nvraiment h\u00e2te de reprendre le travail avec l\u2019\u00e9quipe. Le Japon nous<br \/>\na montr\u00e9 ce qu\u2019on \u00e9tait en mesure de faire quand on aligne tout, et<br \/>\n\u00e7a a prouv\u00e9 l\u2019efficacit\u00e9 de notre travail acharn\u00e9. L\u2019objectif de ce<br \/>\nweek-end est clair : r\u00e9it\u00e9rer notre performance du Japon et<br \/>\ncontinuer \u00e0 nous battre aux avant-postes. Je ne vois pas pourquoi<br \/>\non ne pourrait pas le refaire. Au Japon on a montr\u00e9 qu\u2019on \u00e9tait en<br \/>\nmesure de d\u00e9crocher un bon r\u00e9sultat\u00a0\u00bb, a-t-il<br \/>\nd\u00e9clar\u00e9.<\/p>\n<p><img loading=\"lazy\" decoding=\"async\" class=\"aligncenter size-full wp-image-1334912\" src=\"https:\/\/www.europesays.com\/fr\/wp-content\/uploads\/2025\/10\/68d8eed382bd12.69466068.jpg\" alt=\"Joan Mir\" width=\"800\" height=\"533\"  \/><\/p>\n<p>\u00ab\u00a0Ici \u00e0 Mandalika le circuit est tr\u00e8s diff\u00e9rent et je<br \/>\nreconnais que ce n\u2019est pas mon trac\u00e9 pr\u00e9f\u00e9r\u00e9 mais je pense que<br \/>\nmaintenant on a une moto comp\u00e9titive. Je crois que, contrairement \u00e0<br \/>\navant, d\u00e9sormais il n\u2019y a rien qu\u2019on ne puisse pas faire, on a un<br \/>\npackage compl\u00e8tement diff\u00e9rent. Il me permet de me sentir<br \/>\ncomp\u00e9titif sur des points sur lesquels je n\u2019arrivais pas \u00e0 l\u2019\u00eatre<br \/>\navant. C\u2019est certain que c\u2019est difficile de faire des pr\u00e9visions<br \/>\npour le moment et que le week-end reste un point d\u2019interrogation.<br \/>\nOn va essayer de bien commencer le week-end lors des premiers tours<br \/>\nd\u2019essais en \u00e9vitant de faire des erreurs qui nous g\u00e2cheraient le<br \/>\nvendredi.\u00a0\u00bb<\/p>\n<p><strong>Mir<\/strong> reste toutefois conscient de la r\u00e9alit\u00e9 de<br \/>\nsa saison et du niveau de ses concurrents, mais esp\u00e8re, \u00e0 d\u00e9faut de<br \/>\nremonter sur le podium, au moins terminer l\u2019ann\u00e9e en \u00e9tant de<br \/>\nretour aux avant-postes.<\/p>\n<p>\u00ab\u00a0Je ne dis pas qu\u2019on va se battre pour le podium \u00e0<br \/>\nchaque course, parce que c\u2019est compliqu\u00e9, mais \u00e7a sera important de<br \/>\nmaintenir cette r\u00e9gularit\u00e9. L\u2019objectif est d\u2019\u00eatre dans une spirale<br \/>\npositive qui me permette de bien terminer la saison, de fa\u00e7on \u00e0<br \/>\nbien commencer la suivante, en plus des nouveaut\u00e9s qui<br \/>\narriveront\u00a0\u00bb, a-t-il conclu.<\/p>\n","protected":false},"excerpt":{"rendered":"Sur un nuage depuis le week-end dernier, Joan Mir estime que la Honda a d\u00e9sormais le potentiel pour&hellip;\n","protected":false},"author":2,"featured_media":434331,"comment_status":"","ping_status":"","sticky":false,"template":"","format":"standard","meta":{"footnotes":""},"categories":[1413],"tags":[1011,27,1457,1456,60],"class_list":{"0":"post-434330","1":"post","2":"type-post","3":"status-publish","4":"format-standard","5":"has-post-thumbnail","7":"category-moto","8":"tag-fr","9":"tag-france","10":"tag-moto","11":"tag-motocycle","12":"tag-sports"},"share_on_mastodon":{"url":"https:\/\/pubeurope.com\/@fr\/115306078815272699","error":""},"_links":{"self":[{"href":"https:\/\/www.europesays.com\/fr\/wp-json\/wp\/v2\/posts\/434330","targetHints":{"allow":["GET"]}}],"collection":[{"href":"https:\/\/www.europesays.com\/fr\/wp-json\/wp\/v2\/posts"}],"about":[{"href":"https:\/\/www.europesays.com\/fr\/wp-json\/wp\/v2\/types\/post"}],"author":[{"embeddable":true,"href":"https:\/\/www.europesays.com\/fr\/wp-json\/wp\/v2\/users\/2"}],"replies":[{"embeddable":true,"href":"https:\/\/www.europesays.com\/fr\/wp-json\/wp\/v2\/comments?post=434330"}],"version-history":[{"count":0,"href":"https:\/\/www.europesays.com\/fr\/wp-json\/wp\/v2\/posts\/434330\/revisions"}],"wp:featuredmedia":[{"embeddable":true,"href":"https:\/\/www.europesays.com\/fr\/wp-json\/wp\/v2\/media\/434331"}],"wp:attachment":[{"href":"https:\/\/www.europesays.com\/fr\/wp-json\/wp\/v2\/media?parent=434330"}],"wp:term":[{"taxonomy":"category","embeddable":true,"href":"https:\/\/www.europesays.com\/fr\/wp-json\/wp\/v2\/categories?post=434330"},{"taxonomy":"post_tag","embeddable":true,"href":"https:\/\/www.europesays.com\/fr\/wp-json\/wp\/v2\/tags?post=434330"}],"curies":[{"name":"wp","href":"https:\/\/api.w.org\/{rel}","templated":true}]}}