{"id":434332,"date":"2025-10-02T18:51:22","date_gmt":"2025-10-02T18:51:22","guid":{"rendered":"https:\/\/www.europesays.com\/fr\/434332\/"},"modified":"2025-10-02T18:51:22","modified_gmt":"2025-10-02T18:51:22","slug":"tod-von-claudio-lombardi-dem-fuhrenden-rallye-ingenieur-von-lancia","status":"publish","type":"post","link":"https:\/\/www.europesays.com\/fr\/434332\/","title":{"rendered":"Tod von Claudio Lombardi, dem f\u00fchrenden Rallye-Ingenieur von Lancia"},"content":{"rendered":"<p>Sein Facebook-Profilbild war unter all den gleichnamigen Profilen unverwechselbar. Es war eine treibende Kraft, die gro\u00dfe Liebe des Lebens von Claudio Lombardi, der diesen Donnerstag, den 2. Oktober 2025, im Alter von 83 Jahren verstarb.<\/p>\n<p class=\"gt-block\">Der italienische Ingenieur studierte Mechanik an der Universit\u00e4t Bologna, bevor er 1967 von Fiat in die Forschungsabteilung in Turin berufen wurde. In diesem traditionsreichen Werk konnte er seiner Kreativit\u00e4t freien Lauf lassen, insbesondere in den verschiedenen Wettbewerbsprogrammen des transalpinen Flaggschiffs. Neben Cesare Fiorio und Sergio Limone wurde er in die Abteilung Squadra Corse HF bef\u00f6rdert. <a href=\"https:\/\/fr.wikipedia.org\/wiki\/Scuderia_Lancia\" rel=\"nofollow noopener\" target=\"_blank\">Lancia<\/a> als Technischer Direktor seit 1975.\u00a0<\/p>\n<p class=\"gt-block\">Es war eine goldene \u00c4ra f\u00fcr die Marke. Er leitete die Kreation und Entwicklung legend\u00e4rer Modelle, vom aufgeladenen Lancia Rally 037 \u00fcber den unschlagbaren Delta Gruppe A bis hin zum monstr\u00f6sen S4 Gruppe B und den Prototypen in <a href=\"https:\/\/www.autohebdo.de\/Nachrichten\/Ausdauer\" data-internallinksmanager029f6b8e52c=\"55\" title=\"Ausdauer\" rel=\"nofollow noopener\" target=\"_blank\">Ausdauer<\/a>In der Rallye-Weltmeisterschaft gewannen die von Claudio Lombardi entwickelten Lancias 7 Konstrukteurstitel (037 und Delta) sowie 4 Fahrertitel (Juha Kankkunen und Massimo Biasion zwischen 1987 und 1991).\u00a0<\/p>\n<\/p>\n<p>Ein unvergesslicher V12-Motor bei Ferrari<\/p>\n<p class=\"gt-block\">Ein k\u00fcrzerer Teil seiner Karriere fand in <a href=\"https:\/\/www.autohebdo.de\/Nachrichten\/f1\" data-internallinksmanager029f6b8e52c=\"1\" title=\"F1\" rel=\"nofollow noopener\" target=\"_blank\">Formule 1<\/a>. Als Cesare Fiorio ihn einlud, mit ihm an der <a href=\"https:\/\/www.autohebdo.de\/Nachrichten\/stabil\/Ferrari\" data-internallinksmanager029f6b8e52c=\"74\" title=\"Ferrari\" rel=\"nofollow noopener\" target=\"_blank\">Stabil<\/a> Ferrari im Jahr 1989, Claudio Lombardi nahm den Transfer als Ingenieur an. Eine Bef\u00f6rderung erwartete ihn 1991 mit dem Weggang von Fiorio. Nachdem er im Juni 1991 Teammanager geworden war, hatte der Ingenieur Schwierigkeiten, sich in dieser Position einzuleben, die nicht seinen Gewohnheiten entsprach. In einer Saison, in der Ferraris Wettbewerbsf\u00e4higkeit nachlie\u00df, war die Beziehung zum Anf\u00fchrer <a href=\"https:\/\/www.autohebdo.de\/pilote\/f1\/alain-prost\" data-internallinksmanager029f6b8e52c=\"21\" title=\"Alain Prost\" rel=\"nofollow noopener\" target=\"_blank\">Alain Prost<\/a> wird unhaltbar und der Franzose wird vor dem Ende des Kalenderjahres entlassen. Gleichzeitig k\u00fcndigt der Fiat-Konzern die R\u00fcckkehr von Luca di Montezemolo als Pr\u00e4sident von Ferrari an. Er beschlie\u00dft, dass Claudio Lombardi auf die \u201eeinfache\u201c Position des technischen Direktors zur\u00fcckkehren muss, w\u00e4hrend die sportliche Leitung Sante Ghedini vorbehalten bleibt.\u00a0<\/p>\n<p>Im Sommer 1992 zwang die Verpflichtung von John Barnard Lombardi, sich auf die Motorenabteilung zu konzentrieren. Dort entwickelte er die Grundlage f\u00fcr den V12-Motor, der bis Ende 1995 in der Formel 1 zum Einsatz kommen sollte. Doch als Jean Alesi 1995 den Gro\u00dfen Preis von Kanada gewann, hatte Claudio Lombardi das F1-Fahrerlager bereits verlassen. 1994 f\u00fchrte eine weitere Umstrukturierung zu Lombardis Abgang aus der Formel 1 und f\u00fchrte ihn ins GT-Programm der Marke.<\/p>\n<p><img fetchpriority=\"high\" decoding=\"async\" aria-describedby=\"caption-attachment-636036\" class=\"wp-image-636036\" src=\"https:\/\/www.europesays.com\/fr\/wp-content\/uploads\/2025\/10\/DPPI_09011032_010.jpg\" alt=\"\" width=\"650\" height=\"433\"  \/><\/p>\n<p id=\"caption-attachment-636036\" class=\"wp-caption-text\">Gerhard Bergers Ferrari 412T1B auf dem Weg zum Sieg beim GP von Deutschland 1994. Foto: DPPI<\/p>\n<p class=\"gt-block\">Zuletzt arbeitete er als freiberuflicher Mitarbeiter f\u00fcr Aprilia an der Entwicklung des 65-Grad-V4-Motors f\u00fcr die RSV4, ein Motorrad, das Anfang der 2010er-Jahre zum Flaggschiff der Superbike-Weltmeisterschaft wurde und Titel f\u00fcr den Italiener Max Biaggi und den Franzosen Sylvain Guintoli brachte. Dar\u00fcber hinaus engagierte er sich bis Anfang der 2020er-Jahre in der Lokalpolitik und setzte sich f\u00fcr Umweltschutz ein.\u00a0<\/p>\n<p>AUTOhebdo spricht seiner Familie und seinen Angeh\u00f6rigen sein aufrichtiges Beileid aus.<\/p>\n<p class=\"gt-block\"><strong>LESEN SIE AUCH &gt; <a href=\"https:\/\/www.autohebdo.de\/kurz\/klassisch\/Tod-von-Georges-Gachnang.html\" rel=\"nofollow noopener\" target=\"_blank\">Tod von Georges Gachnang<\/a><\/strong><\/p>\n","protected":false},"excerpt":{"rendered":"Sein Facebook-Profilbild war unter all den gleichnamigen Profilen unverwechselbar. Es war eine treibende Kraft, die gro\u00dfe Liebe des&hellip;\n","protected":false},"author":2,"featured_media":434333,"comment_status":"","ping_status":"","sticky":false,"template":"","format":"standard","meta":{"footnotes":""},"categories":[1412],"tags":[56203,25891,1451,2251,1452,1453,1454,1455,1011,27,56204,56205,5207,60],"class_list":{"0":"post-434332","1":"post","2":"type-post","3":"status-publish","4":"format-standard","5":"has-post-thumbnail","7":"category-f1","8":"tag-claudio-lombardi","9":"tag-delta","10":"tag-f1","11":"tag-ferrari","12":"tag-formula-1","13":"tag-formula1","14":"tag-formule-1","15":"tag-formule1","16":"tag-fr","17":"tag-france","18":"tag-groupe-b","19":"tag-lancia","20":"tag-moteur","21":"tag-sports"},"share_on_mastodon":{"url":"https:\/\/pubeurope.com\/@fr\/115306082205904878","error":""},"_links":{"self":[{"href":"https:\/\/www.europesays.com\/fr\/wp-json\/wp\/v2\/posts\/434332","targetHints":{"allow":["GET"]}}],"collection":[{"href":"https:\/\/www.europesays.com\/fr\/wp-json\/wp\/v2\/posts"}],"about":[{"href":"https:\/\/www.europesays.com\/fr\/wp-json\/wp\/v2\/types\/post"}],"author":[{"embeddable":true,"href":"https:\/\/www.europesays.com\/fr\/wp-json\/wp\/v2\/users\/2"}],"replies":[{"embeddable":true,"href":"https:\/\/www.europesays.com\/fr\/wp-json\/wp\/v2\/comments?post=434332"}],"version-history":[{"count":0,"href":"https:\/\/www.europesays.com\/fr\/wp-json\/wp\/v2\/posts\/434332\/revisions"}],"wp:featuredmedia":[{"embeddable":true,"href":"https:\/\/www.europesays.com\/fr\/wp-json\/wp\/v2\/media\/434333"}],"wp:attachment":[{"href":"https:\/\/www.europesays.com\/fr\/wp-json\/wp\/v2\/media?parent=434332"}],"wp:term":[{"taxonomy":"category","embeddable":true,"href":"https:\/\/www.europesays.com\/fr\/wp-json\/wp\/v2\/categories?post=434332"},{"taxonomy":"post_tag","embeddable":true,"href":"https:\/\/www.europesays.com\/fr\/wp-json\/wp\/v2\/tags?post=434332"}],"curies":[{"name":"wp","href":"https:\/\/api.w.org\/{rel}","templated":true}]}}