{"id":434338,"date":"2025-10-02T18:54:14","date_gmt":"2025-10-02T18:54:14","guid":{"rendered":"https:\/\/www.europesays.com\/fr\/434338\/"},"modified":"2025-10-02T18:54:14","modified_gmt":"2025-10-02T18:54:14","slug":"que-se-passe-t-il-avec-cara-delevingne-a-paris","status":"publish","type":"post","link":"https:\/\/www.europesays.com\/fr\/434338\/","title":{"rendered":"que se passe-t-il avec Cara Delevingne \u00e0 Paris ?"},"content":{"rendered":"<p>Depuis quelques jours, l\u2019actrice et mannequin britannique multiplie les apparitions \u00e0 la Fashion Week de Paris. Mais loin de ravir ses fans, certaines de ses attitudes interpellent et font vivement r\u00e9agir sur les r\u00e9seaux sociaux.<\/p>\n<p class=\"fig-paragraph\">La\u00a0<a href=\"http:\/\/madame.lefigaro.fr\/style\/news\/l-arnaqueuse-anna-delvey-defile-a-la-fashion-week-de-new-york-en-lingerie-et-bracelet-electronique-20250918\" target=\"_blank\" data-fig-type=\"Article\" rel=\"noopener\" data-gtm-custom-categorie=\"navigation\" data-gtm-custom-action=\"crossclick\" data-gtm-custom-label=\"Contextuel\" data-gtm-event=\"customEventSPE\" data-fig-domain=\"MADAME\">Fashion Week<\/a>\u00a0bat son plein \u00e0 Paris. Depuis le 29 septembre, un cort\u00e8ge de stars s\u2019affiche quotidiennement au premier rang des d\u00e9fil\u00e9s, et cela, jusqu\u2019au 7 octobre. Le 30 septembre, c\u2019\u00e9tait au tour de\u00a0<a href=\"http:\/\/madame.lefigaro.fr\/style\/news\/la-reapparition-de-johnny-depp-au-defile-stella-mccartney-20251001\" target=\"_blank\" data-fig-type=\"Article\" rel=\"noopener\" data-gtm-custom-categorie=\"navigation\" data-gtm-custom-action=\"crossclick\" data-gtm-custom-label=\"Contextuel\" data-gtm-event=\"customEventSPE\" data-fig-domain=\"MADAME\">Stella McCartney<\/a>\u00a0de d\u00e9voiler sa collection printemps-\u00e9t\u00e9 2026. Parmi les invit\u00e9s, on comptait Cara Delevingne. Mais ce qui aurait d\u00fb \u00eatre une entr\u00e9e remarqu\u00e9e s\u2019est transform\u00e9 en sc\u00e8ne pour le moins embarrassante. \u00c0 son arriv\u00e9e sur le lieu du d\u00e9fil\u00e9, elle s\u2019est avanc\u00e9e en t\u00eate de file, mais l\u2019h\u00f4tesse charg\u00e9e de scanner les entr\u00e9es ne l\u2019a pas reconnue. Elle l\u2019a ignor\u00e9e, demandant aux invit\u00e9s de pr\u00e9senter leur QR code. La raison\u00a0? Sans doute son visage dissimul\u00e9 derri\u00e8re des lunettes de soleil oversize.<\/p>\n<p class=\"fig-paragraph\">Agac\u00e9e, Cara Delevingne a finalement soulev\u00e9 ses lunettes de soleil pour prouver son identit\u00e9. \u00abOh, d\u00e9sol\u00e9e. Ok\u00bb, a r\u00e9pondu la femme, la laissant entrer. L\u2019actrice a alors avanc\u00e9 et, bien qu\u2019encore visiblement contrari\u00e9e par la situation, a tout de m\u00eame r\u00e9torqu\u00e9 \u00abmerci\u00bb. Ce petit\u00a0<a href=\"http:\/\/madame.lefigaro.fr\/beaute\/cheveux\/ce-n-est-pas-marrant-l-incident-de-tondeuse-de-david-beckham-20250721\" target=\"_blank\" data-fig-type=\"Article\" rel=\"noopener\" data-gtm-custom-categorie=\"navigation\" data-gtm-custom-action=\"crossclick\" data-gtm-custom-label=\"Contextuel\" data-gtm-event=\"customEventSPE\" data-fig-domain=\"MADAME\">incident<\/a>, a priori anodin, n\u2019est pas pass\u00e9 inaper\u00e7u. Sa r\u00e9action, jug\u00e9e froide et hautaine, a surpris ceux qui \u00e9taient pr\u00e9sents sur place.<\/p>\n<p class=\"fig-body-link&#10;    \">\n            \u00c0 lire aussi<br \/>\n        <a class=\"fig-body-link__link\" href=\"https:\/\/madame.lefigaro.fr\/defiles\/stella-mccartney\/printemps-ete-2026\/pret-a-porter\/defile-stella-mccartney-pret-a-porter-printemps-ete-2026-20250910\" target=\"_blank\" data-fig-type=\"Article\" rel=\"noopener\" data-gtm-custom-categorie=\"navigation\" data-gtm-custom-action=\"crossclick\" data-gtm-custom-label=\"Contextuel\" data-gtm-event=\"customEventSPE\" data-fig-domain=\"MADAME\">D\u00e9fil\u00e9 &#8211; Stella mccartney &#8211; Pr\u00eat \u00e0 porter Printemps-Et\u00e9 2026<\/a>\n<\/p>\n<p>                                    <a class=\"fig-a11y-skip a11y-hidden\" href=\"#fig-a11y-skip-main-inarticle\"><br \/>\n        Passer la publicit\u00e9<br \/>\n    <\/a><\/p>\n<p>\u00abElle aurait pu en rire\u00bb<\/p>\n<p class=\"fig-paragraph\">Relay\u00e9e sur les r\u00e9seaux sociaux, la sc\u00e8ne a d\u00e9cha\u00een\u00e9 les critiques, jug\u00e9e par beaucoup comme disproportionn\u00e9e. Beaucoup d\u2019internautes ont d\u00e9nonc\u00e9 une attitude hautaine, regrettant que la\u00a0<a href=\"http:\/\/madame.lefigaro.fr\/celebrites\/musique\/qui-est-lola-young-24-ans-la-pop-star-de-tiktok-comparee-a-amy-winehouse-dont-la-sante-mentale-inquiete-les-fans-20251001\" target=\"_blank\" data-fig-type=\"Article\" rel=\"noopener\" data-gtm-custom-categorie=\"navigation\" data-gtm-custom-action=\"crossclick\" data-gtm-custom-label=\"Contextuel\" data-gtm-event=\"customEventSPE\" data-fig-domain=\"MADAME\">star\u00a0<\/a>n\u2019ait pas pris la situation avec plus de l\u00e9g\u00e8ret\u00e9. \u00abElle n\u2019\u00e9tait pas oblig\u00e9e de r\u00e9agir comme \u00e7a, elle aurait pu en rire\u00bb, \u00e9crit un internaute. D\u2019autres ironisent\u00a0: \u00abQuelle honte d\u2019attendre deux secondes dans sa vie, c\u2019est tellement superficiel ce monde\u00bb, ou encore\u00a0: \u00abPour qui elle se prend\u00a0? Bien fait si on ne l\u2019a pas reconnue, \u00e7a fait descendre son ego.\u00bb Si certains fans d\u00e9fendent la star en affirmant qu\u2019elle a seulement \u00e9t\u00e9 prise de court, la majorit\u00e9 y voit un comportement de \u00abdiva\u00bb qui ternit son image pourtant r\u00e9guli\u00e8rement salu\u00e9e pour son humour et son c\u00f4t\u00e9 d\u00e9cal\u00e9.<\/p>\n<p class=\"fig-paragraph\">L\u2019histoire ne s\u2019arr\u00eate pas l\u00e0. Le soir m\u00eame, la jeune femme de 33 ans a \u00e9t\u00e9 aper\u00e7ue quittant le restaurant Costes, dans le 1er arrondissement de Paris, en compagnie de son amie\u00a0<a href=\"http:\/\/madame.lefigaro.fr\/celebrites\/actu-people\/pourquoi-kylie-et-kendall-jenner-ont-fini-par-refuser-d-assister-au-mariage-de-leur-frere-pour-le-bien-de-tous-20250715\" target=\"_blank\" data-fig-type=\"Article\" rel=\"noopener\" data-gtm-custom-categorie=\"navigation\" data-gtm-custom-action=\"crossclick\" data-gtm-custom-label=\"Contextuel\" data-gtm-event=\"customEventSPE\" data-fig-domain=\"MADAME\">Kendall Jenner<\/a>. \u00c0 la sortie, une foule de fans et de photographes s\u2019\u00e9tait mass\u00e9e, attendant de d\u00e9crocher un clich\u00e9 ou un autographe. Tr\u00e8s vite, le mouvement a d\u00e9g\u00e9n\u00e9r\u00e9\u00a0: sous la pression, la fondatrice de la marque de tequila 818 s\u2019est fait attraper le bras par une admiratrice insistant pour obtenir une photo. Loin d\u2019apaiser la situation, la star, d\u00e9j\u00e0 apparue peu enthousiaste tout au long de la soir\u00e9e, a \u00e9clat\u00e9. Visiblement exc\u00e9d\u00e9e, elle a cri\u00e9 \u00e0 la foule\u00a0: \u00abLes gars, d\u00e9gagez\u00a0!\u00bb, avant de s\u2019engouffrer rapidement dans son v\u00e9hicule.<\/p>\n<p>Un jeu de r\u00f4le\u00a0?<\/p>\n<p class=\"fig-paragraph\">Autre accroc la veille, le 29 septembre, sur le parvis v\u00e9g\u00e9talis\u00e9 de l\u2019H\u00f4tel de Ville qui accueillait la 8e \u00e9dition du\u00a0<a href=\"http:\/\/madame.lefigaro.fr\/beaute\/quel-est-ce-produit-a-utiliser-tous-les-jours-pour-vieillir-le-moins-possible-selon-le-dg-du-groupe-l-oreal-20251001\" data-fig-type=\"Article\" data-gtm-custom-categorie=\"navigation\" data-gtm-custom-action=\"crossclick\" data-gtm-custom-label=\"Contextuel\" data-gtm-event=\"customEventSPE\" data-fig-domain=\"MADAME\" target=\"_blank\" rel=\"noopener\">L\u2019Or\u00e9al<\/a>. Pour l\u2019occasion, le mannequin a foul\u00e9 le podium de la marque aux c\u00f4t\u00e9s\u00a0<a href=\"http:\/\/madame.lefigaro.fr\/beaute\/beaute-star\/andie-macdowell-defiler-a-mon-age-c-est-representer-les-femmes-en-bonne-sante-et-non-anorexiques-20250930\" data-fig-type=\"Article\" data-gtm-custom-categorie=\"navigation\" data-gtm-custom-action=\"crossclick\" data-gtm-custom-label=\"Contextuel\" data-gtm-event=\"customEventSPE\" data-fig-domain=\"MADAME\" target=\"_blank\" rel=\"noopener\">d\u2019Andie MacDowell<\/a>, Viola Davis, Jane Fonda ou encore Kendall Jenner, qui a cl\u00f4tur\u00e9 le show dans une longue robe blanche. Ce passage a, l\u00e0 encore, suscit\u00e9 de vives r\u00e9actions. En cause\u00a0: son interaction avec\u00a0<a href=\"http:\/\/madame.lefigaro.fr\/celebrites\/actu-people\/eva-longoria-zinedine-zidane-jeff-bezos-et-lauren-sanchez-ces-celebrites-apercues-en-france-cet-ete-20250822\" target=\"_blank\" data-fig-type=\"Article\" rel=\"noopener\" data-gtm-custom-categorie=\"navigation\" data-gtm-custom-action=\"crossclick\" data-gtm-custom-label=\"Contextuel\" data-gtm-event=\"customEventSPE\" data-fig-domain=\"MADAME\">Eva Longoria<\/a>, venue lancer son entr\u00e9e sur le podium. La Britannique l\u2019a interpell\u00e9e sur un ton faussement agac\u00e9 &#8211; \u00abEva\u00a0!? Allez\u00a0!\u00bb, \u00abQu\u2019est-ce que tu fais\u00a0?!\u00bb &#8211; dans une petite mise en sc\u00e8ne cens\u00e9e faire sourire le public. M\u00eame si cette fausse altercation \u00e9tait jou\u00e9e, le geste s\u2019est inscrit dans la continuit\u00e9 de l\u2019image qu\u2019elle renvoie depuis quelques jours.<\/p>\n<p class=\"fig-paragraph\">L\u2019accumulation de sc\u00e8nes tendues, ces derniers temps, surprend donc bon nombre de ses\u00a0<a href=\"http:\/\/madame.lefigaro.fr\/celebrites\/actu-people\/c-est-un-aveugle-qui-l-a-faite-une-statue-hommage-a-tina-turner-provoque-l-indignation-des-fans-de-la-chanteuse-20251002\" target=\"_blank\" data-fig-type=\"Article\" rel=\"noopener\" data-gtm-custom-categorie=\"navigation\" data-gtm-custom-action=\"crossclick\" data-gtm-custom-label=\"Contextuel\" data-gtm-event=\"customEventSPE\" data-fig-domain=\"MADAME\">fans<\/a>, qui disent avoir du mal \u00e0 reconna\u00eetre \u00ableur\u00bb Cara. Mais au fond, ces fa\u00e7ons rock\u2019n\u2019roll ne sont-elles pas raccord avec son personnage de rebelle de la mode\u00a0? C\u2019est en effet son attitude volontairement irr\u00e9v\u00e9rencieuse qui l\u2019a hiss\u00e9 au rang d\u2019<a href=\"http:\/\/madame.lefigaro.fr\/style\/news\/london-calling-kate-moss-sienna-miller-alexa-chung-et-les-icones-anglaises-reunies-le-temps-d-une-party-20250905\" target=\"_blank\" data-fig-type=\"Article\" rel=\"noopener\" data-gtm-custom-categorie=\"navigation\" data-gtm-custom-action=\"crossclick\" data-gtm-custom-label=\"Contextuel\" data-gtm-event=\"customEventSPE\" data-fig-domain=\"MADAME\">ic\u00f4ne<\/a>, et a longtemps s\u00e9duit tout comme son humour anglais et son c\u00f4t\u00e9 \u00abfun\u00bb.<\/p>\n","protected":false},"excerpt":{"rendered":"Depuis quelques jours, l\u2019actrice et mannequin britannique multiplie les apparitions \u00e0 la Fashion Week de Paris. Mais loin&hellip;\n","protected":false},"author":2,"featured_media":434339,"comment_status":"","ping_status":"","sticky":false,"template":"","format":"standard","meta":{"footnotes":""},"categories":[1359],"tags":[56206,58,59,992,1011,27,626,973],"class_list":{"0":"post-434338","1":"post","2":"type-post","3":"status-publish","4":"format-standard","5":"has-post-thumbnail","7":"category-people","8":"tag-cara-delevingne","9":"tag-divertissement","10":"tag-entertainment","11":"tag-fashion-week","12":"tag-fr","13":"tag-france","14":"tag-paris","15":"tag-people"},"share_on_mastodon":{"url":"https:\/\/pubeurope.com\/@fr\/115306093925695238","error":""},"_links":{"self":[{"href":"https:\/\/www.europesays.com\/fr\/wp-json\/wp\/v2\/posts\/434338","targetHints":{"allow":["GET"]}}],"collection":[{"href":"https:\/\/www.europesays.com\/fr\/wp-json\/wp\/v2\/posts"}],"about":[{"href":"https:\/\/www.europesays.com\/fr\/wp-json\/wp\/v2\/types\/post"}],"author":[{"embeddable":true,"href":"https:\/\/www.europesays.com\/fr\/wp-json\/wp\/v2\/users\/2"}],"replies":[{"embeddable":true,"href":"https:\/\/www.europesays.com\/fr\/wp-json\/wp\/v2\/comments?post=434338"}],"version-history":[{"count":0,"href":"https:\/\/www.europesays.com\/fr\/wp-json\/wp\/v2\/posts\/434338\/revisions"}],"wp:featuredmedia":[{"embeddable":true,"href":"https:\/\/www.europesays.com\/fr\/wp-json\/wp\/v2\/media\/434339"}],"wp:attachment":[{"href":"https:\/\/www.europesays.com\/fr\/wp-json\/wp\/v2\/media?parent=434338"}],"wp:term":[{"taxonomy":"category","embeddable":true,"href":"https:\/\/www.europesays.com\/fr\/wp-json\/wp\/v2\/categories?post=434338"},{"taxonomy":"post_tag","embeddable":true,"href":"https:\/\/www.europesays.com\/fr\/wp-json\/wp\/v2\/tags?post=434338"}],"curies":[{"name":"wp","href":"https:\/\/api.w.org\/{rel}","templated":true}]}}