{"id":434344,"date":"2025-10-02T18:57:14","date_gmt":"2025-10-02T18:57:14","guid":{"rendered":"https:\/\/www.europesays.com\/fr\/434344\/"},"modified":"2025-10-02T18:57:14","modified_gmt":"2025-10-02T18:57:14","slug":"pour-dautres-enfants-dautres-familles-quatre-mois-apres-la-perte-du-nourrisson-de-francois-koh-lanta-on-sait-enfin-ce-quil-sest-passe","status":"publish","type":"post","link":"https:\/\/www.europesays.com\/fr\/434344\/","title":{"rendered":"\u00ab\u00a0Pour d&rsquo;autres enfants, d&rsquo;autres familles\u00a0\u00bb : Quatre mois apr\u00e8s la perte du nourrisson de Fran\u00e7ois (Koh-Lanta), on sait enfin ce qu&rsquo;il s&rsquo;est pass\u00e9"},"content":{"rendered":"<p>            <img loading=\"lazy\" decoding=\"async\" src=\"https:\/\/www.europesays.com\/fr\/wp-content\/uploads\/2025\/04\/67-60dc2d2db82b7-35x35-1.jpg\" class=\"author-article-picture\" width=\"35\" height=\"35\"\/><\/p>\n<p>                Par<br \/>\n                                    <a class=\"author-article-bio-link\" href=\"https:\/\/www.purepeople.com\/auteur\/hiba-semali_a67\" rel=\"nofollow noopener\" target=\"_blank\">Hiba Semali<\/a><br \/>\n                                                    | R\u00e9dactrice<\/p>\n<p>\n                Rattach\u00e9e \u00e0 la rubrique t\u00e9l\u00e9, Hiba Semali se consacre au petit \u00e9cran. The Voice, Koh-Lanta, Top Chef, Secret Story, Star Academy ou encore Les Marseillais n&rsquo;ont aucun secret pour elle.\n            <\/p>\n<p>\n    Fran\u00e7ois, gagnant de \u00ab\u00a0Koh-Lanta\u00a0\u00bb il y a maintenant trois ans, a perdu son b\u00e9b\u00e9. Le petit Noah n&rsquo;avait pas encore un mois de vie lorsque son c\u00e9l\u00e8bre papa a annonc\u00e9 son d\u00e9c\u00e8s. Alors qu&rsquo;on ne connaissait pas les causes de la mort, l&rsquo;aventurier en dit d\u00e9sormais plus, pour la bonne cause.\n<\/p>\n<p>                            <img loading=\"lazy\" decoding=\"async\" class=\"player-thumbnail\" src=\"https:\/\/www.europesays.com\/fr\/wp-content\/uploads\/2025\/10\/bea9938ca014a4eb-580x326-2.jpg\" width=\"580\" height=\"326\"\/><\/p>\n<p>                    \u00ab\u00a0Pour d&rsquo;autres enfants, d&rsquo;autres familles\u00a0\u00bb : Quatre mois apr\u00e8s la perte du nourrisson de Fran\u00e7ois (Koh-Lanta), on sait enfin ce qu&rsquo;il s&rsquo;est pass\u00e9<\/p>\n<p>La suite apr\u00e8s la publicit\u00e9<\/p>\n<p>Quelle \u00e9preuve&#8230; En juin dernier, un aventurier de Koh-Lanta annon\u00e7ait une bien triste nouvelle. <a href=\"https:\/\/www.purepeople.com\/article\/francois-koh-lanta-son-gros-cheque-aux-orphelins-des-pompiers-3-mois-apres-sa-victoire_a497903\/1\" rel=\"nofollow noopener\" target=\"_blank\">Fran\u00e7ois, le pompier r\u00e9v\u00e9l\u00e9 en 2022<\/a> dans l&rsquo;\u00e9dition du Totem maudit, prenait la parole sur les r\u00e9seaux sociaux afin de communiquer <a href=\"https:\/\/www.purepeople.com\/article\/un-gagnant-de-koh-lanta-perd-son-bebe-moins-dun-mois-apres-la-naissance-la-vie-a-decide-de-te-rappeler-si-tot_a538880\/1\" rel=\"nofollow noopener\" target=\"_blank\">la mort de son b\u00e9b\u00e9, moins d&rsquo;un mois apr\u00e8s sa naissance<\/a>. \u00ab\u00a0La vie a d\u00e9cid\u00e9 de te rappeler dans les \u00e9toiles si t\u00f4t mon ange\u2026 C\u2019est le c\u0153ur lourd, \u00e0 jamais charg\u00e9 de ton regard et de ta douceur que nous te disons au revoir mon Noah, mon ptit gars\u00a0\u00bb, pouvait-on lire. Quatre mois plus tard, le <a href=\"https:\/\/www.purepeople.com\/article\/koh-lanta-la-finale-le-nom-du-grand-gagnant-revele_a493254\/1\" rel=\"nofollow noopener\" target=\"_blank\">grand gagnant de sa saison, ex-aequo avec Bastien<\/a>, donne des nouvelles sur Instagram.<\/p>\n<p>C&rsquo;est une photo \u00e0 trois : Fran\u00e7ois, qui tient la main de sa compagne Sophie, qui tient elle-m\u00eame la main de <a href=\"https:\/\/www.purepeople.com\/article\/koh-lanta-un-gagnant-papa-en-secret-revelation-bien-longtemps-apres-et-confidences_a493932\/1\" rel=\"nofollow noopener\" target=\"_blank\">leur premier enfant, un gar\u00e7on pr\u00e9nomm\u00e9 Elio et \u00e2g\u00e9 de 2 ans<\/a>. Le trio appara\u00eet de dos, \u00e0 la plage. Un moment suspendu&#8230; \u00ab\u00a0<strong>Le d\u00e9part de Noah est une blessure que rien n\u2019effacera<\/strong> mais la lumi\u00e8re qu\u2019il laisse derri\u00e8re lui la transforme en force et en amour\u00a0\u00bb, peut-on lire en l\u00e9gende. Apr\u00e8s la peine et la douleur, place \u00e0 l&rsquo;espoir pour d&rsquo;autres enfants : \u00ab\u00a0\u00c0 travers la cagnotte que nous avions ouverte aupr\u00e8s de nos proches, des milliers d\u2019euros ont d\u00e9j\u00e0 \u00e9t\u00e9 revers\u00e9s \u00e0 @institut_imagine de l\u2019h\u00f4pital Necker qui \u0153uvre dans la recherche et les soins sur les maladies g\u00e9n\u00e9tiques aupr\u00e8s des enfants malades.\u00a0C\u2019est notre fa\u00e7on de transformer cette \u00e9preuve en quelque chose de plus grand : en espoir et en soutien pour d\u2019autres enfants et d\u2019autres familles. Merci \u00e0 tous ceux qui nous entourent. <strong>Votre soutien et vos dons font partie de l\u2019h\u00e9ritage de Noah<\/strong>.\u00a0\u00bb Ainsi, Fran\u00e7ois appelle aux dons\u00a0pour cette cause qui lui tient \u00ab\u00a0d\u00e9sormais profond\u00e9ment \u00e0 c\u0153ur\u00a0\u00bb et pr\u00e9cise que \u00ab\u00a0chaque don fait la diff\u00e9rence\u00a0\u00bb.<\/p>\n<p>Fran\u00e7ois (Koh-Lanta) face \u00e0 la mort de son b\u00e9b\u00e9, son appel aux dons poignant<\/p>\n<p>Fran\u00e7ois traverse une \u00e9preuve compliqu\u00e9e. Il avait d&rsquo;abord, avec joie, annonc\u00e9 <a href=\"https:\/\/www.purepeople.com\/article\/un-ancien-gagnant-de-koh-lanta-bientot-papa-pour-la-2e-fois-sa-charmante-compagne-devoile-son-ventre-deja-tres-arrondi_a532777\/1\" rel=\"nofollow noopener\" target=\"_blank\">la grossesse de sa ch\u00e8re et tendre Sophie<\/a> en janvier dernier. Puis, en juin, coup de tonnerre lorsqu&rsquo;il est contraint de faire face \u00e0 la mort de son petit Noah, n\u00e9 quelques semaines plus t\u00f4t. Mais jusqu&rsquo;alors, l&rsquo;aventurier de Koh-Lanta n&rsquo;avait jamais \u00e9voqu\u00e9 les raisons du d\u00e9c\u00e8s de son gar\u00e7on. A travers ce post publi\u00e9 sur Instagram ce jeudi 2 octobre 2025, il indique que <strong>Noah s&rsquo;en est all\u00e9 en raison d&rsquo;une maladie g\u00e9n\u00e9tique<\/strong>, sans toutefois donner plus de d\u00e9tails sur le sujet.<\/p>\n","protected":false},"excerpt":{"rendered":"Par Hiba Semali | R\u00e9dactrice Rattach\u00e9e \u00e0 la rubrique t\u00e9l\u00e9, Hiba Semali se consacre au petit \u00e9cran. The&hellip;\n","protected":false},"author":2,"featured_media":434345,"comment_status":"","ping_status":"","sticky":false,"template":"","format":"standard","meta":{"footnotes":""},"categories":[1356],"tags":[58,59,1011,27,252,1364],"class_list":{"0":"post-434344","1":"post","2":"type-post","3":"status-publish","4":"format-standard","5":"has-post-thumbnail","7":"category-television","8":"tag-divertissement","9":"tag-entertainment","10":"tag-fr","11":"tag-france","12":"tag-television","13":"tag-tv"},"share_on_mastodon":{"url":"https:\/\/pubeurope.com\/@fr\/115306106294155971","error":""},"_links":{"self":[{"href":"https:\/\/www.europesays.com\/fr\/wp-json\/wp\/v2\/posts\/434344","targetHints":{"allow":["GET"]}}],"collection":[{"href":"https:\/\/www.europesays.com\/fr\/wp-json\/wp\/v2\/posts"}],"about":[{"href":"https:\/\/www.europesays.com\/fr\/wp-json\/wp\/v2\/types\/post"}],"author":[{"embeddable":true,"href":"https:\/\/www.europesays.com\/fr\/wp-json\/wp\/v2\/users\/2"}],"replies":[{"embeddable":true,"href":"https:\/\/www.europesays.com\/fr\/wp-json\/wp\/v2\/comments?post=434344"}],"version-history":[{"count":0,"href":"https:\/\/www.europesays.com\/fr\/wp-json\/wp\/v2\/posts\/434344\/revisions"}],"wp:featuredmedia":[{"embeddable":true,"href":"https:\/\/www.europesays.com\/fr\/wp-json\/wp\/v2\/media\/434345"}],"wp:attachment":[{"href":"https:\/\/www.europesays.com\/fr\/wp-json\/wp\/v2\/media?parent=434344"}],"wp:term":[{"taxonomy":"category","embeddable":true,"href":"https:\/\/www.europesays.com\/fr\/wp-json\/wp\/v2\/categories?post=434344"},{"taxonomy":"post_tag","embeddable":true,"href":"https:\/\/www.europesays.com\/fr\/wp-json\/wp\/v2\/tags?post=434344"}],"curies":[{"name":"wp","href":"https:\/\/api.w.org\/{rel}","templated":true}]}}