{"id":434346,"date":"2025-10-02T18:58:23","date_gmt":"2025-10-02T18:58:23","guid":{"rendered":"https:\/\/www.europesays.com\/fr\/434346\/"},"modified":"2025-10-02T18:58:23","modified_gmt":"2025-10-02T18:58:23","slug":"un-moment-decisif-de-ma-vie","status":"publish","type":"post","link":"https:\/\/www.europesays.com\/fr\/434346\/","title":{"rendered":"Un moment d\u00e9cisif de ma vie"},"content":{"rendered":"<p>Lulu Gainsbourg a fait quelques confidences dans les colonnes de Gala, en kiosque ce jeudi 2 octobre. Le fils de Serge Gainsbourg et de Caroline Elisabeth Paulus, surnomm\u00e9e Bambou, est notamment revenu sur sa rencontre avec sa bien-aim\u00e9e Lilou.<\/p>\n<p>Fils de <a href=\"https:\/\/www.programme-tv.net\/news\/people\/388223-maison-de-serge-gainsbourg-pourquoi-sa-fille-charlotte-risque-tres-gros-devant-le-tribunal-ce-mercredi\/\" data-api-deeplink=\"teleloisirs:\/\/news\/388223\" target=\"_blank\" rel=\"noopener\">Serge Gainsbourg<\/a> et de Caroline Elisabeth Paulus, surnomm\u00e9e <a href=\"https:\/\/www.programme-tv.net\/news\/people\/370065-il-m-a-envoye-chier-bambou-la-derniere-compagne-de-serge-gainsbourg-revele-qu-il-avait-refuse-d-adopter-un-enfant\/\" data-api-deeplink=\"teleloisirs:\/\/news\/370065\" target=\"_blank\" rel=\"noopener\">Bambou<\/a>, Lulu Gainsbourg poursuit son chemin dans le monde de la musique. \u00c0 l&rsquo;occasion de la sortie de son nouveau disque Nuit infinie chez Warner Music, l&rsquo;artiste de 39 ans a fait quelques confidences dans les colonnes de Gala, en kiosque ce jeudi 2 octobre. C\u00f4t\u00e9 c\u0153ur, <a href=\"https:\/\/www.programme-tv.net\/news\/musique\/287041-lulu-gainsbourg-le-fils-de-serge-gainsbourg-se-confie-sur-sa-rencontre-avec-sa-compagne\/\" data-api-deeplink=\"teleloisirs:\/\/news\/287041\" target=\"_blank\" rel=\"noopener\">Lulu Gainsbourg file le parfait amour avec sa compagne Lilou<\/a>, de son vrai nom Aur\u00e9lie Bossu, depuis douze ans. La jeune femme, qui est auteure-compositrice, a d&rsquo;ailleurs collabor\u00e9 avec le chanteur dans son projet.<\/p>\n<p>Lulu Gainsbourg se confie sur sa premi\u00e8re rencontre avec sa compagne Lilou : \u00ab\u00a0J<b>\u2019\u00e9tais convaincu de vivre un moment d\u00e9cisif de ma vie\u00a0\u00bb<\/b><\/p>\n<p>Aupr\u00e8s de nos confr\u00e8res, <a href=\"https:\/\/www.programme-tv.net\/news\/musique\/377638-jai-perdu-mon-papa-quand-javais-5-ans-le-fils-de-serge-gainsbourg-lulu-gainsbourg-evoque-la-mort-de-son-pere\/\" data-api-deeplink=\"teleloisirs:\/\/news\/377638\" target=\"_blank\" rel=\"noopener\">Lulu Gainsbourg<\/a> s&rsquo;est souvenu de sa rencontre avec sa bien-aim\u00e9e Lilou. Le couple s&rsquo;est retrouv\u00e9 pour la premi\u00e8re au Buddha-Bar, un restaurant situ\u00e9 \u00e0 Paris. \u00ab\u00a0On avait rendez-vous \u00e0 23 h 30 et je suis arriv\u00e9 en avance, avec le c\u0153ur qui battait \u00e0 fond\u00a0\u00bb, a racont\u00e9 l&rsquo;artiste, avant d&rsquo;expliquer avoir \u00e9t\u00e9 stress\u00e9 : <b>\u00ab\u00a0J\u2019ai bu une ou deux tequilas, pour faire descendre la pression. Elle ne le savait pas, mais j\u2019\u00e9tais convaincu de vivre un moment d\u00e9cisif de ma vie<\/b><b>\u00ab\u00a0<\/b>. Avant ce premier t\u00eate-\u00e0-t\u00eate, les deux tourtereaux se sont rencontr\u00e9s sur les r\u00e9seaux sociaux. \u00ab\u00a0J\u2019avais d\u00e9couvert Lilou sur Instagram six mois avant. En voyant ses yeux, ses l\u00e8vres, je me suis dit\u2026 que j\u2019aimerais bien l\u2019embrasser. En la rencontrant, j\u2019ai su pourquoi. Mon instinct ne m\u2019avait pas tromp\u00e9 car, douze ans apr\u00e8s, elle est encore \u00e0 mes c\u00f4t\u00e9s\u00a0\u00bb, a exprim\u00e9 <a href=\"https:\/\/www.programme-tv.net\/news\/musique\/377638-jai-perdu-mon-papa-quand-javais-5-ans-le-fils-de-serge-gainsbourg-lulu-gainsbourg-evoque-la-mort-de-son-pere\/\" data-api-deeplink=\"teleloisirs:\/\/news\/377638\" target=\"_blank\" rel=\"noopener\">le fils Serge Gainsbourg et de Caroline Elisabeth Paulus.  <\/a><\/p>\n<p>                        Lulu Gainsbourg \u00e9voque son p\u00e8re Serge Gainsbourg : \u00ab\u00a0Celui que je vois d\u2019abord en lui, ce n\u2019est pas l\u2019artiste, c\u2019est mon papa\u00a0\u00bb<\/p>\n<p>Dans ce m\u00eame entretien, Lulu Gainsbourg est revenu sur la premi\u00e8re fois o\u00f9 il a compris que son p\u00e8re, <a href=\"https:\/\/www.programme-tv.net\/news\/musique\/377638-jai-perdu-mon-papa-quand-javais-5-ans-le-fils-de-serge-gainsbourg-lulu-gainsbourg-evoque-la-mort-de-son-pere\/\" data-api-deeplink=\"teleloisirs:\/\/news\/377638\" target=\"_blank\" rel=\"noopener\">Serge Gainsbourg<\/a>, \u00e9tait un artiste de renom. \u00ab\u00a0(&#8230;) Un jour, je me suis pos\u00e9. Pour la premi\u00e8re fois, j\u2019ai \u00e9cout\u00e9 avec attention La Chanson de Pr\u00e9vert et me suis rendu compte de la qualit\u00e9 de son \u00e9criture. Malgr\u00e9 tout, celui que je vois d\u2019abord en lui, ce n\u2019est pas l\u2019artiste, c\u2019est mon papa\u00a0\u00bb, a-t-il confi\u00e9.<\/p>\n","protected":false},"excerpt":{"rendered":"Lulu Gainsbourg a fait quelques confidences dans les colonnes de Gala, en kiosque ce jeudi 2 octobre. Le&hellip;\n","protected":false},"author":2,"featured_media":434347,"comment_status":"","ping_status":"","sticky":false,"template":"","format":"standard","meta":{"footnotes":""},"categories":[1355],"tags":[244,58,59,1011,27,56207,1361,873,15548,1630],"class_list":{"0":"post-434346","1":"post","2":"type-post","3":"status-publish","4":"format-standard","5":"has-post-thumbnail","7":"category-musique","8":"tag-commentaire","9":"tag-divertissement","10":"tag-entertainment","11":"tag-fr","12":"tag-france","13":"tag-lulu-gainsbourg","14":"tag-music","15":"tag-musique","16":"tag-serge-gainsbourg","17":"tag-zapping"},"share_on_mastodon":{"url":"https:\/\/pubeurope.com\/@fr\/115306109662832201","error":""},"_links":{"self":[{"href":"https:\/\/www.europesays.com\/fr\/wp-json\/wp\/v2\/posts\/434346","targetHints":{"allow":["GET"]}}],"collection":[{"href":"https:\/\/www.europesays.com\/fr\/wp-json\/wp\/v2\/posts"}],"about":[{"href":"https:\/\/www.europesays.com\/fr\/wp-json\/wp\/v2\/types\/post"}],"author":[{"embeddable":true,"href":"https:\/\/www.europesays.com\/fr\/wp-json\/wp\/v2\/users\/2"}],"replies":[{"embeddable":true,"href":"https:\/\/www.europesays.com\/fr\/wp-json\/wp\/v2\/comments?post=434346"}],"version-history":[{"count":0,"href":"https:\/\/www.europesays.com\/fr\/wp-json\/wp\/v2\/posts\/434346\/revisions"}],"wp:featuredmedia":[{"embeddable":true,"href":"https:\/\/www.europesays.com\/fr\/wp-json\/wp\/v2\/media\/434347"}],"wp:attachment":[{"href":"https:\/\/www.europesays.com\/fr\/wp-json\/wp\/v2\/media?parent=434346"}],"wp:term":[{"taxonomy":"category","embeddable":true,"href":"https:\/\/www.europesays.com\/fr\/wp-json\/wp\/v2\/categories?post=434346"},{"taxonomy":"post_tag","embeddable":true,"href":"https:\/\/www.europesays.com\/fr\/wp-json\/wp\/v2\/tags?post=434346"}],"curies":[{"name":"wp","href":"https:\/\/api.w.org\/{rel}","templated":true}]}}