{"id":434358,"date":"2025-10-02T19:05:11","date_gmt":"2025-10-02T19:05:11","guid":{"rendered":"https:\/\/www.europesays.com\/fr\/434358\/"},"modified":"2025-10-02T19:05:11","modified_gmt":"2025-10-02T19:05:11","slug":"a-manchester-le-periple-meurtrier-dun-terroriste-au-couteau-pres-dune-synagogue-le-jour-de-yom-kippour","status":"publish","type":"post","link":"https:\/\/www.europesays.com\/fr\/434358\/","title":{"rendered":"\u00e0 Manchester,\u00a0le p\u00e9riple meurtrier d\u2019un terroriste au couteau pr\u00e8s d\u2019une synagogue, le jour de Yom Kippour"},"content":{"rendered":"<p><strong>R\u00c9CIT <\/strong>&#8211; Deux personnes sont mortes et quatre ont \u00e9t\u00e9 gri\u00e8vement bless\u00e9es jeudi matin par cet assaillant pr\u00e8s d\u2019une synagogue en plein Yom Kippour, le jour le plus saint du calendrier juif.<\/p>\n<p class=\"fig-paragraph\">La matin\u00e9e commen\u00e7ait \u00e0 peine mais elle \u00e9tait fervente, dans la synagogue de Heaton Park, en ce jour de Yom Kippour. \u00c0 9 heures 31, tout bascule. La police est appel\u00e9e pour une voiture ayant fonc\u00e9 sur la foule dans ce quartier de Crumpsall, au nord de Manchester, \u00e0 six kilom\u00e8tres du centre de la m\u00e9tropole du Nord. On signale un homme poignard\u00e9. L\u2019intervention est rapide. \u00c0 9h38, la police du Grand Manchester (GMP) abat l\u2019attaquant. En milieu d\u2019apr\u00e8s-midi, le drame est officiellement qualifi\u00e9 \u00ab d\u2019attaque terroriste\u00a0\u00bb.\u00a0<a href=\"http:\/\/www.lefigaro.fr\/international\/royaume-uni-attaque-au-couteau-au-dehors-d-une-synagogue-au-nord-de-manchester-20251002\" target=\"_blank\" data-fig-type=\"NewsFlash\" rel=\"noopener nofollow\" data-gtm-custom-categorie=\"navigation\" data-gtm-custom-action=\"crossclick\" data-gtm-custom-label=\"Contextuel\" data-gtm-event=\"customEventSPE\" data-fig-domain=\"LEFIGARO\">Le bilan est pour l\u2019heure de deux morts<\/a>, avec quatre autres personnes dans un \u00e9tat grave, bless\u00e9es par la voiture ou des coups de couteaux.<\/p>\n<p class=\"fig-paragraph\">Dans ce quartier qui abrite une importante\u00a0<a href=\"http:\/\/www.lefigaro.fr\/livres\/arthur-sort-un-premier-livre-pour-alerter-sur-la-solitude-et-la-peur-des-francais-juifs-20250930\" target=\"_blank\" data-fig-type=\"NewsFlash\" rel=\"noopener nofollow\" data-gtm-custom-categorie=\"navigation\" data-gtm-custom-action=\"crossclick\" data-gtm-custom-label=\"Contextuel\" data-gtm-event=\"customEventSPE\" data-fig-domain=\"LEFIGARO\">communaut\u00e9 juive<\/a>, de nombreux fid\u00e8les \u00e9taient rassembl\u00e9s en ce jour le plus saint du calendrier juif, \u00e0 la Heaton Park Hebrew Congregation Synagogue. Le recueillement bascule dans l\u2019horreur quand le terroriste fonce avec son v\u00e9hicule sur les passants. Puis, il sort de sa voiture, franchit un\u2026<\/p>\n<p class=\"fig-premium-paywall__infos\">\n        Cet article est r\u00e9serv\u00e9 aux abonn\u00e9s.        Il vous reste 83% \u00e0 d\u00e9couvrir.\n    <\/p>\n<p>                <img  data- alt=\"Le Figaro\" class=\"fig-img--complete fig-img\"\/><\/p>\n<p class=\"fig-premium-paywall__title\">Vous avez envie de lire la suite ?<\/p>\n<p class=\"fig-premium-paywall__subtitle\">D\u00e9bloquez tous les articles imm\u00e9diatement.<\/p>\n<p class=\"fig-premium-paywall__connect\">\n                D\u00e9j\u00e0 abonn\u00e9\u00a0?                <a class=\"fig-premium-paywall__connect-link\" href=\"https:\/\/connect.lefigaro.fr\/login?client=horizon_web&amp;type=main&amp;redirect_uri=https%3A%2F%2Fwww.lefigaro.fr%2Finternational%2Fpersonne-ne-s-approchait-de-lui-a-manchester-le-periple-meurtrier-d-un-terroriste-au-couteau-pres-d-une-synagogue-le-jour-de-yom-kippour-20251002\" data-js-gtm=\"{&quot;customCategorie&quot;: &quot;conversion&quot;, &quot;customAction&quot;: &quot;before_Landing_Connexion_paywall_auto&quot;, &quot;customLabel&quot;: &quot;bGVmaWdhcm8uZnJfXzFmMDlmYTg4LTNjNjYtNjY4OC05NDcwLWNmZTZmOWUzZDBiY19fQXJ0aWNsZQ==_\u00abPersonne ne s\u2019approchait de lui\u00bb\u00a0: \u00e0 Manchester,\u00a0le p\u00e9riple meurtrier d\u2019un terroriste au couteau pr\u00e8s d\u2019une synagogue, le jour de Yom Kippour_333&quot;, &quot;customIDSPE&quot;: &quot;bGVmaWdhcm8uZnJfXzFmMDlmYTg4LTNjNjYtNjY4OC05NDcwLWNmZTZmOWUzZDBiY19fQXJ0aWNsZQ==&quot;, &quot;event&quot;: &quot;customEventSPE&quot;}\" rel=\"nofollow noopener\" target=\"_blank\"><br \/>\n                    Connectez-vous<br \/>\n                <\/a>\n            <\/p>\n","protected":false},"excerpt":{"rendered":"R\u00c9CIT &#8211; Deux personnes sont mortes et quatre ont \u00e9t\u00e9 gri\u00e8vement bless\u00e9es jeudi matin par cet assaillant pr\u00e8s&hellip;\n","protected":false},"author":2,"featured_media":434359,"comment_status":"","ping_status":"","sticky":false,"template":"","format":"standard","meta":{"footnotes":""},"categories":[5],"tags":[11,6155,1011,27,14,3491,12,28],"class_list":{"0":"post-434358","1":"post","2":"type-post","3":"status-publish","4":"format-standard","5":"has-post-thumbnail","7":"category-international","8":"tag-actualites","9":"tag-antisemitisme","10":"tag-fr","11":"tag-france","12":"tag-international","13":"tag-manchester","14":"tag-news","15":"tag-world"},"share_on_mastodon":{"url":"https:\/\/pubeurope.com\/@fr\/115306137176287040","error":""},"_links":{"self":[{"href":"https:\/\/www.europesays.com\/fr\/wp-json\/wp\/v2\/posts\/434358","targetHints":{"allow":["GET"]}}],"collection":[{"href":"https:\/\/www.europesays.com\/fr\/wp-json\/wp\/v2\/posts"}],"about":[{"href":"https:\/\/www.europesays.com\/fr\/wp-json\/wp\/v2\/types\/post"}],"author":[{"embeddable":true,"href":"https:\/\/www.europesays.com\/fr\/wp-json\/wp\/v2\/users\/2"}],"replies":[{"embeddable":true,"href":"https:\/\/www.europesays.com\/fr\/wp-json\/wp\/v2\/comments?post=434358"}],"version-history":[{"count":0,"href":"https:\/\/www.europesays.com\/fr\/wp-json\/wp\/v2\/posts\/434358\/revisions"}],"wp:featuredmedia":[{"embeddable":true,"href":"https:\/\/www.europesays.com\/fr\/wp-json\/wp\/v2\/media\/434359"}],"wp:attachment":[{"href":"https:\/\/www.europesays.com\/fr\/wp-json\/wp\/v2\/media?parent=434358"}],"wp:term":[{"taxonomy":"category","embeddable":true,"href":"https:\/\/www.europesays.com\/fr\/wp-json\/wp\/v2\/categories?post=434358"},{"taxonomy":"post_tag","embeddable":true,"href":"https:\/\/www.europesays.com\/fr\/wp-json\/wp\/v2\/tags?post=434358"}],"curies":[{"name":"wp","href":"https:\/\/api.w.org\/{rel}","templated":true}]}}