{"id":434365,"date":"2025-10-02T19:09:13","date_gmt":"2025-10-02T19:09:13","guid":{"rendered":"https:\/\/www.europesays.com\/fr\/434365\/"},"modified":"2025-10-02T19:09:13","modified_gmt":"2025-10-02T19:09:13","slug":"equipe-de-france-recale-par-saint-etienne-et-appele-chez-les-bleus-qui-est-letonnant-jean-philippe-mateta","status":"publish","type":"post","link":"https:\/\/www.europesays.com\/fr\/434365\/","title":{"rendered":"\u00c9quipe de France\u00a0: recal\u00e9 par Saint-\u00c9tienne et appel\u00e9 chez les Bleus, qui est l\u2019\u00e9tonnant Jean-Philippe Mateta\u00a0?"},"content":{"rendered":"<p class=\"paragraph text_align_left lp-f-body-02\">Un nouveau chapitre dans la carri\u00e8re caboss\u00e9e de Jean-Philippe Mateta. \u00c0 28 ans, l\u2019avant-centre de Crystal Palace (Premier League) a \u00e9t\u00e9 appel\u00e9 ce jeudi pour la premi\u00e8re fois en \u00e9quipe de France A par <a href=\"https:\/\/www.leparisien.fr\/sports\/football\/equipe-de-france\/equipe-de-france-il-a-une-capacite-a-marquer-des-buts-explique-didier-deschamps-sur-la-surprise-mateta-02-10-2025-Q36OLYHKFZDWPDYVZX4S3CQOVY.php\" target=\"_blank\" rel=\"noreferrer noopener\">Didier Deschamps<\/a> pour les deux rencontres des \u00e9liminatoires de la <a href=\"https:\/\/www.leparisien.fr\/sports\/football\/coupe-du-monde\/\" target=\"_blank\" rel=\"noreferrer noopener\">Coupe du monde 2026<\/a> contre l\u2019Azerba\u00efdjan (10 octobre) au Parc des Princes et en Islande (13 octobre). Une forme d\u2019aboutissement pour ce joueur originaire d\u2019\u00cele-de-France qui a d\u00e9marr\u00e9 le foot \u00e0 Sevran, sa ville natale, avant de rallier (2011-2014) la JA Drancy, r\u00e9put\u00e9e la qualit\u00e9 de sa formation.<\/p>\n<p class=\"paragraph text_align_left lp-f-body-02\">\u00ab C\u2019\u00e9tait un gar\u00e7on qui n\u2019\u00e9tait pas pr\u00e9vu pour avoir cette carri\u00e8re mais il \u00e9tait d\u00e9termin\u00e9 \u00bb, se souvient Guillaume Courtaud, le directeur technique du club de Seine-Saint-Denis. Derri\u00e8re le super joueur dot\u00e9 d\u2019une puissance athl\u00e9tique importante, c\u2019\u00e9tait aussi un gamin avec un \u00e9tat d\u2019esprit remarquable et exemplaire. Il faisait rire tout le monde. C\u2019\u00e9tait un \u00e9quipier mod\u00e8le. \u00bb<\/p>\n<p><img decoding=\"async\" class=\"image \" loading=\"lazy\" src=\"https:\/\/www.europesays.com\/fr\/wp-content\/uploads\/2025\/10\/7UMTIBWBDRAM3BIA5DTY7DPNCY.jpg\" alt=\"Avec Crystal Palace, Jean-Philippe Mateta (\u00e0 gauche) affrontait Liverpool et Ibrahima Konat\u00e9 le 27 septembre 2025.\" align=\"\" data-rubrique-principale=\"\" data-article-type=\"\" fetchpriority=\"auto\"\/>Avec Crystal Palace, Jean-Philippe Mateta (\u00e0 gauche) affrontait Liverpool et Ibrahima Konat\u00e9 le 27 septembre 2025. <\/p>\n<p class=\"paragraph text_align_left lp-f-body-02\">Le responsable de la JAD poursuit : \u00ab \u00e0 cette \u00e9poque, nous avions un partenariat avec Saint-\u00c9tienne. Durant sa derni\u00e8re saison en U17 DH \u00e0 l\u2019issue de laquelle il avait fini meilleur buteur, j\u2019avais eu un entretien avec son papa et le recruteur des Verts. Celui-ci nous avait dit qu\u2019il \u00e9tait trop juste sur sa qualit\u00e9 technique, notamment sur les deux pieds. Pour eux, \u00e7a ne passait pas. Jean-Philippe est alors parti \u00e0 Ch\u00e2teauroux, club avec lequel nous avions d\u2019excellentes relations. \u00bb<\/p>\n<p>L\u2019aventure \u00e0 l\u2019Olympique lyonnais tourne court<\/p>\n<p class=\"paragraph text_align_left lp-f-body-02\">En janvier 2016, Jean-Philippe Mateta signe son premier contrat professionnel avec Ch\u00e2teauroux d\u2019une dur\u00e9e de trois saisons. Ses performances en National incitent l\u2019Olympique lyonnais \u00e0 le recruter huit mois plus tard pour pallier les blessures de Fekir et<a href=\"https:\/\/www.leparisien.fr\/sports\/football\/ligue-1\/ligue-1-on-veut-remercier-alex-lol-honore-lacazette-pour-son-dernier-match-14-05-2025-M7TCHBJZ3JC5PL2PRSGYO52OTU.php\" target=\"_blank\" rel=\"noreferrer noopener\"> Lacazette<\/a>. Parti sans doute trop haut trop vite, Mateta ne s\u2019adapte pas chez cette grosse \u00e9curie de L1 (seulement 86 minutes de jeu la premi\u00e8re ann\u00e9e).<\/p>\n<p class=\"paragraph text_align_left lp-f-body-02\">Son pr\u00eat au Havre (en L2) et son transfert \u00e0 Mayence (Bundesliga) le relancent et en font un attaquant courtis\u00e9. Crystal Palace, club habitu\u00e9 au maintien en Premier League, l\u2019engage en 2021. Il \u00e9carte la concurrence sur le front de l\u2019attaque des Eagles pour devenir le fer de lance de cette \u00e9quipe qui conna\u00eet les meilleurs r\u00e9sultats de son histoire avec son Frenchy (victoire en FA Cup l\u2019an pass\u00e9, premi\u00e8re qualification europ\u00e9enne cette saison).<\/p>\n<p>Plac\u00e9 sous assistance respiratoire apr\u00e8s un choc<\/p>\n<p class=\"paragraph text_align_left lp-f-body-02\">L\u2019an pass\u00e9, sa carri\u00e8re aurait pourtant pu s\u2019arr\u00eater net apr\u00e8s un choc violent \u00e0 la t\u00eate avec le portier de Millwall en Cup. Sous assistance respiratoire, il est transport\u00e9 \u00e0 l\u2019h\u00f4pital et a besoin de vingt-cinq points de suture pour soigner une grave lac\u00e9ration \u00e0 l\u2019oreille gauche.<\/p>\n<p class=\"paragraph text_align_left lp-f-body-02\">\u00ab Un sp\u00e9cialiste en chirurgie plastique est venu et il a pris des photos de mon oreille qu\u2019il a refus\u00e9 de me montrer, pour qu\u2019elles ne restent pas dans ma t\u00eate, avait racont\u00e9 le goleador dans les colonnes de l\u2019\u00c9quipe. Visiblement, \u00e7a ne ressemblait plus \u00e0 une oreille\u2026 Au d\u00e9but de l\u2019op\u00e9ration, le chirurgien a eu beaucoup de mal, mais apr\u00e8s, comme il me l\u2019a expliqu\u00e9, il a trouv\u00e9 un chemin pour sauver mon oreille. Il a fait un sacr\u00e9 boulot. \u00bb Un mois plus tard, muni d\u2019un casque, il retrouvait les terrains puis inscrivait deux semaines plus tard l\u2019unique but des Eagles en demi-finale de la Cup.<\/p>\n<p class=\"paragraph text_align_left lp-f-body-02\">Le massif avant-centre s\u2019est surtout fait conna\u00eetre aupr\u00e8s du grand public lors des <a href=\"https:\/\/www.leparisien.fr\/jo-paris-2024\/\" target=\"_blank\" rel=\"noreferrer noopener\">JO de Paris<\/a> o\u00f9 il termine meilleur buteur des Bleus avec 5 r\u00e9alisations, toutes d\u00e9cisives. \u00ab Je suis tr\u00e8s content de mes performances. J\u2019ai quitt\u00e9 la France il y a longtemps et disputer cette finale au Parc des Princes va \u00eatre inoubliable \u00bb, d\u00e9clarait-il dans nos colonnes avant le revers contre l\u2019Espagne qui lui offrait n\u00e9anmoins une belle m\u00e9daille d\u2019argent. \u00ab Son \u00e9tat d\u2019esprit est top. Sur le terrain, jusqu\u2019\u00e0 la derni\u00e8re minute, il fait les courses, ne compte pas ses efforts et l\u00e0, il est r\u00e9compens\u00e9 \u00bb, pr\u00e9cisait alors son \u00e9quipier D\u00e9sir\u00e9 Dou\u00e9.<\/p>\n<p class=\"paragraph text_align_left lp-f-body-02\">Priv\u00e9 d\u2019<a href=\"https:\/\/www.leparisien.fr\/sports\/football\/ousmane-dembele\/\" target=\"_blank\" rel=\"noreferrer noopener\">Ousmane Demb\u00e9l\u00e9<\/a>, D\u00e9sir\u00e9 Dou\u00e9 et Marcus Thuram, le s\u00e9lectionneur national a d\u00e9cid\u00e9 de donner sa chance sur le tard \u00e0 ce buteur, d\u00e9j\u00e0 auteur de 4 buts cette saison (17 r\u00e9alisations et 4 passes d\u00e9cisives l\u2019an pass\u00e9). \u00ab Il le m\u00e9rite amplement, Jean-Philippe vient de faire une saison formidable avec son club et vient de reprendre avec autant d\u2019efficacit\u00e9, loue Jean-Luc Arribart, consultant Canal + sur la Premier League. C\u2019est un vrai leader d\u2019attaque. Mateta est devenu un tr\u00e8s bon avant-centre qui participe en plus au jeu et pas seulement un buteur. Il poss\u00e8de des qualit\u00e9s athl\u00e9tiques exceptionnelles et a le sens du but en se montrant adroit de la t\u00eate et des deux pieds. \u00bb Le Francilien esp\u00e8re d\u00e9sormais montrer toute sa panoplie avec le maillot bleu.<\/p>\n","protected":false},"excerpt":{"rendered":"Un nouveau chapitre dans la carri\u00e8re caboss\u00e9e de Jean-Philippe Mateta. \u00c0 28 ans, l\u2019avant-centre de Crystal Palace (Premier&hellip;\n","protected":false},"author":2,"featured_media":434366,"comment_status":"","ping_status":"","sticky":false,"template":"","format":"standard","meta":{"footnotes":""},"categories":[9653],"tags":[1111,11,2430,27345,1777,674,63,1011,27,12,25,4001,60],"class_list":{"0":"post-434365","1":"post","2":"type-post","3":"status-publish","4":"format-standard","5":"has-post-thumbnail","7":"category-saint-etienne","8":"tag-actu","9":"tag-actualites","10":"tag-auvergne-rhone-alpes","11":"tag-equipe_france_foot","12":"tag-eu","13":"tag-europe","14":"tag-football","15":"tag-fr","16":"tag-france","17":"tag-news","18":"tag-republique-francaise","19":"tag-saint-etienne","20":"tag-sports"},"share_on_mastodon":{"url":"https:\/\/pubeurope.com\/@fr\/115306153353069718","error":""},"_links":{"self":[{"href":"https:\/\/www.europesays.com\/fr\/wp-json\/wp\/v2\/posts\/434365","targetHints":{"allow":["GET"]}}],"collection":[{"href":"https:\/\/www.europesays.com\/fr\/wp-json\/wp\/v2\/posts"}],"about":[{"href":"https:\/\/www.europesays.com\/fr\/wp-json\/wp\/v2\/types\/post"}],"author":[{"embeddable":true,"href":"https:\/\/www.europesays.com\/fr\/wp-json\/wp\/v2\/users\/2"}],"replies":[{"embeddable":true,"href":"https:\/\/www.europesays.com\/fr\/wp-json\/wp\/v2\/comments?post=434365"}],"version-history":[{"count":0,"href":"https:\/\/www.europesays.com\/fr\/wp-json\/wp\/v2\/posts\/434365\/revisions"}],"wp:featuredmedia":[{"embeddable":true,"href":"https:\/\/www.europesays.com\/fr\/wp-json\/wp\/v2\/media\/434366"}],"wp:attachment":[{"href":"https:\/\/www.europesays.com\/fr\/wp-json\/wp\/v2\/media?parent=434365"}],"wp:term":[{"taxonomy":"category","embeddable":true,"href":"https:\/\/www.europesays.com\/fr\/wp-json\/wp\/v2\/categories?post=434365"},{"taxonomy":"post_tag","embeddable":true,"href":"https:\/\/www.europesays.com\/fr\/wp-json\/wp\/v2\/tags?post=434365"}],"curies":[{"name":"wp","href":"https:\/\/api.w.org\/{rel}","templated":true}]}}